{"id":24906,"date":"2025-11-29T03:23:31","date_gmt":"2025-11-29T07:23:31","guid":{"rendered":"https:\/\/agromt.news\/?p=24906"},"modified":"2025-11-29T03:23:31","modified_gmt":"2025-11-29T07:23:31","slug":"rs-avanca-na-colheita-da-aveia-branca-com-boa-qualidade","status":"publish","type":"post","link":"https:\/\/agromt.news\/?p=24906","title":{"rendered":"RS avan\u00e7a na colheita da aveia-branca com boa qualidade"},"content":{"rendered":"<p> <br \/>\n<\/p>\n<div>\n<div class=\"row\">\n<div class=\"col-lg col-infos mt-0 mt-lg-0\">\n<div class=\"section-sub-title\">\n<p itemprop=\"description\">&#13;<br \/>\n                                Colheita da aveia-branca est\u00e1 na reta final&#13;\n                            <\/p>\n<\/p><\/div>\n<div class=\"container\">\n<div class=\"row\">\n<div class=\"col-lg p-0\">\n<div>\n<div class=\"block-news-main-infos mt-3 text-start\">\n<p>                                            <strong class=\"fn\" itemprop=\"author\" style=\"color: rgb(112, 112, 112); \">&#13;<br \/>\n                                                <a href=\"https:\/\/www.agrolink.com.br\/noticias\/javascript:;\" class=\"text-uppercase\" target=\"_blank\" style=\"color: rgb(112, 112, 112); \" rel=\"noopener\">Agrolink<\/a>&#13;<br \/>\n&#13;<br \/>\n                                                    &#8211; Seane Lennon&#13;<br \/>\n&#13;<br \/>\n                                            <\/strong><br \/>\n                                        <\/p>\n<p>                                            <abbr><time datetime=\"2025 - 11 - 28T14:19\" itemprop=\"datePublished dateModified\"> Publicado em 28\/11\/2025 \u00e0s 14:19h.<\/time><\/abbr>\n                                    <\/div>\n<\/p><\/div>\n<\/p><\/div>\n<div class=\"col-lg p-0 text-lg-end\">\n<div>\n<div id=\"mdEnviarPagina\" class=\"modal fade\" role=\"dialog\">\n<div class=\"modal-dialog\">\n<div class=\"modal-content\">\n<div class=\"modal-body\">\n<p><strong>Estimado usu\u00e1rio.<\/strong><br \/>Preencha o formul\u00e1rio abaixo para remeter a p\u00e1gina.<\/p>\n<\/p><\/div>\n<\/p><\/div>\n<\/p><\/div>\n<\/div><\/div>\n<\/p><\/div>\n<\/p><\/div>\n<\/p><\/div>\n<\/p><\/div>\n<\/p><\/div>\n<div class=\"row justify-content-md-center mt-3\">\n<div class=\"col-lg-auto col-image block-news-main-image\">\n<p>                                <img decoding=\"async\" src=\"https:\/\/www.agrolink.com.br\/upload\/imagens-resizes\/0b90a9c07c6f46caa0330b50a29aeac3_858x483.jpg\" class=\"lazyload img-fluid\"\/><br \/>\n                                                <span class=\"publicity-photo d-block mt-1\">Foto: Canva<\/span><\/p><\/div>\n<\/p><\/div>\n<div class=\"section-description section-description-noticias mt-3\">\n<p style=\"text-align:justify\">De acordo com o Informativo Conjuntural divulgado pela Emater\/RS-Ascar nesta quinta-feira (28), a colheita de <a href=\"https:\/\/www.agrolink.com.br\/culturas\/aveia?utm_source=agrolink-detalhe-noticia&amp;utm_medium=detalhe-noticia&amp;utm_campaign=links-internos\" target=\"_blank\" rel=\"noopener\">aveia<\/a>-branca no Rio Grande do Sul atingiu 95%, restando apenas algumas \u00e1reas em matura\u00e7\u00e3o. O boletim destaca que \u201cas condi\u00e7\u00f5es clim\u00e1ticas das \u00faltimas semanas favoreceram os trabalhos e evitaram a degrada\u00e7\u00e3o da qualidade dos gr\u00e3os\u201d, resultando em produto com PH adequado e elevada integridade.&#13;\n<\/p>\n<p style=\"text-align:justify\">A Emater informou que, apesar da heterogeneidade entre microrregi\u00f5es, o desempenho das lavouras foi considerado elevado nas \u00e1reas que tiveram regularidade clim\u00e1tica e manejo consolidado. O documento registra que \u201ceventos clim\u00e1ticos ocasionaram perdas pontuais, mas sem impacto significativo \u00e0 produtividade nesta safra\u201d. A maior qualidade dos gr\u00e3os aumenta a oferta de produto apto ao processamento pela ind\u00fastria aliment\u00edcia.&#13;\n<\/p>\n<p style=\"text-align:justify\">A estimativa da Emater\/RS-Ascar aponta 393.252 hectares cultivados com aveia-branca no Estado, com produtividade m\u00e9dia atual de 2.445 kg\/ha. Na regi\u00e3o administrativa de Iju\u00ed, a colheita j\u00e1 foi conclu\u00edda. Segundo o informativo, \u201ca qualidade dos gr\u00e3os \u00e9 considerada excelente\u201d, favorecida pelo bom enchimento e pela aus\u00eancia de registros relevantes de pragas e doen\u00e7as ao longo do ciclo.&#13;\n<\/p>\n<p style=\"text-align:justify\">Na comercializa\u00e7\u00e3o, o produto destinado \u00e0 ind\u00fastria aliment\u00edcia foi negociado, na regi\u00e3o de Iju\u00ed, pelo valor m\u00e9dio de R$ 52,00 a saca de 60 quilos.<\/p>\n<\/p><\/div>\n<\/p><\/div>\n<p><script data-cfasync=\"false\">\n    !function (f, b, e, v, n, t, s) {\n        if (f.fbq) return; n = f.fbq = function () {\n            n.callMethod ?\n                n.callMethod.apply(n, arguments) : n.queue.push(arguments)\n        };\n        if (!f._fbq) f._fbq = n; n.push = n; n.loaded = !0; n.version = '2.0';\n        n.queue = []; t = b.createElement(e); t.async = !0;\n        t.src = v; s = b.getElementsByTagName(e)[0];\n        s.parentNode.insertBefore(t, s)\n    }(window, document, 'script',\n        'https:\/\/connect.facebook.net\/en_US\/fbevents.js');\n    fbq('init', '522546078623747');\n    fbq('track', 'PageView');\n<\/script><br \/>\n<br \/><br \/>\n<br \/><a href=\"https:\/\/www.agrolink.com.br\/noticias\/rs-avanca-na-colheita-da-aveia-branca-com-boa-qualidade_508470.html\">Source link <\/a><\/p>\n","protected":false},"excerpt":{"rendered":"<p>&#13; Colheita da aveia-branca est\u00e1 na reta final&#13; &#13; Agrolink&#13; &#13; &#8211; Seane Lennon&#13; &#13; Publicado em 28\/11\/2025 \u00e0s 14:19h.<\/p>\n","protected":false},"author":1,"featured_media":5869,"comment_status":"open","ping_status":"open","sticky":false,"template":"","format":"standard","meta":{"_monsterinsights_skip_tracking":false,"_monsterinsights_sitenote_active":false,"_monsterinsights_sitenote_note":"","_monsterinsights_sitenote_category":0,"_uf_show_specific_survey":0,"_uf_disable_surveys":false,"footnotes":""},"categories":[8,1,14],"tags":[],"class_list":["post-24906","post","type-post","status-publish","format-standard","has-post-thumbnail","hentry","category-agro","category-news","category-politica-agro"],"_links":{"self":[{"href":"https:\/\/agromt.news\/index.php?rest_route=\/wp\/v2\/posts\/24906"}],"collection":[{"href":"https:\/\/agromt.news\/index.php?rest_route=\/wp\/v2\/posts"}],"about":[{"href":"https:\/\/agromt.news\/index.php?rest_route=\/wp\/v2\/types\/post"}],"author":[{"embeddable":true,"href":"https:\/\/agromt.news\/index.php?rest_route=\/wp\/v2\/users\/1"}],"replies":[{"embeddable":true,"href":"https:\/\/agromt.news\/index.php?rest_route=%2Fwp%2Fv2%2Fcomments&post=24906"}],"version-history":[{"count":0,"href":"https:\/\/agromt.news\/index.php?rest_route=\/wp\/v2\/posts\/24906\/revisions"}],"wp:featuredmedia":[{"embeddable":true,"href":"https:\/\/agromt.news\/index.php?rest_route=\/wp\/v2\/media\/5869"}],"wp:attachment":[{"href":"https:\/\/agromt.news\/index.php?rest_route=%2Fwp%2Fv2%2Fmedia&parent=24906"}],"wp:term":[{"taxonomy":"category","embeddable":true,"href":"https:\/\/agromt.news\/index.php?rest_route=%2Fwp%2Fv2%2Fcategories&post=24906"},{"taxonomy":"post_tag","embeddable":true,"href":"https:\/\/agromt.news\/index.php?rest_route=%2Fwp%2Fv2%2Ftags&post=24906"}],"curies":[{"name":"wp","href":"https:\/\/api.w.org\/{rel}","templated":true}]}}