{"id":24842,"date":"2025-11-28T05:34:03","date_gmt":"2025-11-28T09:34:03","guid":{"rendered":"https:\/\/agromt.news\/?p=24842"},"modified":"2025-11-28T05:34:03","modified_gmt":"2025-11-28T09:34:03","slug":"producao-de-carnes-deve-bater-recorde-em-2026","status":"publish","type":"post","link":"https:\/\/agromt.news\/?p=24842","title":{"rendered":"Produ\u00e7\u00e3o de carnes deve bater recorde em 2026"},"content":{"rendered":"<p> <br \/>\n<\/p>\n<div>\n<p style=\"text-align:justify\">A produ\u00e7\u00e3o de carne de frango em 2026 pode alcan\u00e7ar 15,86 milh\u00f5es de toneladas, segundo proje\u00e7\u00f5es atualizadas pela Companhia Nacional de Abastecimento (Conab). A estatal afirmou que, se confirmado, o volume \u201crepresenta um novo recorde na s\u00e9rie hist\u00f3rica\u201d, superando a estimativa de 15,5 milh\u00f5es de toneladas para 2025. A Conab destacou que o bom desempenho da avicultura de corte, somado \u00e0 suinocultura, influencia a produ\u00e7\u00e3o total de carnes no pa\u00eds, estimada em 32,6 milh\u00f5es de toneladas em 2026. O n\u00famero corresponde a \u201cuma ligeira alta de 0,4%\u201d sobre a previs\u00e3o para 2025 e tamb\u00e9m configura recorde.&#13;\n<\/p>\n<p style=\"text-align:justify\">A Conab informou que o resultado da produ\u00e7\u00e3o de carne de frango neste ano permite ampliar a oferta interna, mesmo com a previs\u00e3o de exporta\u00e7\u00f5es de 5,2 milh\u00f5es de toneladas, ante 5,15 milh\u00f5es de toneladas embarcadas em 2024. A estatal lembrou que as vendas externas foram afetadas pelo caso de Influenza Avi\u00e1ria registrado em maio no Rio Grande do Sul, mas ressaltou que outros mercados \u201cabsorveram parte significativa da produ\u00e7\u00e3o\u201d. Ainda em novembro, a China declarou a retomada das compras do produto brasileiro.<\/p>\n<p style=\"text-align:justify\">Para 2026, a estatal projeta continuidade na expans\u00e3o das exporta\u00e7\u00f5es de carne de frango, que podem atingir 5,25 milh\u00f5es de toneladas. Segundo o levantamento, o aumento das vendas externas n\u00e3o deve limitar o mercado interno, cuja disponibilidade pode crescer 3,1%, passando de 10,3 milh\u00f5es de toneladas em 2025 para 10,62 milh\u00f5es de toneladas em 2026. A Conab estimou que a disponibilidade per capita alcance 51,3 quilos por habitante.<\/p>\n<p style=\"text-align:justify\">A Conab tamb\u00e9m projeta cen\u00e1rio semelhante para a prote\u00edna su\u00edna. Em 2025, a produ\u00e7\u00e3o deve somar 5,63 milh\u00f5es de toneladas. Mesmo com a desacelera\u00e7\u00e3o das compras chinesas devido \u00e0 recomposi\u00e7\u00e3o do plantel ap\u00f3s a Peste Su\u00edna Africana, a estatal afirmou que as exporta\u00e7\u00f5es devem alcan\u00e7ar 1,48 milh\u00e3o de toneladas. A disponibilidade interna est\u00e1 estimada em 4,16 milh\u00f5es de toneladas, ante 4 milh\u00f5es de toneladas em 2024.&#13;\n<\/p>\n<p style=\"text-align:justify\">Para 2026, a Conab espera alta de 4,5% na produ\u00e7\u00e3o de carne su\u00edna, totalizando 5,88 milh\u00f5es de toneladas. Esse crescimento pode permitir que os embarques cheguem a 1,6 milh\u00e3o de toneladas sem reduzir o abastecimento interno, cuja oferta deve aumentar 3,2%, alcan\u00e7ando cerca de 4,3 milh\u00f5es de toneladas.<\/p>\n<p style=\"text-align:justify\">No segmento de carne bovina, a produ\u00e7\u00e3o prevista para 2025 \u00e9 de 11,38 milh\u00f5es de toneladas. As exporta\u00e7\u00f5es devem chegar a 4,21 milh\u00f5es de toneladas, o maior volume j\u00e1 registrado, segundo a Conab. A estatal afirmou que o bom ritmo ocorre mesmo ap\u00f3s as tarifas impostas pelo governo dos Estados Unidos, retiradas em meados de novembro, e \u00e9 impulsionado pela demanda chinesa, respons\u00e1vel por 53,7% dos embarques.<\/p>\n<p style=\"text-align:justify\">Para 2026, a Conab projeta uma revers\u00e3o no ciclo pecu\u00e1rio, o que pode resultar em produ\u00e7\u00e3o de 10,89 milh\u00f5es de toneladas devido \u00e0 maior reten\u00e7\u00e3o de f\u00eameas. A demanda internacional deve permanecer aquecida e as exporta\u00e7\u00f5es devem se manter pr\u00f3ximas da estabilidade, em torno de 4,25 milh\u00f5es de toneladas. A oferta interna, por\u00e9m, pode recuar para 6,67 milh\u00f5es de toneladas.&#13;\n<\/p>\n<p style=\"text-align:justify\">No caso da produ\u00e7\u00e3o de ovos, a Conab projeta novo recorde em 2026, estimado em 50,3 bilh\u00f5es de unidades. O volume representa alta de 2,6% em rela\u00e7\u00e3o \u00e0 previs\u00e3o para 2025, de 49 bilh\u00f5es de unidades, mantendo a tend\u00eancia de aumento da disponibilidade interna.<\/p>\n<\/p><\/div>\n<p><script data-cfasync=\"false\">\n    !function (f, b, e, v, n, t, s) {\n        if (f.fbq) return; n = f.fbq = function () {\n            n.callMethod ?\n                n.callMethod.apply(n, arguments) : n.queue.push(arguments)\n        };\n        if (!f._fbq) f._fbq = n; n.push = n; n.loaded = !0; n.version = '2.0';\n        n.queue = []; t = b.createElement(e); t.async = !0;\n        t.src = v; s = b.getElementsByTagName(e)[0];\n        s.parentNode.insertBefore(t, s)\n    }(window, document, 'script',\n        'https:\/\/connect.facebook.net\/en_US\/fbevents.js');\n    fbq('init', '522546078623747');\n    fbq('track', 'PageView');\n<\/script><br \/>\n<br \/><br \/>\n<br \/><a href=\"https:\/\/www.agrolink.com.br\/noticias\/producao-de-carnes-deve-bater-recorde-em-2026_508401.html\">Source link <\/a><\/p>\n","protected":false},"excerpt":{"rendered":"<p>A produ\u00e7\u00e3o de carne de frango em 2026 pode alcan\u00e7ar 15,86 milh\u00f5es de toneladas, segundo proje\u00e7\u00f5es atualizadas pela Companhia Nacional<\/p>\n","protected":false},"author":1,"featured_media":1208,"comment_status":"open","ping_status":"open","sticky":false,"template":"","format":"standard","meta":{"_monsterinsights_skip_tracking":false,"_monsterinsights_sitenote_active":false,"_monsterinsights_sitenote_note":"","_monsterinsights_sitenote_category":0,"_uf_show_specific_survey":0,"_uf_disable_surveys":false,"footnotes":""},"categories":[8,1,14],"tags":[],"class_list":["post-24842","post","type-post","status-publish","format-standard","has-post-thumbnail","hentry","category-agro","category-news","category-politica-agro"],"_links":{"self":[{"href":"https:\/\/agromt.news\/index.php?rest_route=\/wp\/v2\/posts\/24842"}],"collection":[{"href":"https:\/\/agromt.news\/index.php?rest_route=\/wp\/v2\/posts"}],"about":[{"href":"https:\/\/agromt.news\/index.php?rest_route=\/wp\/v2\/types\/post"}],"author":[{"embeddable":true,"href":"https:\/\/agromt.news\/index.php?rest_route=\/wp\/v2\/users\/1"}],"replies":[{"embeddable":true,"href":"https:\/\/agromt.news\/index.php?rest_route=%2Fwp%2Fv2%2Fcomments&post=24842"}],"version-history":[{"count":0,"href":"https:\/\/agromt.news\/index.php?rest_route=\/wp\/v2\/posts\/24842\/revisions"}],"wp:featuredmedia":[{"embeddable":true,"href":"https:\/\/agromt.news\/index.php?rest_route=\/wp\/v2\/media\/1208"}],"wp:attachment":[{"href":"https:\/\/agromt.news\/index.php?rest_route=%2Fwp%2Fv2%2Fmedia&parent=24842"}],"wp:term":[{"taxonomy":"category","embeddable":true,"href":"https:\/\/agromt.news\/index.php?rest_route=%2Fwp%2Fv2%2Fcategories&post=24842"},{"taxonomy":"post_tag","embeddable":true,"href":"https:\/\/agromt.news\/index.php?rest_route=%2Fwp%2Fv2%2Ftags&post=24842"}],"curies":[{"name":"wp","href":"https:\/\/api.w.org\/{rel}","templated":true}]}}