{"id":24838,"date":"2025-11-28T03:36:37","date_gmt":"2025-11-28T07:36:37","guid":{"rendered":"https:\/\/agromt.news\/?p=24838"},"modified":"2025-11-28T03:36:37","modified_gmt":"2025-11-28T07:36:37","slug":"brasil-discute-biopesticidas-em-missao-na-coreia","status":"publish","type":"post","link":"https:\/\/agromt.news\/?p=24838","title":{"rendered":"Brasil discute biopesticidas em miss\u00e3o na Coreia"},"content":{"rendered":"<p> <br \/>\n<\/p>\n<div>\n<div class=\"row\">\n<div class=\"col-lg col-infos mt-0 mt-lg-0\">\n<div class=\"section-sub-title\">\n<p itemprop=\"description\">&#13;<br \/>\n                                Brasil e Coreia do Sul fortalecem parceria para inova\u00e7\u00e3o em defensivos biol\u00f3gicos&#13;\n                            <\/p>\n<\/p><\/div>\n<div class=\"container\">\n<div class=\"row\">\n<div class=\"col-lg p-0\">\n<div>\n<div class=\"block-news-main-infos mt-3 text-start\">\n<p>                                            <strong class=\"fn\" itemprop=\"author\" style=\"color: rgb(112, 112, 112); \">&#13;<br \/>\n                                                <a href=\"https:\/\/www.agrolink.com.br\/noticias\/javascript:;\" class=\"text-uppercase\" target=\"_blank\" style=\"color: rgb(112, 112, 112); \" rel=\"noopener\">Agrolink<\/a>&#13;<br \/>\n&#13;<br \/>\n                                                    &#8211; Seane Lennon&#13;<br \/>\n&#13;<br \/>\n                                            <\/strong><br \/>\n                                        <\/p>\n<p>                                            <abbr><time datetime=\"2025 - 11 - 26T18:43\" itemprop=\"datePublished dateModified\"> Publicado em 26\/11\/2025 \u00e0s 18:43h.<\/time><\/abbr>\n                                    <\/div>\n<\/p><\/div>\n<\/p><\/div>\n<div class=\"col-lg p-0 text-lg-end\">\n<div>\n<div id=\"mdEnviarPagina\" class=\"modal fade\" role=\"dialog\">\n<div class=\"modal-dialog\">\n<div class=\"modal-content\">\n<div class=\"modal-body\">\n<p><strong>Estimado usu\u00e1rio.<\/strong><br \/>Preencha o formul\u00e1rio abaixo para remeter a p\u00e1gina.<\/p>\n<\/p><\/div>\n<\/p><\/div>\n<\/p><\/div>\n<\/div><\/div>\n<\/p><\/div>\n<\/p><\/div>\n<\/p><\/div>\n<\/p><\/div>\n<\/p><\/div>\n<div class=\"row justify-content-md-center mt-3\">\n<div class=\"col-lg-auto col-image block-news-main-image\">\n<p>                                <img decoding=\"async\" src=\"https:\/\/www.agrolink.com.br\/upload\/imagens-resizes\/a8f260b5fa164535a7c83118ce1b83e2_858x483.jpg\" class=\"lazyload img-fluid\"\/><br \/>\n                                                <span class=\"publicity-photo d-block mt-1\">Foto: Pixabay<\/span><\/p><\/div>\n<\/p><\/div>\n<div class=\"section-description section-description-noticias mt-3\">\n<p style=\"text-align:justify\">O secret\u00e1rio de Defesa Agropecu\u00e1ria do Minist\u00e9rio da Agricultura e Pecu\u00e1ria (Mapa), Carlos Goulart, participou nesta ter\u00e7a-feira (25) de uma reuni\u00e3o t\u00e9cnica com o diretor da Rural Development Administration (RDA), Seungdon Lee, para avan\u00e7ar em a\u00e7\u00f5es de coopera\u00e7\u00e3o bilateral relacionadas ao desenvolvimento de biopesticidas. O encontro ocorreu durante a miss\u00e3o brasileira na Coreia do Sul, voltada \u00e0 inova\u00e7\u00e3o e \u00e0 troca de informa\u00e7\u00f5es t\u00e9cnicas.&#13;\n<\/p>\n<p style=\"text-align:justify\">Na reuni\u00e3o, Goulart afirmou que o Brasil ocupa posi\u00e7\u00e3o de destaque no uso de produtos biol\u00f3gicos, mas ressaltou que \u201cainda n\u00e3o h\u00e1 bioherbicidas dispon\u00edveis comercialmente no mundo\u201d, segmento que corresponde a grande parte da aplica\u00e7\u00e3o de defensivos no pa\u00eds. Segundo ele, a parceria com a Coreia poder\u00e1 impulsionar avan\u00e7os em etapas regulat\u00f3rias e tecnol\u00f3gicas. \u201cQueremos aproveitar a coopera\u00e7\u00e3o t\u00e9cnica para trabalhar com rigor, agilidade e previsibilidade. Temos sistemas diferentes avaliando o mesmo objeto, e isso abre espa\u00e7o para alinhamento de procedimentos e compartilhamento de experi\u00eancias\u201d, disse.&#13;\n<\/p>\n<p style=\"text-align:justify\">Seungdon Lee destacou que a Coreia tem interesse em fortalecer a coopera\u00e7\u00e3o cient\u00edfica e regulat\u00f3ria, indicando que a consolida\u00e7\u00e3o dessa agenda depende de encontros frequentes. Ele afirmou que os biol\u00f3gicos devem assumir papel central nos pr\u00f3ximos anos, semelhante ao que os qu\u00edmicos tiveram anteriormente, e apontou vantagens complementares entre Brasil e Coreia do Sul que podem favorecer avan\u00e7os conjuntos. \u201cTemos o mesmo ponto de vista e estamos prontos para transformar planejamento em a\u00e7\u00e3o. Nossas equipes est\u00e3o motivadas para gerar resultados concretos, principalmente no desenvolvimento de defensivos biol\u00f3gicos, e vemos grande potencial de coopera\u00e7\u00e3o com a Embrapa, o Mapa e a Anvisa\u201d, afirmou.&#13;\n<\/p>\n<p style=\"text-align:justify\">A miss\u00e3o tamb\u00e9m permitiu que a equipe brasileira conhecesse tecnologias avan\u00e7adas, capacidades laboratoriais e projetos relacionados a melhoramento vegetal, biodiversidade e fenotipagem.<\/p>\n<\/p><\/div>\n<\/p><\/div>\n<p><script data-cfasync=\"false\">\n    !function (f, b, e, v, n, t, s) {\n        if (f.fbq) return; n = f.fbq = function () {\n            n.callMethod ?\n                n.callMethod.apply(n, arguments) : n.queue.push(arguments)\n        };\n        if (!f._fbq) f._fbq = n; n.push = n; n.loaded = !0; n.version = '2.0';\n        n.queue = []; t = b.createElement(e); t.async = !0;\n        t.src = v; s = b.getElementsByTagName(e)[0];\n        s.parentNode.insertBefore(t, s)\n    }(window, document, 'script',\n        'https:\/\/connect.facebook.net\/en_US\/fbevents.js');\n    fbq('init', '522546078623747');\n    fbq('track', 'PageView');\n<\/script><br \/>\n<br \/><br \/>\n<br \/><a href=\"https:\/\/www.agrolink.com.br\/noticias\/brasil-e-coreia-do-sul-estreitam-cooperacao-tecnica-para-inovacao-em-defensivos_508400.html\">Source link <\/a><\/p>\n","protected":false},"excerpt":{"rendered":"<p>&#13; Brasil e Coreia do Sul fortalecem parceria para inova\u00e7\u00e3o em defensivos biol\u00f3gicos&#13; &#13; Agrolink&#13; &#13; &#8211; Seane Lennon&#13; &#13;<\/p>\n","protected":false},"author":1,"featured_media":4334,"comment_status":"open","ping_status":"open","sticky":false,"template":"","format":"standard","meta":{"_monsterinsights_skip_tracking":false,"_monsterinsights_sitenote_active":false,"_monsterinsights_sitenote_note":"","_monsterinsights_sitenote_category":0,"_uf_show_specific_survey":0,"_uf_disable_surveys":false,"footnotes":""},"categories":[8,1,14],"tags":[],"class_list":["post-24838","post","type-post","status-publish","format-standard","has-post-thumbnail","hentry","category-agro","category-news","category-politica-agro"],"_links":{"self":[{"href":"https:\/\/agromt.news\/index.php?rest_route=\/wp\/v2\/posts\/24838"}],"collection":[{"href":"https:\/\/agromt.news\/index.php?rest_route=\/wp\/v2\/posts"}],"about":[{"href":"https:\/\/agromt.news\/index.php?rest_route=\/wp\/v2\/types\/post"}],"author":[{"embeddable":true,"href":"https:\/\/agromt.news\/index.php?rest_route=\/wp\/v2\/users\/1"}],"replies":[{"embeddable":true,"href":"https:\/\/agromt.news\/index.php?rest_route=%2Fwp%2Fv2%2Fcomments&post=24838"}],"version-history":[{"count":0,"href":"https:\/\/agromt.news\/index.php?rest_route=\/wp\/v2\/posts\/24838\/revisions"}],"wp:featuredmedia":[{"embeddable":true,"href":"https:\/\/agromt.news\/index.php?rest_route=\/wp\/v2\/media\/4334"}],"wp:attachment":[{"href":"https:\/\/agromt.news\/index.php?rest_route=%2Fwp%2Fv2%2Fmedia&parent=24838"}],"wp:term":[{"taxonomy":"category","embeddable":true,"href":"https:\/\/agromt.news\/index.php?rest_route=%2Fwp%2Fv2%2Fcategories&post=24838"},{"taxonomy":"post_tag","embeddable":true,"href":"https:\/\/agromt.news\/index.php?rest_route=%2Fwp%2Fv2%2Ftags&post=24838"}],"curies":[{"name":"wp","href":"https:\/\/api.w.org\/{rel}","templated":true}]}}