{"id":24837,"date":"2025-11-28T01:27:55","date_gmt":"2025-11-28T05:27:55","guid":{"rendered":"https:\/\/agromt.news\/?p=24837"},"modified":"2025-11-28T01:27:55","modified_gmt":"2025-11-28T05:27:55","slug":"ampliacao-da-isencao-do-ir-beneficiara-15-milhoes-de-brasileiros","status":"publish","type":"post","link":"https:\/\/agromt.news\/?p=24837","title":{"rendered":"Amplia\u00e7\u00e3o da isen\u00e7\u00e3o do IR beneficiar\u00e1 15 milh\u00f5es de brasileiros"},"content":{"rendered":"<p> <br \/>\n<\/p>\n<div>\n<div class=\"row\">\n<div class=\"col-lg col-infos mt-0 mt-lg-0\">\n<div class=\"section-sub-title\">\n<p itemprop=\"description\">&#13;<br \/>\n                                Nova lei do IR amplia isen\u00e7\u00e3o, reduz desigualdade e beneficia milh\u00f5es de brasileiros&#13;\n                            <\/p>\n<\/p><\/div>\n<div class=\"container\">\n<div class=\"row\">\n<div class=\"col-lg p-0\">\n<div>\n<div class=\"block-news-main-infos mt-3 text-start\">\n<p>                                            <strong class=\"fn\" itemprop=\"author\" style=\"color: rgb(112, 112, 112); \">&#13;<br \/>\n                                                <a href=\"https:\/\/www.agrolink.com.br\/noticias\/javascript:;\" class=\"text-uppercase\" target=\"_blank\" style=\"color: rgb(112, 112, 112); \" rel=\"noopener\">Agrolink<\/a>&#13;<br \/>\n&#13;<br \/>\n                                                    &#8211; Seane Lennon&#13;<br \/>\n&#13;<br \/>\n                                            <\/strong><br \/>\n                                        <\/p>\n<p>                                            <abbr><time datetime=\"2025 - 11 - 26T19:34\" itemprop=\"datePublished dateModified\"> Publicado em 26\/11\/2025 \u00e0s 19:34h.<\/time><\/abbr>\n                                    <\/div>\n<\/p><\/div>\n<\/p><\/div>\n<div class=\"col-lg p-0 text-lg-end\">\n<div>\n<div id=\"mdEnviarPagina\" class=\"modal fade\" role=\"dialog\">\n<div class=\"modal-dialog\">\n<div class=\"modal-content\">\n<div class=\"modal-body\">\n<p><strong>Estimado usu\u00e1rio.<\/strong><br \/>Preencha o formul\u00e1rio abaixo para remeter a p\u00e1gina.<\/p>\n<\/p><\/div>\n<\/p><\/div>\n<\/p><\/div>\n<\/div><\/div>\n<\/p><\/div>\n<\/p><\/div>\n<\/p><\/div>\n<\/p><\/div>\n<\/p><\/div>\n<div class=\"row justify-content-md-center mt-3\">\n<div class=\"col-lg-auto col-image block-news-main-image\">\n<p>                                <img decoding=\"async\" src=\"https:\/\/www.agrolink.com.br\/upload\/imagens-resizes\/ba5ede3e9b5c4cba85c62cecb41a18d5_858x483.jpg\" class=\"lazyload img-fluid\"\/><br \/>\n                                                <span class=\"publicity-photo d-block mt-1\">Foto: Canva<\/span><\/p><\/div>\n<\/p><\/div>\n<div class=\"section-description section-description-noticias mt-3\">\n<p style=\"text-align:justify\">O presidente Luiz In\u00e1cio Lula da Silva sancionou nesta quarta-feira (26) a lei que isenta do pagamento de Imposto de Renda os trabalhadores que recebem at\u00e9 R$ 5 mil mensais e define descontos para quem ganha at\u00e9 R$ 7.350. De acordo com estimativas do governo, a mudan\u00e7a deve alcan\u00e7ar aproximadamente 15 milh\u00f5es de contribuintes. As informa\u00e7\u00f5es foram divulgadas pela Ag\u00eancia C\u00e2mara Not\u00edcias.&#13;\n<\/p>\n<p style=\"text-align:justify\">A nova legisla\u00e7\u00e3o tamb\u00e9m estabelece uma tributa\u00e7\u00e3o progressiva, que pode chegar a 10%, para cerca de 140 mil contribuintes com renda anual superior a R$ 600 mil. Ao comentar a medida, Lula afirmou que a aprova\u00e7\u00e3o representa um avan\u00e7o na busca por equil\u00edbrio fiscal e por um sistema mais igualit\u00e1rio. \u201cN\u00e3o pode continuar um mundo desigual como n\u00f3s temos hoje. Aqueles que est\u00e3o l\u00e1 na mis\u00e9ria e s\u00e3o olhados como invis\u00edveis n\u00e3o est\u00e3o invis\u00edveis porque eles querem. Eles est\u00e3o invis\u00edveis porque a elite brasileira quis que eles fossem invis\u00edveis ao longo de 520 anos\u201d, declarou.&#13;\n<\/p>\n<p style=\"text-align:justify\">Segundo o governo, a san\u00e7\u00e3o faz parte de um conjunto de a\u00e7\u00f5es voltadas \u00e0 redu\u00e7\u00e3o das desigualdades e \u00e0 revis\u00e3o das faixas de tributa\u00e7\u00e3o da renda.<\/p>\n<p style=\"text-align:center\"><img decoding=\"async\" class=\"img-fluid\" src=\"https:\/\/www.agrolink.com.br\/Upload\/noticias\/19de5ead68c04b3ca7efc634a0d604f5.jpg\"\/><\/p>\n<\/p><\/div>\n<\/p><\/div>\n<p><script data-cfasync=\"false\">\n    !function (f, b, e, v, n, t, s) {\n        if (f.fbq) return; n = f.fbq = function () {\n            n.callMethod ?\n                n.callMethod.apply(n, arguments) : n.queue.push(arguments)\n        };\n        if (!f._fbq) f._fbq = n; n.push = n; n.loaded = !0; n.version = '2.0';\n        n.queue = []; t = b.createElement(e); t.async = !0;\n        t.src = v; s = b.getElementsByTagName(e)[0];\n        s.parentNode.insertBefore(t, s)\n    }(window, document, 'script',\n        'https:\/\/connect.facebook.net\/en_US\/fbevents.js');\n    fbq('init', '522546078623747');\n    fbq('track', 'PageView');\n<\/script><br \/>\n<br \/><br \/>\n<br \/><a href=\"https:\/\/www.agrolink.com.br\/noticias\/ampliacao-da-isencao-de-imposto-de-renda-vira-lei--e-autoridades-destacam-justica-tributaria_508398.html\">Source link <\/a><\/p>\n","protected":false},"excerpt":{"rendered":"<p>&#13; Nova lei do IR amplia isen\u00e7\u00e3o, reduz desigualdade e beneficia milh\u00f5es de brasileiros&#13; &#13; Agrolink&#13; &#13; &#8211; Seane Lennon&#13;<\/p>\n","protected":false},"author":1,"featured_media":4718,"comment_status":"open","ping_status":"open","sticky":false,"template":"","format":"standard","meta":{"_monsterinsights_skip_tracking":false,"_monsterinsights_sitenote_active":false,"_monsterinsights_sitenote_note":"","_monsterinsights_sitenote_category":0,"_uf_show_specific_survey":0,"_uf_disable_surveys":false,"footnotes":""},"categories":[8,1,14],"tags":[],"class_list":["post-24837","post","type-post","status-publish","format-standard","has-post-thumbnail","hentry","category-agro","category-news","category-politica-agro"],"_links":{"self":[{"href":"https:\/\/agromt.news\/index.php?rest_route=\/wp\/v2\/posts\/24837"}],"collection":[{"href":"https:\/\/agromt.news\/index.php?rest_route=\/wp\/v2\/posts"}],"about":[{"href":"https:\/\/agromt.news\/index.php?rest_route=\/wp\/v2\/types\/post"}],"author":[{"embeddable":true,"href":"https:\/\/agromt.news\/index.php?rest_route=\/wp\/v2\/users\/1"}],"replies":[{"embeddable":true,"href":"https:\/\/agromt.news\/index.php?rest_route=%2Fwp%2Fv2%2Fcomments&post=24837"}],"version-history":[{"count":0,"href":"https:\/\/agromt.news\/index.php?rest_route=\/wp\/v2\/posts\/24837\/revisions"}],"wp:featuredmedia":[{"embeddable":true,"href":"https:\/\/agromt.news\/index.php?rest_route=\/wp\/v2\/media\/4718"}],"wp:attachment":[{"href":"https:\/\/agromt.news\/index.php?rest_route=%2Fwp%2Fv2%2Fmedia&parent=24837"}],"wp:term":[{"taxonomy":"category","embeddable":true,"href":"https:\/\/agromt.news\/index.php?rest_route=%2Fwp%2Fv2%2Fcategories&post=24837"},{"taxonomy":"post_tag","embeddable":true,"href":"https:\/\/agromt.news\/index.php?rest_route=%2Fwp%2Fv2%2Ftags&post=24837"}],"curies":[{"name":"wp","href":"https:\/\/api.w.org\/{rel}","templated":true}]}}