{"id":24808,"date":"2025-11-27T14:50:39","date_gmt":"2025-11-27T18:50:39","guid":{"rendered":"https:\/\/agromt.news\/?p=24808"},"modified":"2025-11-27T14:50:39","modified_gmt":"2025-11-27T18:50:39","slug":"geopolitica-vira-o-jogo-no-agro-brasileiro","status":"publish","type":"post","link":"https:\/\/agromt.news\/?p=24808","title":{"rendered":"Geopol\u00edtica vira o jogo no agro brasileiro"},"content":{"rendered":"<p> <br \/>\n<\/p>\n<div>\n<div class=\"row\">\n<div class=\"col-lg col-infos mt-0 mt-lg-0\">\n<div class=\"section-sub-title\">\n<p itemprop=\"description\">&#13;<br \/>\n                                No mercado de caf\u00e9, o movimento foi ainda mais brusco&#13;\n                            <\/p>\n<\/p><\/div>\n<div class=\"container\">\n<div class=\"row\">\n<div class=\"col-lg p-0\">\n<div>\n<div class=\"block-news-main-infos mt-3 text-start\">\n<p>                                            <strong class=\"fn\" itemprop=\"author\" style=\"color: rgb(112, 112, 112); \">&#13;<br \/>\n                                                <a href=\"https:\/\/www.agrolink.com.br\/noticias\/javascript:;\" class=\"text-uppercase\" target=\"_blank\" style=\"color: rgb(112, 112, 112); \" rel=\"noopener\">Agrolink<\/a>&#13;<br \/>\n&#13;<br \/>\n                                                    &#8211; Leonardo Gottems&#13;<br \/>\n&#13;<br \/>\n                                            <\/strong><br \/>\n                                        <\/p>\n<p>                                            <abbr><time datetime=\"2025 - 11 - 27T02:59\" itemprop=\"datePublished dateModified\"> Publicado em 27\/11\/2025 \u00e0s 02:59h.<\/time><\/abbr>\n                                    <\/div>\n<\/p><\/div>\n<\/p><\/div>\n<div class=\"col-lg p-0 text-lg-end\">\n<div>\n<div id=\"mdEnviarPagina\" class=\"modal fade\" role=\"dialog\">\n<div class=\"modal-dialog\">\n<div class=\"modal-content\">\n<div class=\"modal-body\">\n<p><strong>Estimado usu\u00e1rio.<\/strong><br \/>Preencha o formul\u00e1rio abaixo para remeter a p\u00e1gina.<\/p>\n<\/p><\/div>\n<\/p><\/div>\n<\/p><\/div>\n<\/div><\/div>\n<\/p><\/div>\n<\/p><\/div>\n<\/p><\/div>\n<\/p><\/div>\n<\/p><\/div>\n<div class=\"row justify-content-md-center mt-3\">\n<div class=\"col-lg-auto col-image block-news-main-image\">\n<p>                                <img decoding=\"async\" src=\"https:\/\/www.agrolink.com.br\/upload\/imagens-resizes\/8107a2377a3e4c2e9618baa64ea745d6_858x483.jpg\" class=\"lazyload img-fluid\" alt=\"No mercado de caf\u00e9, o movimento foi ainda mais brusco\"\/><br \/>\n                                                <span class=\"d-block mt-1\">No mercado de caf\u00e9, o movimento foi ainda mais brusco &#8211; Foto: Pixabay<\/span><\/p><\/div>\n<\/p><\/div>\n<div class=\"section-description section-description-noticias mt-3\">\n<p>As \u00faltimas movimenta\u00e7\u00f5es do mercado deixaram claro que as cota\u00e7\u00f5es do agroneg\u00f3cio est\u00e3o reagindo muito mais \u00e0 geopol\u00edtica do que a fatores como clima, safra ou log\u00edstica. De acordo com o estrategista em agroneg\u00f3cio Ale Delara, decis\u00f5es tomadas nos Estados Unidos e na China est\u00e3o orientando pre\u00e7os no Brasil com intensidade e velocidade.&#13;\n<\/p>\n<p>A arroba do boi foi um dos primeiros sinais dessa mudan\u00e7a. Os pre\u00e7os recuaram ap\u00f3s um ru\u00eddo diplom\u00e1tico vindo da China, principal compradora da carne brasileira. Logo depois, a dire\u00e7\u00e3o inverteu quando os Estados Unidos anunciaram a retirada de tarifas, impulsionando novamente o valor da arroba.<\/p>\n<p>No mercado de caf\u00e9, o movimento foi ainda mais brusco. As cota\u00e7\u00f5es derreteram na ICE NY diante da expectativa de maior entrada de produto brasileiro no mercado internacional, cen\u00e1rio alimentado pelo contexto pol\u00edtico e comercial entre as grandes pot\u00eancias. A soja tamb\u00e9m reagiu rapidamente. As compras chinesas ultrapassaram tr\u00eas milh\u00f5es de toneladas, suficiente para mudar o rumo das cota\u00e7\u00f5es em Chicago e no Brasil, mostrando o peso das decis\u00f5es de Pequim no equil\u00edbrio global da oferta.&#13;\n<\/p>\n<p>Para Ale Delara, a simultaneidade desses movimentos revela que fatores externos est\u00e3o guiando os pre\u00e7os antes mesmo que qualquer altera\u00e7\u00e3o f\u00edsica de oferta e demanda ocorra. As rela\u00e7\u00f5es entre Washington e Pequim est\u00e3o definindo tend\u00eancias e exigindo que produtores e agentes do setor acompanhem de perto o ambiente internacional, j\u00e1 que as decis\u00f5es pol\u00edticas est\u00e3o redesenhando, dia ap\u00f3s dia, o mercado agr\u00edcola brasileiro. As informa\u00e7\u00f5es foram divulgadas em seu perfil na rede social LinkedIn.<br \/>&#13;<br \/>\n\u00a0<\/p>\n<\/p><\/div>\n<\/p><\/div>\n<p><script data-cfasync=\"false\">\n    !function (f, b, e, v, n, t, s) {\n        if (f.fbq) return; n = f.fbq = function () {\n            n.callMethod ?\n                n.callMethod.apply(n, arguments) : n.queue.push(arguments)\n        };\n        if (!f._fbq) f._fbq = n; n.push = n; n.loaded = !0; n.version = '2.0';\n        n.queue = []; t = b.createElement(e); t.async = !0;\n        t.src = v; s = b.getElementsByTagName(e)[0];\n        s.parentNode.insertBefore(t, s)\n    }(window, document, 'script',\n        'https:\/\/connect.facebook.net\/en_US\/fbevents.js');\n    fbq('init', '522546078623747');\n    fbq('track', 'PageView');\n<\/script><br \/>\n<br \/><br \/>\n<br \/><a href=\"https:\/\/www.agrolink.com.br\/noticias\/analista--geopolitica-vira-o-jogo-no-agro-brasileiro_508407.html\">Source link <\/a><\/p>\n","protected":false},"excerpt":{"rendered":"<p>&#13; No mercado de caf\u00e9, o movimento foi ainda mais brusco&#13; &#13; Agrolink&#13; &#13; &#8211; Leonardo Gottems&#13; &#13; Publicado em<\/p>\n","protected":false},"author":1,"featured_media":6085,"comment_status":"open","ping_status":"open","sticky":false,"template":"","format":"standard","meta":{"_monsterinsights_skip_tracking":false,"_monsterinsights_sitenote_active":false,"_monsterinsights_sitenote_note":"","_monsterinsights_sitenote_category":0,"_uf_show_specific_survey":0,"_uf_disable_surveys":false,"footnotes":""},"categories":[8,1,14],"tags":[],"class_list":["post-24808","post","type-post","status-publish","format-standard","has-post-thumbnail","hentry","category-agro","category-news","category-politica-agro"],"_links":{"self":[{"href":"https:\/\/agromt.news\/index.php?rest_route=\/wp\/v2\/posts\/24808"}],"collection":[{"href":"https:\/\/agromt.news\/index.php?rest_route=\/wp\/v2\/posts"}],"about":[{"href":"https:\/\/agromt.news\/index.php?rest_route=\/wp\/v2\/types\/post"}],"author":[{"embeddable":true,"href":"https:\/\/agromt.news\/index.php?rest_route=\/wp\/v2\/users\/1"}],"replies":[{"embeddable":true,"href":"https:\/\/agromt.news\/index.php?rest_route=%2Fwp%2Fv2%2Fcomments&post=24808"}],"version-history":[{"count":0,"href":"https:\/\/agromt.news\/index.php?rest_route=\/wp\/v2\/posts\/24808\/revisions"}],"wp:featuredmedia":[{"embeddable":true,"href":"https:\/\/agromt.news\/index.php?rest_route=\/wp\/v2\/media\/6085"}],"wp:attachment":[{"href":"https:\/\/agromt.news\/index.php?rest_route=%2Fwp%2Fv2%2Fmedia&parent=24808"}],"wp:term":[{"taxonomy":"category","embeddable":true,"href":"https:\/\/agromt.news\/index.php?rest_route=%2Fwp%2Fv2%2Fcategories&post=24808"},{"taxonomy":"post_tag","embeddable":true,"href":"https:\/\/agromt.news\/index.php?rest_route=%2Fwp%2Fv2%2Ftags&post=24808"}],"curies":[{"name":"wp","href":"https:\/\/api.w.org\/{rel}","templated":true}]}}