{"id":24803,"date":"2025-11-27T14:01:36","date_gmt":"2025-11-27T18:01:36","guid":{"rendered":"https:\/\/agromt.news\/?p=24803"},"modified":"2025-11-27T14:01:36","modified_gmt":"2025-11-27T18:01:36","slug":"replantio-na-soja-e-menos-poder-de-compra-do-produtor-entenda-o-cenario-de-custos","status":"publish","type":"post","link":"https:\/\/agromt.news\/?p=24803","title":{"rendered":"Replantio na soja e menos poder de compra do produtor; entenda o cen\u00e1rio de custos"},"content":{"rendered":"<p> <br \/>\n<br \/><img decoding=\"async\" src=\"https:\/\/agromt.news\/wp-content\/uploads\/2025\/11\/Replantio-na-soja-e-menos-poder-de-compra-do-produtor.jpeg\" \/><\/p>\n<div>\n<p>O plantio da soja j\u00e1 atinge 78% da \u00e1rea total semeada, segundo a Companhia Nacional de Abastecimento <a href=\"https:\/\/www.canalrural.com.br\/tag\/conab\/\">(Conab)<\/a>. Os trabalhos em campo, por\u00e9m, est\u00e3o atrasados na compara\u00e7\u00e3o com o ano passado. Outro ponto de aten\u00e7\u00e3o \u00e9 as \u00e1reas onde houve replantio da oleaginosa, principalmente em Mato Grosso, Goi\u00e1s e em parte do Matopiba.<\/p>\n<p>Para o pesquisador da \u00e1rea de custos agr\u00edcolas do <a href=\"https:\/\/www.canalrural.com.br\/tag\/cepea\/\">Cepea<\/a>, Mauro Osaki, \u00e9 dif\u00edcil prever os impactos do replantio das lavouras no bolso do agricultor. \u201cN\u00e3o \u00e9 algo que \u00e9 planejado e o custo do replantio depende do produtor\u201d, explica. Mas o gasto \u00e9 certo: segundo o especialista, mesmo com a lavoura recuperada, n\u00e3o h\u00e1 garantia de que haja o melhor desempenho, o que pode comprometer os custos ao fim da safra.<\/p>\n<p>Com o plantio avan\u00e7ando em boa parte do Brasil, entretanto, Osaki aponta que as aten\u00e7\u00f5es se voltam para o controle de fungicidas, que segundo ele, deve come\u00e7ar em poucos dias. Os custos com esses produtos, por\u00e9m, j\u00e1 est\u00e3o consolidados e dentro do or\u00e7amento do produtor rural.<\/p>\n<p>\u201cEste ano est\u00e1 mais desafiador do que o anterior. No ano passado, nesta \u00e9poca, praticamente toda a \u00e1rea j\u00e1 estava plantada\u201d, alerta. Segundo ele, esse atraso deve impactar tamb\u00e9m a segunda safra. <\/p>\n<p>\u201cA \u00e1rea do milho safrinha deve ficar mais apertada e o plantio tende a ser mais desuniforme. Isso traz um desafio adicional, porque a chuva pode favorecer de forma diferente cada regi\u00e3o. O milho entra nesse cen\u00e1rio como uma preocupa\u00e7\u00e3o importante para o ano que vem\u201d, completa.<\/p>\n<h3 class=\"wp-block-heading\" id=\"h-poder-de-compra-menor-na-soja\">Poder de compra menor na soja<\/h3>\n<p>Em entrevista ao Canal Rural no final de outubro, o pesquisador do Cepea citou o custo com fertilizantes e defensivos como o principal fator de deteriora\u00e7\u00e3o no poder de compra da safra 25\/26. \u201cObservamos uma maior necessidade de sacas de soja para saldar o or\u00e7amento dessa temporada em rela\u00e7\u00e3o \u00e0 m\u00e9dia das \u00faltimas cinco safras\u201d, diz.<\/p>\n<p>Sobre os pre\u00e7os da soja, que segundo Osaki passaram por um per\u00edodo de estagna\u00e7\u00e3o e tamb\u00e9m afetaram os custos, a perspectiva \u00e9 de melhora. Ele explica que o cen\u00e1rio depende do registro de problemas clim\u00e1ticos no hemisf\u00e9rio sul, especialmente no Brasil e na Argentina, e tamb\u00e9m do desenrolar da guerra comercial entre Estados Unidos e China.<\/p>\n<h3 class=\"wp-block-heading\" id=\"h-oportunidade-interessante-para-o-milho\">Oportunidade interessante para o milho<\/h3>\n<p>Para o milho, o especialista explica que as condi\u00e7\u00f5es est\u00e3o mais atreladas ao mercado dom\u00e9stico e, portanto, s\u00e3o mais favor\u00e1veis ao produtor. De acordo com Osaki, o cen\u00e1rio \u00e9  resultado da melhora nos contratos a termo, diante de novas plantas de etanol. \u201cIsso melhora as cota\u00e7\u00f5es locais, reduz oferta para frango, su\u00ednos e ovos\u201d, afirma.<\/p>\n<p>A Conab aponta que at\u00e9 a \u00faltima semana 59,3% das \u00e1reas semeadas com milho ver\u00e3o j\u00e1 haviam sido colhidas. Neste sentido, o pesquisador afirma que a primeira safra tamb\u00e9m representa uma oportunidade, porque \u201c\u00e9 uma oferta mais curta, pela menor propor\u00e7\u00e3o de \u00e1rea em rela\u00e7\u00e3o \u00e0 segunda safra.\u201d<\/p>\n<p>Em termos de custos de produ\u00e7\u00e3o, Osaki refor\u00e7a que apesar do cen\u00e1rio ser mais favor\u00e1vel que o da soja, o milho ver\u00e3o depende das condi\u00e7\u00f5es clim\u00e1ticas. Nas \u00faltimas semanas, \u00e1reas do Rio Grande do Sul e do Paran\u00e1 registraram chuva forte e epis\u00f3dios de granizo. Nesse sentido, o pesquisador alerta que os preju\u00edzos podem aparecer no in\u00edcio de dezembro, quando as espigas come\u00e7arem a se formar.<\/p>\n<p>\u201cDe modo geral, est\u00e1 bem avan\u00e7ado. Mas, neste ano, a faixa de granizo parece ter atingido mais regi\u00f5es\u201d, complementa.<\/p>\n<\/p><\/div>\n<p><br \/>\n<br \/><a href=\"https:\/\/www.canalrural.com.br\/agricultura\/replantio-na-soja-e-menos-poder-de-compra-do-produtor-entenda-o-cenario-de-custos\/\">Source link <\/a><\/p>\n","protected":false},"excerpt":{"rendered":"<p>O plantio da soja j\u00e1 atinge 78% da \u00e1rea total semeada, segundo a Companhia Nacional de Abastecimento (Conab). Os trabalhos<\/p>\n","protected":false},"author":1,"featured_media":24804,"comment_status":"open","ping_status":"open","sticky":false,"template":"","format":"standard","meta":{"_monsterinsights_skip_tracking":false,"_monsterinsights_sitenote_active":false,"_monsterinsights_sitenote_note":"","_monsterinsights_sitenote_category":0,"_uf_show_specific_survey":0,"_uf_disable_surveys":false,"footnotes":""},"categories":[1],"tags":[],"class_list":["post-24803","post","type-post","status-publish","format-standard","has-post-thumbnail","hentry","category-news"],"_links":{"self":[{"href":"https:\/\/agromt.news\/index.php?rest_route=\/wp\/v2\/posts\/24803"}],"collection":[{"href":"https:\/\/agromt.news\/index.php?rest_route=\/wp\/v2\/posts"}],"about":[{"href":"https:\/\/agromt.news\/index.php?rest_route=\/wp\/v2\/types\/post"}],"author":[{"embeddable":true,"href":"https:\/\/agromt.news\/index.php?rest_route=\/wp\/v2\/users\/1"}],"replies":[{"embeddable":true,"href":"https:\/\/agromt.news\/index.php?rest_route=%2Fwp%2Fv2%2Fcomments&post=24803"}],"version-history":[{"count":0,"href":"https:\/\/agromt.news\/index.php?rest_route=\/wp\/v2\/posts\/24803\/revisions"}],"wp:featuredmedia":[{"embeddable":true,"href":"https:\/\/agromt.news\/index.php?rest_route=\/wp\/v2\/media\/24804"}],"wp:attachment":[{"href":"https:\/\/agromt.news\/index.php?rest_route=%2Fwp%2Fv2%2Fmedia&parent=24803"}],"wp:term":[{"taxonomy":"category","embeddable":true,"href":"https:\/\/agromt.news\/index.php?rest_route=%2Fwp%2Fv2%2Fcategories&post=24803"},{"taxonomy":"post_tag","embeddable":true,"href":"https:\/\/agromt.news\/index.php?rest_route=%2Fwp%2Fv2%2Ftags&post=24803"}],"curies":[{"name":"wp","href":"https:\/\/api.w.org\/{rel}","templated":true}]}}