{"id":24801,"date":"2025-11-27T13:46:40","date_gmt":"2025-11-27T17:46:40","guid":{"rendered":"https:\/\/agromt.news\/?p=24801"},"modified":"2025-11-27T13:46:40","modified_gmt":"2025-11-27T17:46:40","slug":"quase-90-dos-agricultores-enxergam-impacto-da-mudanca-climatica-na-producao","status":"publish","type":"post","link":"https:\/\/agromt.news\/?p=24801","title":{"rendered":"Quase 90% dos agricultores enxergam impacto da mudan\u00e7a clim\u00e1tica na produ\u00e7\u00e3o"},"content":{"rendered":"<p> <br \/>\n<br \/><img decoding=\"async\" src=\"https:\/\/agromt.news\/wp-content\/uploads\/2025\/11\/Quase-90-dos-agricultores-enxergam-impacto-da-mudanca-climatica-na.jpeg\" \/><\/p>\n<div>\n<p>A 9\u00aa Pesquisa Associa\u00e7\u00e3o Brasileira de Marketing Rural e Agro (ABMRA) H\u00e1bitos do Produtor Rural mostra que a preocupa\u00e7\u00e3o com as <a href=\"https:\/\/www.canalrural.com.br\/tag\/mudancas-climaticas\/\"><strong>mudan\u00e7as clim\u00e1ticas<\/strong><\/a> se consolida entre agricultores e pecuaristas brasileiros.<\/p>\n<p>\u201c86% dos produtores acreditam que eventos extremos, como chuvas mais fortes, secas prolongadas e temperaturas mais altas ter\u00e3o algum tipo de impacto na produ\u00e7\u00e3o das suas propriedades nos pr\u00f3ximos anos e d\u00e9cadas\u201d, disse a entidade em nota.<\/p>\n<h5 class=\"western\"><span style=\"color: #000000;\"><span style=\"font-family: Arial, sans-serif;\"><span style=\"font-size: x-large;\"><i>Veja em primeira m\u00e3o tudo sobre agricultura, pecu\u00e1ria, economia e previs\u00e3o do tempo:<\/i><\/span><\/span><\/span><a href=\"https:\/\/news.google.com\/publications\/CAAqBwgKMPKZlQswq_mqAw?hl=pt-BR&amp;gl=BR&amp;ceid=BR%3Apt-419\" target=\"_blank\" rel=\"noopener\"><span style=\"color: #1155cc;\"><span style=\"font-family: Arial, Helvetica, sans-serif;\">\u00a0<\/span><\/span><span style=\"color: #1155cc;\"><span style=\"font-family: Arial, sans-serif;\"><span style=\"font-size: x-large;\"><i>siga o Canal Rural no Google News!<\/i><\/span><\/span><\/span><\/a><\/h5>\n<p>A pesquisa, feita com a S&amp;P Global, abrange h\u00e1bitos de m\u00eddia, padr\u00f5es de compra, conectividade, ado\u00e7\u00e3o tecnol\u00f3gica e percep\u00e7\u00f5es ambientais. Foram realizadas 3.100 entrevistas presenciais com agricultores em 16 estados.<\/p>\n<p>\u201cO produtor rural brasileiro reconhece os efeitos do clima no seu dia a dia e busca informa\u00e7\u00f5es e ferramentas que o ajudem a enfrentar esses desafios com seguran\u00e7a. A pesquisa tamb\u00e9m mostra que, quando h\u00e1 orienta\u00e7\u00e3o t\u00e9cnica e condi\u00e7\u00f5es adequadas, o produtor tende a avan\u00e7ar na ado\u00e7\u00e3o de novas pr\u00e1ticas para reduzir os danos e garantir a produtividade\u201d, disse o presidente da Associa\u00e7\u00e3o, Ricardo Nicodemos, na nota.<\/p>\n<\/p><\/div>\n<p><br \/>\n<br \/><a href=\"https:\/\/www.canalrural.com.br\/agricultura\/quase-90-dos-agricultores-enxergam-impacto-da-mudanca-climatica-na-producao\/\">Source link <\/a><\/p>\n","protected":false},"excerpt":{"rendered":"<p>A 9\u00aa Pesquisa Associa\u00e7\u00e3o Brasileira de Marketing Rural e Agro (ABMRA) H\u00e1bitos do Produtor Rural mostra que a preocupa\u00e7\u00e3o com<\/p>\n","protected":false},"author":1,"featured_media":24802,"comment_status":"open","ping_status":"open","sticky":false,"template":"","format":"standard","meta":{"_monsterinsights_skip_tracking":false,"_monsterinsights_sitenote_active":false,"_monsterinsights_sitenote_note":"","_monsterinsights_sitenote_category":0,"_uf_show_specific_survey":0,"_uf_disable_surveys":false,"footnotes":""},"categories":[1],"tags":[],"class_list":["post-24801","post","type-post","status-publish","format-standard","has-post-thumbnail","hentry","category-news"],"_links":{"self":[{"href":"https:\/\/agromt.news\/index.php?rest_route=\/wp\/v2\/posts\/24801"}],"collection":[{"href":"https:\/\/agromt.news\/index.php?rest_route=\/wp\/v2\/posts"}],"about":[{"href":"https:\/\/agromt.news\/index.php?rest_route=\/wp\/v2\/types\/post"}],"author":[{"embeddable":true,"href":"https:\/\/agromt.news\/index.php?rest_route=\/wp\/v2\/users\/1"}],"replies":[{"embeddable":true,"href":"https:\/\/agromt.news\/index.php?rest_route=%2Fwp%2Fv2%2Fcomments&post=24801"}],"version-history":[{"count":0,"href":"https:\/\/agromt.news\/index.php?rest_route=\/wp\/v2\/posts\/24801\/revisions"}],"wp:featuredmedia":[{"embeddable":true,"href":"https:\/\/agromt.news\/index.php?rest_route=\/wp\/v2\/media\/24802"}],"wp:attachment":[{"href":"https:\/\/agromt.news\/index.php?rest_route=%2Fwp%2Fv2%2Fmedia&parent=24801"}],"wp:term":[{"taxonomy":"category","embeddable":true,"href":"https:\/\/agromt.news\/index.php?rest_route=%2Fwp%2Fv2%2Fcategories&post=24801"},{"taxonomy":"post_tag","embeddable":true,"href":"https:\/\/agromt.news\/index.php?rest_route=%2Fwp%2Fv2%2Ftags&post=24801"}],"curies":[{"name":"wp","href":"https:\/\/api.w.org\/{rel}","templated":true}]}}