{"id":24736,"date":"2025-11-26T12:46:11","date_gmt":"2025-11-26T16:46:11","guid":{"rendered":"https:\/\/agromt.news\/?p=24736"},"modified":"2025-11-26T12:46:11","modified_gmt":"2025-11-26T16:46:11","slug":"inmet-divulga-previsao-para-semana-de-24-a-30-de-novembro","status":"publish","type":"post","link":"https:\/\/agromt.news\/?p=24736","title":{"rendered":"INMET divulga previs\u00e3o para semana de 24 a 30 de novembro"},"content":{"rendered":"<p> <br \/>\n<\/p>\n<div>\n<p style=\"text-align:justify\">Na Regi\u00e3o Norte, \u00e1reas de instabilidade dever\u00e3o se concentrar na regi\u00e3o central do Amazonas, enquanto os demais estados encontram uma distribui\u00e7\u00e3o maior de chuvas, com baixos acumulados em 5 dias em torno de 20-50 mm, com exce\u00e7\u00e3o do Amap\u00e1, norte do Par\u00e1 e leste de Roraima, onde n\u00e3o deve chover ou apenas de poss\u00edveis chuvas r\u00e1pidas localizadas. Em linhas gerais, chove especialmente no Amazonas ao longo da semana. J\u00e1 para a umidade relativa do ar, de maneira geral, segue com \u00edndices elevados na Regi\u00e3o Norte (igual ou acima de 50%) \u00e0 exce\u00e7\u00e3o do Amap\u00e1 e norte do Par\u00e1, onde poder\u00e1 atingir n\u00edveis em torno dos 30% ao longo da semana.&#13;\n<\/p>\n<p style=\"text-align:justify\">Em praticamente toda a Regi\u00e3o Nordeste a previs\u00e3o \u00e9 sem chuvas esta semana, exceto sul e oeste da Bahia, que deve ocorrer sob a forma de chuva recorrente a partir do dia 26\/11, quarta-feira, aumentando progressivamente os volumes entre os dias 26 e 27\/11. Os acumulados no interior oeste e sul da Bahia podem ficar entre 50 e 100 mm, com maior destaque para os dias 26 e 27, que tendem a apresentar chuva mais intensa e de maiores acumulados em 24h (40-60 mm). Tamb\u00e9m h\u00e1 previs\u00e3o de chuva, com volumes menores, ao longo da semana corrente no interior de Piau\u00ed e Maranh\u00e3o, com pancadas isoladas. Al\u00e9m disso, s\u00e3o esperados baixos \u00edndices de umidade relativa do ar durante a semana em todos os estados, principalmente na regi\u00e3o de encontro do Piau\u00ed, Cear\u00e1, Pernambuco e Bahia, onde os valores em torno de 20-30%, pontualmente podendo ficar abaixo de 15%, elevando tais \u00edndices (para em torno ou acima de 50%) ao passo que a chuva ocorrer no sul e oeste baiano.<\/p>\n<p style=\"text-align:justify\">Na Regi\u00e3o Centro-Oeste, espera-se chuvas volumosas no norte de Goi\u00e1s (100-150 mm), e chuvas de volumes menores, mas concentradas no norte da regi\u00e3o Centro-Oeste (60-80 mm), e supress\u00e3o das chuvas a partir do dia 26\/11 no sul dos estados e em todo MS. No Distrito Federal podem ocorrer chuvas em forma de pancadas em momentos da semana, mas de maneira localizada e r\u00e1pida, sem grandes contribui\u00e7\u00f5es com os acumulados, que ficam em torno de 30 a 60 mm em 5 dias. Destaca-se, tamb\u00e9m, a previs\u00e3o de umidade relativa em torno de 50%, declinando para entre 30-40% ao longo da semana, com menores \u00edndices no Centro-Sul da regi\u00e3o.&#13;\n<\/p>\n<p style=\"text-align:justify\">Para a Regi\u00e3o Sudeste, a previs\u00e3o indica chuva volumosa no in\u00edcio da semana devido \u00e0 atua\u00e7\u00e3o de um transiente, em todos os estados, com o deslocamento de um ciclone subtropical associado a uma frente fria, que inicia a semana com chuvas volumosas (40-100 mm) em S\u00e3o Paulo, e possibilidade de tempestades em todo o estado, com maior destaque para a faixa litor\u00e2nea. No dia seguinte (25\/11) tais chuvas ocorrem no estado do Rio de Janeiro e metade sul de Minas Gerais, posteriormente (dia 26\/11) no norte de Minas e Esp\u00edrito Santo, mas com volumes menores. Em linhas gerais os maiores acumulados devem ocorrer no litoral de S\u00e3o Paulo e sul do estado do RJ, com acumulados em 24h que podem superar 100 mm entre os dias 24 e 25\/11. S\u00e3o esperados menores \u00edndices de umidade relativa do ar no meio da semana em Minas Gerais, com valores entre 30-40%, e ficando em torno ou acima de 50% nas demais \u00e1reas do Sudeste.<\/p>\n<p style=\"text-align:justify\">Para a Regi\u00e3o Sul, h\u00e1 previs\u00e3o de chuvas intensas no ramo leste e litoral de SC e PR devido \u00e0 atua\u00e7\u00e3o de um cavado em n\u00edveis m\u00e9dios (que for\u00e7ar\u00e1 o ciclone subtropical), favorecendo maiores acumulados no norte de SC e em todo litoral do estado do Paran\u00e1, que podem superar os 115 mm no dia 24\/11, per\u00edodo de maior concentra\u00e7\u00e3o das chuvas na regi\u00e3o Sul. Para os dias 25 a 28 praticamente cessam as ocorr\u00eancias de chuva de grande escala, podendo ocorrer chuva pontual no litoral de SC e PR, mas de baixos acumulados. Durante a semana a umidade relativa do ar m\u00ednima ficar\u00e1 em torno de 40-50%. \u00a0&#13;\n<\/p>\n<\/p><\/div>\n<p><script data-cfasync=\"false\">\n    !function (f, b, e, v, n, t, s) {\n        if (f.fbq) return; n = f.fbq = function () {\n            n.callMethod ?\n                n.callMethod.apply(n, arguments) : n.queue.push(arguments)\n        };\n        if (!f._fbq) f._fbq = n; n.push = n; n.loaded = !0; n.version = '2.0';\n        n.queue = []; t = b.createElement(e); t.async = !0;\n        t.src = v; s = b.getElementsByTagName(e)[0];\n        s.parentNode.insertBefore(t, s)\n    }(window, document, 'script',\n        'https:\/\/connect.facebook.net\/en_US\/fbevents.js');\n    fbq('init', '522546078623747');\n    fbq('track', 'PageView');\n<\/script><br \/>\n<br \/><br \/>\n<br \/><a href=\"https:\/\/www.agrolink.com.br\/noticias\/inmet-divulga-previsao-para-semana-de-24-a-30-de-novembro_508353.html\">Source link <\/a><\/p>\n","protected":false},"excerpt":{"rendered":"<p>Na Regi\u00e3o Norte, \u00e1reas de instabilidade dever\u00e3o se concentrar na regi\u00e3o central do Amazonas, enquanto os demais estados encontram uma<\/p>\n","protected":false},"author":1,"featured_media":11635,"comment_status":"open","ping_status":"open","sticky":false,"template":"","format":"standard","meta":{"_monsterinsights_skip_tracking":false,"_monsterinsights_sitenote_active":false,"_monsterinsights_sitenote_note":"","_monsterinsights_sitenote_category":0,"_uf_show_specific_survey":0,"_uf_disable_surveys":false,"footnotes":""},"categories":[8,1,14],"tags":[],"class_list":["post-24736","post","type-post","status-publish","format-standard","has-post-thumbnail","hentry","category-agro","category-news","category-politica-agro"],"_links":{"self":[{"href":"https:\/\/agromt.news\/index.php?rest_route=\/wp\/v2\/posts\/24736"}],"collection":[{"href":"https:\/\/agromt.news\/index.php?rest_route=\/wp\/v2\/posts"}],"about":[{"href":"https:\/\/agromt.news\/index.php?rest_route=\/wp\/v2\/types\/post"}],"author":[{"embeddable":true,"href":"https:\/\/agromt.news\/index.php?rest_route=\/wp\/v2\/users\/1"}],"replies":[{"embeddable":true,"href":"https:\/\/agromt.news\/index.php?rest_route=%2Fwp%2Fv2%2Fcomments&post=24736"}],"version-history":[{"count":0,"href":"https:\/\/agromt.news\/index.php?rest_route=\/wp\/v2\/posts\/24736\/revisions"}],"wp:featuredmedia":[{"embeddable":true,"href":"https:\/\/agromt.news\/index.php?rest_route=\/wp\/v2\/media\/11635"}],"wp:attachment":[{"href":"https:\/\/agromt.news\/index.php?rest_route=%2Fwp%2Fv2%2Fmedia&parent=24736"}],"wp:term":[{"taxonomy":"category","embeddable":true,"href":"https:\/\/agromt.news\/index.php?rest_route=%2Fwp%2Fv2%2Fcategories&post=24736"},{"taxonomy":"post_tag","embeddable":true,"href":"https:\/\/agromt.news\/index.php?rest_route=%2Fwp%2Fv2%2Ftags&post=24736"}],"curies":[{"name":"wp","href":"https:\/\/api.w.org\/{rel}","templated":true}]}}