{"id":24672,"date":"2025-11-25T16:06:36","date_gmt":"2025-11-25T20:06:36","guid":{"rendered":"https:\/\/agromt.news\/?p=24672"},"modified":"2025-11-25T16:06:36","modified_gmt":"2025-11-25T20:06:36","slug":"ministerio-dos-transportes-preve-21-leiloes-de-rodovias-e-ferrovias-para-2026","status":"publish","type":"post","link":"https:\/\/agromt.news\/?p=24672","title":{"rendered":"Minist\u00e9rio dos Transportes prev\u00ea 21 leil\u00f5es de rodovias e ferrovias para 2026"},"content":{"rendered":"<p> <br \/>\n<br \/><img decoding=\"async\" src=\"https:\/\/agromt.news\/wp-content\/uploads\/2025\/08\/Agronegocio-quer-a-expansao-da-malha-ferroviaria-diz-integrante-da.jpg\" \/><\/p>\n<div>\n<p>O Minist\u00e9rio dos Transportes planeja realizar 21 leil\u00f5es em 2026, sendo 13 rodovi\u00e1rios e oito ferrovi\u00e1rios. A expectativa \u00e9 que as concess\u00f5es somem R$ 288 bilh\u00f5es em investimentos, segundo a carteira de projetos divulgada pela pasta nesta ter\u00e7a-feira, 25.<\/p>\n<p>Para o setor rodovi\u00e1rio, a estimativa \u00e9 de R$ 148 bilh\u00f5es em investimentos, com projetos em todas as regi\u00f5es do pa\u00eds.<\/p>\n<p>A Rota Agro Central (BR-070\/174\/364\/MT\/RO) foi retirada do calend\u00e1rio, reduzindo a proje\u00e7\u00e3o inicial de 14 para 13 certames. Essa agenda inclui sete novas concess\u00f5es e seis otimiza\u00e7\u00f5es de contratos j\u00e1 existentes. <\/p>\n<p><em>Veja em primeira m\u00e3o tudo sobre agricultura, pecu\u00e1ria, economia e previs\u00e3o do tempo:<\/em><a href=\"https:\/\/news.google.com\/publications\/CAAqBwgKMPKZlQswq_mqAw?hl=pt-BR&amp;gl=BR&amp;ceid=BR%3Apt-419\" target=\"_blank\" rel=\"noreferrer noopener\"><em>\u00a0siga o Canal Rural no Google News!<\/em><\/a><\/p>\n<p>Se todos leil\u00f5es previstos para o pr\u00f3ximo ano forem realizados, o Minist\u00e9rio dos Transportes ir\u00e1 igualar a marca de 2025. At\u00e9 o momento, foram 12 disputas neste ano, que ir\u00e3o se somar \u00e0 repactua\u00e7\u00e3o da Fern\u00e3o Dias, em dezembro. Com isso, o governo se aproxima da meta de 35 disputas em quatro anos, apresentada no in\u00edcio do mandato.<\/p>\n<p>\u201cA imprensa e boa parte do mercado n\u00e3o acreditavam que seria poss\u00edvel, mas conseguimos cumprir o que diz\u00edamos\u201d, afirmou o ministro dos Transportes, Renan Filho, na cerim\u00f4nia de apresenta\u00e7\u00e3o da carteira.<\/p>\n<h2 class=\"wp-block-heading\" id=\"h-cronograma-rodoviario\"><b>Cronograma rodovi\u00e1rio<\/b><\/h2>\n<p>O cronograma de concess\u00f5es do pr\u00f3ximo ano come\u00e7a em mar\u00e7o, com a Rota dos Sert\u00f5es (BR-116\/BA\/PE), Rotas Gerais (BR-116\/251\/MG) e otimiza\u00e7\u00e3o da R\u00e9gis Bittencourt (BR-116\/SP\/PR). Para abril, est\u00e1 prevista a otimiza\u00e7\u00e3o da Rota Arco Norte (BR-163\/MT\/PA).<\/p>\n<p>Nos meses seguintes, o calend\u00e1rio avan\u00e7a com mais duas repactua\u00e7\u00f5es: a Rota do Pequi (BR-060\/153\/DF\/GO), marcada para junho, e a Rota Litoral Sul (BR-116\/376\/PR e BR-101\/SC), prevista para julho.<\/p>\n<p>Em agosto, ocorre o leil\u00e3o da Rota Portu\u00e1ria do Sul (BR-116\/392\/RS), seguido, em setembro, pela otimiza\u00e7\u00e3o da Rota Planalto Sul (BR-116\/PR\/SC). Em outubro, est\u00e1 programada a otimiza\u00e7\u00e3o da Rodovia Transbrasiliana (BR-153\/SP).<\/p>\n<p>A Rota 2 de Julho (BR-116\/324\/BA) e as Rodovias Integradas de Santa Catarina, Lotes 1 e 3, est\u00e3o previstas para novembro. O calend\u00e1rio se encerra em dezembro, com o leil\u00e3o da Rota Integra\u00e7\u00e3o do Sul (BR-116\/158\/290\/392\/RS).<\/p>\n<h2 class=\"wp-block-heading\" id=\"h-ferrovias\"><b>Ferrovias<\/b><\/h2>\n<p>J\u00e1 para o setor ferrovi\u00e1rio, a proje\u00e7\u00e3o \u00e9 de oito leil\u00f5es, movimentando R$ 140 bilh\u00f5es em investimentos. O primeiro previsto \u00e9 o Corredor Minas-Rio, em abril. Em junho, deve ocorrer a disputa pelo Anel Ferrovi\u00e1rio Sudeste.<\/p>\n<p>Em julho, est\u00e1 previsto o leil\u00e3o da Malha Oeste e em agosto, o do Corredor Leste-Oeste. Em setembro, ser\u00e1 a vez da Ferrogr\u00e3o. Tr\u00eas certames encerram a agenda, em dezembro: Malha Sul \u2013 Corredor Paran\u00e1 \u2013 Santa Catarina, Malha Sul \u2013 Corredor Rio Grande e Malha Sul \u2013 Corredor Mercosul.<\/p>\n<\/p><\/div>\n<p><br \/>\n<br \/><a href=\"https:\/\/www.canalrural.com.br\/nacional\/ministerio-dos-transportes-preve-21-leiloes-para-2026-com-13-rodoviarios-e-8-ferroviarios\/\">Source link <\/a><\/p>\n","protected":false},"excerpt":{"rendered":"<p>O Minist\u00e9rio dos Transportes planeja realizar 21 leil\u00f5es em 2026, sendo 13 rodovi\u00e1rios e oito ferrovi\u00e1rios. A expectativa \u00e9 que<\/p>\n","protected":false},"author":1,"featured_media":18109,"comment_status":"open","ping_status":"open","sticky":false,"template":"","format":"standard","meta":{"_monsterinsights_skip_tracking":false,"_monsterinsights_sitenote_active":false,"_monsterinsights_sitenote_note":"","_monsterinsights_sitenote_category":0,"_uf_show_specific_survey":0,"_uf_disable_surveys":false,"footnotes":""},"categories":[1],"tags":[],"class_list":["post-24672","post","type-post","status-publish","format-standard","has-post-thumbnail","hentry","category-news"],"_links":{"self":[{"href":"https:\/\/agromt.news\/index.php?rest_route=\/wp\/v2\/posts\/24672"}],"collection":[{"href":"https:\/\/agromt.news\/index.php?rest_route=\/wp\/v2\/posts"}],"about":[{"href":"https:\/\/agromt.news\/index.php?rest_route=\/wp\/v2\/types\/post"}],"author":[{"embeddable":true,"href":"https:\/\/agromt.news\/index.php?rest_route=\/wp\/v2\/users\/1"}],"replies":[{"embeddable":true,"href":"https:\/\/agromt.news\/index.php?rest_route=%2Fwp%2Fv2%2Fcomments&post=24672"}],"version-history":[{"count":0,"href":"https:\/\/agromt.news\/index.php?rest_route=\/wp\/v2\/posts\/24672\/revisions"}],"wp:featuredmedia":[{"embeddable":true,"href":"https:\/\/agromt.news\/index.php?rest_route=\/wp\/v2\/media\/18109"}],"wp:attachment":[{"href":"https:\/\/agromt.news\/index.php?rest_route=%2Fwp%2Fv2%2Fmedia&parent=24672"}],"wp:term":[{"taxonomy":"category","embeddable":true,"href":"https:\/\/agromt.news\/index.php?rest_route=%2Fwp%2Fv2%2Fcategories&post=24672"},{"taxonomy":"post_tag","embeddable":true,"href":"https:\/\/agromt.news\/index.php?rest_route=%2Fwp%2Fv2%2Ftags&post=24672"}],"curies":[{"name":"wp","href":"https:\/\/api.w.org\/{rel}","templated":true}]}}