{"id":2467,"date":"2024-09-29T11:20:59","date_gmt":"2024-09-29T15:20:59","guid":{"rendered":"https:\/\/agromt.news\/?p=2467"},"modified":"2024-09-29T11:20:59","modified_gmt":"2024-09-29T15:20:59","slug":"cotacoes-no-mercado-do-frango-ficam-estagnadas-nesta-sexta-feira-23","status":"publish","type":"post","link":"https:\/\/agromt.news\/?p=2467","title":{"rendered":"Cota\u00e7\u00f5es no mercado do frango ficam estagnadas nesta sexta-feira (23)"},"content":{"rendered":"<p> <br \/>\n<\/p>\n<div>\n<div class=\"materia\">\n<p><img decoding=\"async\" alt=\"Logotipo Not&#xED;cias Agr&#xED;colas\" height=\"21\" src=\"https:\/\/cdn.noticiasagricolas.com.br\/dbimagens\/e12363a00741f9cc7caf23469101a4aa.png\" width=\"106\"\/><\/p>\n<p>O mercado do frango encerra esta semana de negocia\u00e7\u00f5es nesta sexta-feira (23) com cota\u00e7\u00f5es est\u00e1veis. De acordo com an\u00e1lise do Cepea, o poder de compra de avicultores do estado de S\u00e3o Paulo frente aos principais insumos utilizados na atividade (milho e farelo de soja) vem crescendo em agosto. Isso porque, enquanto os pre\u00e7os do frango vivo est\u00e3o subindo, os do milho registram pequena alta e os do farelo, queda, em rela\u00e7\u00e3o a julho.\u00a0<\/p>\n<p>De acordo com a Scot Consultoria, o valor do frango na granja em S\u00e3o Paulo ficou est\u00e1vel, custando, em m\u00e9dia, R$ 5,50\/kg, assim como a ave no atacado, fechando, em m\u00e9dia, R$ 6,20\/kg.<\/p>\n<p>No caso do animal vivo, o pre\u00e7o n\u00e3o mudou em Santa Catarina, cotado a R$ 4,38\/kg, da mesma maneira que no Paran\u00e1, custando R$ 4,66\/kg.<\/p>\n<p>Conforme informa\u00e7\u00f5es do Cepea\/Esalq,Vivo, referentes \u00e0 quinta-feira (22), tanto o frango congelado quanto a ave resfriada ficaram est\u00e1veis, curando, respectivamente, R$ 7,17\/kg e R$ 7,20\/kg.<\/p>\n<\/div>\n<div class=\"grupo-whatsapp\">\nJ\u00e1 segue nosso Canal oficial no WhatsApp? <a href=\"https:\/\/bit.ly\/Canal_NA\" target=\"_blank\" rel=\"noopener\"><strong>Clique Aqui<\/strong><\/a> para receber em primeira m\u00e3o as principais not\u00edcias do agroneg\u00f3cio\n<\/div>\n<\/div>\n<p><script async defer src=\"https:\/\/connect.facebook.net\/en_US\/sdk.js\" type=\"f46df4e3a9c204ff7cbb1a30-text\/javascript\"><\/script><script type=\"f46df4e3a9c204ff7cbb1a30-text\/javascript\">\n  !function(f,b,e,v,n,t,s)\n  {if(f.fbq)return;n=f.fbq=function(){n.callMethod?\n    n.callMethod.apply(n,arguments):n.queue.push(arguments)};\n    if(!f._fbq)f._fbq=n;n.push=n;n.loaded=!0;n.version='2.0';\n    n.queue=[];t=b.createElement(e);t.async=!0;\n    t.src=v;s=b.getElementsByTagName(e)[0];\n    s.parentNode.insertBefore(t,s)}(window, document,'script',\n    'https:\/\/connect.facebook.net\/en_US\/fbevents.js');\n  fbq('init', '153495679422335');\n  fbq('track', 'PageView');\n<\/script><br \/>\n<br \/><br \/>\n<br \/><a href=\"https:\/\/www.noticiasagricolas.com.br\/noticias\/granjeiros\/383516-cotacoes-no-mercado-do-frango-ficam-estagnadas-nesta-sexta-feira-23.html\">Source link <\/a><\/p>\n","protected":false},"excerpt":{"rendered":"<p>O mercado do frango encerra esta semana de negocia\u00e7\u00f5es nesta sexta-feira (23) com cota\u00e7\u00f5es est\u00e1veis. De acordo com an\u00e1lise do<\/p>\n","protected":false},"author":1,"featured_media":2468,"comment_status":"open","ping_status":"open","sticky":false,"template":"","format":"standard","meta":{"_monsterinsights_skip_tracking":false,"_monsterinsights_sitenote_active":false,"_monsterinsights_sitenote_note":"","_monsterinsights_sitenote_category":0,"_uf_show_specific_survey":0,"_uf_disable_surveys":false,"footnotes":""},"categories":[8,1,14,16],"tags":[],"class_list":["post-2467","post","type-post","status-publish","format-standard","has-post-thumbnail","hentry","category-agro","category-news","category-politica-agro","category-safra"],"_links":{"self":[{"href":"https:\/\/agromt.news\/index.php?rest_route=\/wp\/v2\/posts\/2467"}],"collection":[{"href":"https:\/\/agromt.news\/index.php?rest_route=\/wp\/v2\/posts"}],"about":[{"href":"https:\/\/agromt.news\/index.php?rest_route=\/wp\/v2\/types\/post"}],"author":[{"embeddable":true,"href":"https:\/\/agromt.news\/index.php?rest_route=\/wp\/v2\/users\/1"}],"replies":[{"embeddable":true,"href":"https:\/\/agromt.news\/index.php?rest_route=%2Fwp%2Fv2%2Fcomments&post=2467"}],"version-history":[{"count":0,"href":"https:\/\/agromt.news\/index.php?rest_route=\/wp\/v2\/posts\/2467\/revisions"}],"wp:featuredmedia":[{"embeddable":true,"href":"https:\/\/agromt.news\/index.php?rest_route=\/wp\/v2\/media\/2468"}],"wp:attachment":[{"href":"https:\/\/agromt.news\/index.php?rest_route=%2Fwp%2Fv2%2Fmedia&parent=2467"}],"wp:term":[{"taxonomy":"category","embeddable":true,"href":"https:\/\/agromt.news\/index.php?rest_route=%2Fwp%2Fv2%2Fcategories&post=2467"},{"taxonomy":"post_tag","embeddable":true,"href":"https:\/\/agromt.news\/index.php?rest_route=%2Fwp%2Fv2%2Ftags&post=2467"}],"curies":[{"name":"wp","href":"https:\/\/api.w.org\/{rel}","templated":true}]}}