{"id":24603,"date":"2025-11-24T17:49:48","date_gmt":"2025-11-24T21:49:48","guid":{"rendered":"https:\/\/agromt.news\/?p=24603"},"modified":"2025-11-24T17:49:48","modified_gmt":"2025-11-24T21:49:48","slug":"enmcoop-promete-experiencias-ineditas-para-as-mulheres-do-agro-em-dezembro","status":"publish","type":"post","link":"https:\/\/agromt.news\/?p=24603","title":{"rendered":"Enmcoop promete experi\u00eancias in\u00e9ditas para as mulheres do agro em dezembro"},"content":{"rendered":"<p> <br \/>\n<\/p>\n<div>\n<p>A diversidade da mulher brasileira e a riqueza do agro mostradas de variadas formas. Brasilidade, regionalidade e multiculturalismo estar\u00e3o no centro do 6\u00aa Encontro Nacional das Mulheres Cooperativistas (Enmcoop), que acontece nos dias 2 e 3 de dezembro, no White Pavilion, que \u00e9 o Centro de Conven\u00e7\u00f5es do parque aqu\u00e1tico Wet\u2019n Wild, em Itupeva (SP).<\/p>\n<p>Al\u00e9m de todo conte\u00fado t\u00e9cnico que o evento sempre traz, a programa\u00e7\u00e3o deste ano ser\u00e1 uma vitrine da pluralidade do agroneg\u00f3cio, com um espa\u00e7o diferenciado dedicado \u00e0 mostrar as produ\u00e7\u00f5es do agro, as culturas e as tradi\u00e7\u00f5es de todas as regi\u00f5es brasileiras, em parceria com a Faesp, a Federa\u00e7\u00e3o de Agricultura e Pecu\u00e1ria de S\u00e3o Paulo. O evento reunir\u00e1 mulheres de diferentes regi\u00f5es do pa\u00eds que, al\u00e9m de produzirem e tomarem decis\u00f5es dentro da porteira, carregam tradi\u00e7\u00f5es que traduzem a cultura brasileira, desde manifesta\u00e7\u00f5es art\u00edsticas presentes nas m\u00fasicas at\u00e9 saberes transmitidos pelo campo de gera\u00e7\u00e3o em gera\u00e7\u00e3o, como na literatura.<\/p>\n<figure class=\"wp-block-image size-large\"><img fetchpriority=\"high\" decoding=\"async\" width=\"1024\" height=\"682\" alt=\"\" class=\"wp-image-4141216\"  data-lazy- src=\"https:\/\/agromt.news\/wp-content\/uploads\/2025\/11\/Enmcoop-promete-experiencias-ineditas-para-as-mulheres-do-agro-em.jpeg\"\/><img decoding=\"async\" width=\"1024\" height=\"682\" src=\"https:\/\/agromt.news\/wp-content\/uploads\/2025\/11\/Enmcoop-promete-experiencias-ineditas-para-as-mulheres-do-agro-em.jpeg\" alt=\"\" class=\"wp-image-4141216\"  \/><\/figure>\n<p>O 6\u00ba Encoop tamb\u00e9m abrir\u00e1 as portas para as culturas e tradi\u00e7\u00f5es que os colonizadores europeus trouxeram para o Brasil quando chegaram em nossas terras, como os holandeses, alem\u00e3es e italianos, cujas ra\u00edzes permanecem muito fortes em v\u00e1rios estados brasileiros, em especial Rio Grande do Sul, S\u00e3o Paulo, Santa Catarina e Paran\u00e1. O evento ter\u00e1 apresenta\u00e7\u00f5es culturais e v\u00e1rias surpresas para as mais de mil mulheres que devem participar desta edi\u00e7\u00e3o.<\/p>\n<p>Para Graziela Gon\u00e7alves, diretora-executiva do Grupo Conecta e respons\u00e1vel pela abertura oficial, o evento \u00e9 uma oportunidade de traduzir a grandeza do papel feminino no agro. \u201cValorizar a mulher \u00e9 olhar para todos os aspectos que ela representa: desde a produ\u00e7\u00e3o dentro do campo e a tomada de decis\u00e3o at\u00e9 a cultura que ela carrega e traduz no dia a dia. O Enmcoop \u00e9 tamb\u00e9m um espa\u00e7o para que essas hist\u00f3rias sejam compartilhadas entre elas, criando um abra\u00e7o coletivo que mostra a diversidade cultural e a dimens\u00e3o do nosso Brasil.\u201d<\/p>\n<p>Com o tema \u201cA for\u00e7a das mulheres nas cooperativas: conectando realidades e potencializando resultados\u201d, o encontro vai ampliar os debates sobre lideran\u00e7a, finan\u00e7as sustent\u00e1veis, inova\u00e7\u00e3o tecnol\u00f3gica, sa\u00fade mental, sucess\u00e3o familiar e desenvolvimento pessoal. Entre as palestrantes confirmadas est\u00e3o Leandra Miglioranza (comit\u00ea Elas pelo Coop), Juliana Farah (Semeadoras do Agro \u2013 Faesp), a jornalista M\u00f4nica Salgado, a consultora Mariely Biff, e a empres\u00e1ria Daniella Marques, CEO da Legend e ex-presidente da Caixa Econ\u00f4mica Federal. <\/p>\n<p>O encontro tamb\u00e9m receber\u00e1 a neurocientista e psicanalista Andrea Vermont, com o tema \u201cQuem cuida de quem cuida?\u201d, e contar\u00e1 com palestras da psic\u00f3loga e especialista em desenvolvimento humano Alessandra Mattar e da jornalista especializada em comportamento feminino Mara Ferraz.<\/p>\n<figure class=\"wp-block-image size-large\"><img decoding=\"async\" width=\"1024\" height=\"682\" alt=\"\" class=\"wp-image-4141217\"  data-lazy- src=\"https:\/\/agromt.news\/wp-content\/uploads\/2025\/11\/1764020988_911_Enmcoop-promete-experiencias-ineditas-para-as-mulheres-do-agro-em.jpeg\"\/><img loading=\"lazy\" decoding=\"async\" width=\"1024\" height=\"682\" src=\"https:\/\/agromt.news\/wp-content\/uploads\/2025\/11\/1764020988_911_Enmcoop-promete-experiencias-ineditas-para-as-mulheres-do-agro-em.jpeg\" alt=\"\" class=\"wp-image-4141217\"  \/><\/figure>\n<p>Para a palestrante Luciana Martins, diretora-executiva do Grupo Conecta, o evento \u00e9 transformador. \u201cNesses seis anos de execu\u00e7\u00e3o do Encontro Nacional de Mulheres Cooperativistas pude ver de perto as transforma\u00e7\u00f5es profundas na vida de tantas mulheres do agro. Mulheres que criaram novos empreendimentos, que inovaram dentro de suas propriedades, que industrializaram e deram novos rumos \u00e0 sua trajet\u00f3ria. O encontro \u00e9 esse espa\u00e7o de despertar: ele mostra a cada mulher o quanto ela pode, o quanto \u00e9 capaz. Nosso prop\u00f3sito \u00e9 cuidar desse trip\u00e9 essencial: espiritualidade, autoconhecimento e profissionaliza\u00e7\u00e3o que conecta, fortalece e prepara para novos n\u00edveis. E por onde passo no Brasil, ou\u00e7o sempre: \u2018O Enmcoop transformou a minha vida\u2019. Essa \u00e9 a nossa miss\u00e3o: revelar dons, gerar abund\u00e2ncia e mostrar que a mulher do campo tem um poder \u00fanico de transformar realidades\u201d, diz.<\/p>\n<figure class=\"wp-block-image size-large\"><img loading=\"lazy\" decoding=\"async\" width=\"1024\" height=\"680\" alt=\"\" class=\"wp-image-4141218\"  data-lazy- src=\"https:\/\/agromt.news\/wp-content\/uploads\/2025\/11\/1764020988_175_Enmcoop-promete-experiencias-ineditas-para-as-mulheres-do-agro-em.jpeg\"\/><img loading=\"lazy\" decoding=\"async\" width=\"1024\" height=\"680\" src=\"https:\/\/agromt.news\/wp-content\/uploads\/2025\/11\/1764020988_175_Enmcoop-promete-experiencias-ineditas-para-as-mulheres-do-agro-em.jpeg\" alt=\"\" class=\"wp-image-4141218\"  \/><\/figure>\n<p>De acordo com o Anu\u00e1rio do Cooperativismo Brasileiro 2025 (Sistema OCB), as cooperativas agropecu\u00e1rias movimentaram R$ 438,3 bilh\u00f5es em 2024, alta de 3,6% sobre o ano anterior. A distribui\u00e7\u00e3o de sobras aos cooperados somou R$ 30,2 bilh\u00f5es, crescimento de 47%. <\/p>\n<p>Atualmente, as mulheres representam 41% dos mais de 23 milh\u00f5es de cooperados no pa\u00eds, o equivalente a cerca de 9,43 milh\u00f5es de pessoas. Ap\u00f3s edi\u00e7\u00f5es realizadas em um navio, em 2023, e em Florian\u00f3polis, em 2024, a expectativa \u00e9 de que o Enmcoop 2025 supere novamente as experi\u00eancias anteriores, consolidando uma rede nacional de colabora\u00e7\u00e3o feminina no agro.<\/p>\n<figure class=\"wp-block-image size-large\"><img loading=\"lazy\" decoding=\"async\" width=\"1024\" height=\"682\" alt=\"\" class=\"wp-image-4141219\"  data-lazy- src=\"https:\/\/agromt.news\/wp-content\/uploads\/2025\/11\/1764020988_618_Enmcoop-promete-experiencias-ineditas-para-as-mulheres-do-agro-em.jpeg\"\/><img loading=\"lazy\" decoding=\"async\" width=\"1024\" height=\"682\" src=\"https:\/\/agromt.news\/wp-content\/uploads\/2025\/11\/1764020988_618_Enmcoop-promete-experiencias-ineditas-para-as-mulheres-do-agro-em.jpeg\" alt=\"\" class=\"wp-image-4141219\"  \/><\/figure>\n<\/p><\/div>\n<p><br \/>\n<br \/><a href=\"https:\/\/www.canalrural.com.br\/feiras-e-eventos\/enmcoop-promete-experiencias-ineditas-para-as-mulheres-do-agro-em-dezembro\/\">Source link <\/a><\/p>\n","protected":false},"excerpt":{"rendered":"<p>A diversidade da mulher brasileira e a riqueza do agro mostradas de variadas formas. Brasilidade, regionalidade e multiculturalismo estar\u00e3o no<\/p>\n","protected":false},"author":1,"featured_media":24604,"comment_status":"open","ping_status":"open","sticky":false,"template":"","format":"standard","meta":{"_monsterinsights_skip_tracking":false,"_monsterinsights_sitenote_active":false,"_monsterinsights_sitenote_note":"","_monsterinsights_sitenote_category":0,"_uf_show_specific_survey":0,"_uf_disable_surveys":false,"footnotes":""},"categories":[1],"tags":[],"class_list":["post-24603","post","type-post","status-publish","format-standard","has-post-thumbnail","hentry","category-news"],"_links":{"self":[{"href":"https:\/\/agromt.news\/index.php?rest_route=\/wp\/v2\/posts\/24603"}],"collection":[{"href":"https:\/\/agromt.news\/index.php?rest_route=\/wp\/v2\/posts"}],"about":[{"href":"https:\/\/agromt.news\/index.php?rest_route=\/wp\/v2\/types\/post"}],"author":[{"embeddable":true,"href":"https:\/\/agromt.news\/index.php?rest_route=\/wp\/v2\/users\/1"}],"replies":[{"embeddable":true,"href":"https:\/\/agromt.news\/index.php?rest_route=%2Fwp%2Fv2%2Fcomments&post=24603"}],"version-history":[{"count":0,"href":"https:\/\/agromt.news\/index.php?rest_route=\/wp\/v2\/posts\/24603\/revisions"}],"wp:featuredmedia":[{"embeddable":true,"href":"https:\/\/agromt.news\/index.php?rest_route=\/wp\/v2\/media\/24604"}],"wp:attachment":[{"href":"https:\/\/agromt.news\/index.php?rest_route=%2Fwp%2Fv2%2Fmedia&parent=24603"}],"wp:term":[{"taxonomy":"category","embeddable":true,"href":"https:\/\/agromt.news\/index.php?rest_route=%2Fwp%2Fv2%2Fcategories&post=24603"},{"taxonomy":"post_tag","embeddable":true,"href":"https:\/\/agromt.news\/index.php?rest_route=%2Fwp%2Fv2%2Ftags&post=24603"}],"curies":[{"name":"wp","href":"https:\/\/api.w.org\/{rel}","templated":true}]}}