{"id":24582,"date":"2025-11-24T13:11:55","date_gmt":"2025-11-24T17:11:55","guid":{"rendered":"https:\/\/agromt.news\/?p=24582"},"modified":"2025-11-24T13:11:55","modified_gmt":"2025-11-24T17:11:55","slug":"faca-parte-da-abertura-nacional-da-colheita-da-soja-2025-26","status":"publish","type":"post","link":"https:\/\/agromt.news\/?p=24582","title":{"rendered":"Fa\u00e7a parte da Abertura Nacional da Colheita da Soja 2025\/26!"},"content":{"rendered":"<p> <br \/>\n<br \/><img decoding=\"async\" src=\"https:\/\/agromt.news\/wp-content\/uploads\/2025\/11\/Faca-parte-da-Abertura-Nacional-da-Colheita-da-Soja-202526.jpg\" \/><\/p>\n<div>\n<p>A safra de soja 2025 ter\u00e1 seu in\u00edcio simb\u00f3lico celebrado no dia 30 de janeiro, \u00e0s 9h, durante a <a href=\"https:\/\/www.canalrural.com.br\/agricultura\/projeto-soja-brasil\/porto-nacional-recebera-evento-que-marcai-inicio-da-colheita-de-soja-no-brasil-saiba-mais\/\">Abertura Nacional da Colheita da Soja<\/a>, realizada na Fazenda Alto da Serra, em Porto Nacional (TO). Produtores rurais, lideran\u00e7as do setor, autoridades e entidades do agroneg\u00f3cio participar\u00e3o da cerim\u00f4nia, que destaca a soja como motor de desenvolvimento econ\u00f4mico e sustent\u00e1vel no Brasil.<\/p>\n<ul class=\"wp-block-list\">\n<li><strong><em>Fique por dentro das novidades e not\u00edcias recentes sobre a soja! Participe da nossa comunidade atrav\u00e9s do\u00a0<a href=\"https:\/\/chat.whatsapp.com\/BmMRwA0TZ2DHGyhzoaVEWu\">link<\/a>! \ud83c\udf31<\/em><\/strong><\/li>\n<\/ul>\n<p>Com o tema \u201cOnde a soja cresce, a transforma\u00e7\u00e3o acontece\u201d, o evento marca o in\u00edcio oficial da colheita da principal cultura agr\u00edcola do pa\u00eds e refor\u00e7a o papel estrat\u00e9gico do Tocantins como uma das regi\u00f5es mais promissoras para o avan\u00e7o da produ\u00e7\u00e3o nacional de gr\u00e3os.<\/p>\n<p>Para a presidente da Aprosoja Tocantins, Caroline Barcellos, receber a abertura nacional representa um marco para o estado e para o setor produtivo. \u201cTocantins \u00e9 hoje um exemplo de produtividade, sustentabilidade e integra\u00e7\u00e3o entre campo e cidade\u201d, afirma. Segundo ela, sediar o evento \u00e9 reconhecer o trabalho de cada produtor que impulsiona o desenvolvimento do pa\u00eds e reafirmar o potencial do estado como protagonista do agro brasileiro.<\/p>\n<p>O presidente da Aprosoja Brasil, Maur\u00edcio Buffon, destaca que a escolha do Tocantins reflete a for\u00e7a da nova fronteira agr\u00edcola nacional. \u201cA cada safra, o Tocantins consolida sua import\u00e2ncia na produ\u00e7\u00e3o de soja e milho, com tecnologia, gest\u00e3o e sustentabilidade. Este evento \u00e9 uma celebra\u00e7\u00e3o ao esfor\u00e7o do produtor brasileiro e uma oportunidade de mostrar ao Brasil e ao mundo a for\u00e7a do nosso agro\u201d, pontua.<\/p>\n<p>A cerim\u00f4nia ser\u00e1 transmitida ao vivo pelo Canal Rural e pelas redes sociais, permitindo que produtores e o p\u00fablico de todas as regi\u00f5es acompanhem o in\u00edcio simb\u00f3lico da colheita. A realiza\u00e7\u00e3o \u00e9 do Canal Rural e da Aprosoja Brasil, com apoio da Aprosoja Tocantins e do Grupo Wink, anfitri\u00e3o do evento.<\/p>\n<p>N\u00e3o fique de fora: anote na agenda! <\/p>\n<\/p><\/div>\n<p><br \/>\n<br \/><a href=\"https:\/\/www.canalrural.com.br\/agricultura\/projeto-soja-brasil\/faca-parte-da-abertura-nacional-da-colheita-da-soja-2025-26\/\">Source link <\/a><\/p>\n","protected":false},"excerpt":{"rendered":"<p>A safra de soja 2025 ter\u00e1 seu in\u00edcio simb\u00f3lico celebrado no dia 30 de janeiro, \u00e0s 9h, durante a Abertura<\/p>\n","protected":false},"author":1,"featured_media":19581,"comment_status":"open","ping_status":"open","sticky":false,"template":"","format":"standard","meta":{"_monsterinsights_skip_tracking":false,"_monsterinsights_sitenote_active":false,"_monsterinsights_sitenote_note":"","_monsterinsights_sitenote_category":0,"_uf_show_specific_survey":0,"_uf_disable_surveys":false,"footnotes":""},"categories":[1],"tags":[],"class_list":["post-24582","post","type-post","status-publish","format-standard","has-post-thumbnail","hentry","category-news"],"_links":{"self":[{"href":"https:\/\/agromt.news\/index.php?rest_route=\/wp\/v2\/posts\/24582"}],"collection":[{"href":"https:\/\/agromt.news\/index.php?rest_route=\/wp\/v2\/posts"}],"about":[{"href":"https:\/\/agromt.news\/index.php?rest_route=\/wp\/v2\/types\/post"}],"author":[{"embeddable":true,"href":"https:\/\/agromt.news\/index.php?rest_route=\/wp\/v2\/users\/1"}],"replies":[{"embeddable":true,"href":"https:\/\/agromt.news\/index.php?rest_route=%2Fwp%2Fv2%2Fcomments&post=24582"}],"version-history":[{"count":0,"href":"https:\/\/agromt.news\/index.php?rest_route=\/wp\/v2\/posts\/24582\/revisions"}],"wp:featuredmedia":[{"embeddable":true,"href":"https:\/\/agromt.news\/index.php?rest_route=\/wp\/v2\/media\/19581"}],"wp:attachment":[{"href":"https:\/\/agromt.news\/index.php?rest_route=%2Fwp%2Fv2%2Fmedia&parent=24582"}],"wp:term":[{"taxonomy":"category","embeddable":true,"href":"https:\/\/agromt.news\/index.php?rest_route=%2Fwp%2Fv2%2Fcategories&post=24582"},{"taxonomy":"post_tag","embeddable":true,"href":"https:\/\/agromt.news\/index.php?rest_route=%2Fwp%2Fv2%2Ftags&post=24582"}],"curies":[{"name":"wp","href":"https:\/\/api.w.org\/{rel}","templated":true}]}}