{"id":24523,"date":"2025-11-22T16:22:49","date_gmt":"2025-11-22T20:22:49","guid":{"rendered":"https:\/\/agromt.news\/?p=24523"},"modified":"2025-11-22T16:22:49","modified_gmt":"2025-11-22T20:22:49","slug":"o-segredo-da-nutricao-que-garante-concepcao-e-bezerro-pesado","status":"publish","type":"post","link":"https:\/\/agromt.news\/?p=24523","title":{"rendered":"o segredo da nutri\u00e7\u00e3o que garante concep\u00e7\u00e3o e bezerro pesado"},"content":{"rendered":"<p> <br \/>\n<br \/><img decoding=\"async\" src=\"https:\/\/agromt.news\/wp-content\/uploads\/2025\/11\/o-segredo-da-nutricao-que-garante-concepcao-e-bezerro-pesado.jpg\" \/><\/p>\n<div>\n<p>A chegada do per\u00edodo das chuvas marca o momento em que os produtores se organizam para dar in\u00edcio a uma das fases mais importantes do calend\u00e1rio produtivo da fazenda: a esta\u00e7\u00e3o reprodutiva. <\/p>\n<p>O sucesso dessa fase depende, essencialmente, de um planejamento nutricional que se estenda ao longo de todo o ano, garantindo que as matrizes atinjam o escore corporal ideal para a concep\u00e7\u00e3o.<\/p>\n<p>Em entrevista ao <em>Mercado &amp; Companhia<\/em>, o especialista em pecu\u00e1ria Vicente Albuquerque destaca que o planejamento nutricional n\u00e3o se limita ao ter\u00e7o final de gesta\u00e7\u00e3o, mas deve ser programado desde a concep\u00e7\u00e3o at\u00e9 a amamenta\u00e7\u00e3o do bezerro. <\/p>\n<p>Segundo ele, a nutri\u00e7\u00e3o estrat\u00e9gica \u00e9 o fator que garante melhores \u00edndices de prenhez, menor retorno ao cio e, consequentemente, maior lucratividade.<\/p>\n<p>Confira a entrevista completa:<\/p>\n<p><iframe title=\"Raio X da Pecu\u00e1ria: Planejamento nutricional garante melhores resultados na \u00e9poca de monta\" width=\"800\" height=\"450\" src=\"https:\/\/www.youtube.com\/embed\/LJ1tHRIv3XA?feature=oembed\" frameborder=\"0\" allow=\"accelerometer; autoplay; clipboard-write; encrypted-media; gyroscope; picture-in-picture; web-share\" referrerpolicy=\"strict-origin-when-cross-origin\" allowfullscreen><\/iframe><noscript><iframe title=\"Raio X da Pecu\u00e1ria: Planejamento nutricional garante melhores resultados na \u00e9poca de monta\" width=\"800\" height=\"450\" src=\"https:\/\/www.youtube.com\/embed\/LJ1tHRIv3XA?feature=oembed\" frameborder=\"0\" allow=\"accelerometer; autoplay; clipboard-write; encrypted-media; gyroscope; picture-in-picture; web-share\" referrerpolicy=\"strict-origin-when-cross-origin\" allowfullscreen><\/iframe><\/noscript><\/p>\n<h2 class=\"wp-block-heading\" id=\"h-planejamento-nutricional-suplementacao-sob-medida\"><strong>Planejamento nutricional: suplementa\u00e7\u00e3o sob medida<\/strong><\/h2>\n<p>O planejamento nutricional \u00e9 determinado, principalmente, pelo est\u00e1gio fisiol\u00f3gico das f\u00eameas e pela \u00e9poca do ano. A suplementa\u00e7\u00e3o deve ser estrat\u00e9gica, suprindo o que o pasto n\u00e3o oferece naquele momento:<\/p>\n<ul class=\"wp-block-list\">\n<li><strong>F\u00eameas com bom escore:<\/strong> se a matriz apresenta um bom escore de condi\u00e7\u00e3o corporal e h\u00e1 boa disponibilidade de forragem, a nutri\u00e7\u00e3o pode ser feita de forma simples, via suplementa\u00e7\u00e3o mineral.<\/li>\n<li><strong>F\u00eameas em recupera\u00e7\u00e3o:<\/strong> caso a f\u00eamea precise recuperar o escore corporal perdido em algum momento, o aporte nutricional precisa ser mais enf\u00e1tico, exigindo uma suplementa\u00e7\u00e3o proteica ou proteico-energ\u00e9tica.<\/li>\n<\/ul>\n<p>A \u00e9poca do ano tamb\u00e9m define a necessidade de suplementos. Na seca, \u00e9 necess\u00e1rio um pouco mais de ureia na formula\u00e7\u00e3o (suplementos minerais ureados). Na \u00e9poca das \u00e1guas, o aporte de ureia n\u00e3o \u00e9 t\u00e3o necess\u00e1rio.<\/p>\n<h2 class=\"wp-block-heading\" id=\"h-os-beneficios-de-calendarizar-a-estacao-de-monta\"><strong>Os benef\u00edcios de calendarizar a Esta\u00e7\u00e3o de Monta<\/strong><\/h2>\n<p>Estabelecer um per\u00edodo de Esta\u00e7\u00e3o de Monta (EM) na propriedade permite calendarizar todos os manejos e sincronizar o ciclo produtivo da fazenda com a natureza. <\/p>\n<p>O benef\u00edcio principal \u00e9 a possibilidade de alinhar a fase de maior requerimento nutricional das vacas (o per\u00edodo de lacta\u00e7\u00e3o) com a \u00e9poca do ano de maior disponibilidade de forragem (o per\u00edodo das \u00e1guas). Dessa forma, as f\u00eameas entram na esta\u00e7\u00e3o reprodutiva em uma melhor condi\u00e7\u00e3o corporal.<\/p>\n<p>Com uma boa nutri\u00e7\u00e3o, \u00e9 poss\u00edvel at\u00e9 diminuir o tempo do intervalo entre partos, modulando as dist\u00e2ncias e acelerando a produtividade do rebanho.<\/p>\n<h2 class=\"wp-block-heading\" id=\"h-peso-ideal-e-recuperacao-pos-parto\"><strong>Peso ideal e recupera\u00e7\u00e3o p\u00f3s-parto<\/strong><\/h2>\n<p>Para estarem aptas \u00e0 reprodu\u00e7\u00e3o, as f\u00eameas precisam atingir um peso m\u00ednimo e um bom escore corporal:<\/p>\n<ul class=\"wp-block-list\">\n<li><strong>Novilhas (primeira cria):<\/strong> devem atingir de 60% a 65% do peso da vaca adulta de sua respectiva ra\u00e7a.<\/li>\n<li><strong>F\u00eameas mult\u00edparas (experi\u00eancia de pari\u00e7\u00e3o):<\/strong> devem manter um escore de condi\u00e7\u00e3o corporal por volta de 3,5 (dentro de uma escala de 1 a 5).<\/li>\n<\/ul>\n<p>No per\u00edodo p\u00f3s-parto, a nutri\u00e7\u00e3o \u00e9 fundamental para que a vaca possa se recuperar rapidamente do esfor\u00e7o da pari\u00e7\u00e3o e da fase cr\u00edtica de amamenta\u00e7\u00e3o, recuperando o escore para que possa entrar em cio novamente e iniciar uma nova gesta\u00e7\u00e3o. <\/p>\n<p>Todo esse planejamento deve ser consolidado e acompanhado para minimizar os efeitos de perda de escore ou eventos adversos. A estrat\u00e9gia \u00e9 fornecer exatamente aquilo que o animal est\u00e1 precisando no momento mais adequado.<\/p>\n<\/p><\/div>\n<p><br \/>\n<br \/><a href=\"https:\/\/www.canalrural.com.br\/pecuaria\/estacao-reprodutiva-o-segredo-da-nutricao-que-garante-concepcao-e-bezerro-pesado\/\">Source link <\/a><\/p>\n","protected":false},"excerpt":{"rendered":"<p>A chegada do per\u00edodo das chuvas marca o momento em que os produtores se organizam para dar in\u00edcio a uma<\/p>\n","protected":false},"author":1,"featured_media":24524,"comment_status":"open","ping_status":"open","sticky":false,"template":"","format":"standard","meta":{"_monsterinsights_skip_tracking":false,"_monsterinsights_sitenote_active":false,"_monsterinsights_sitenote_note":"","_monsterinsights_sitenote_category":0,"_uf_show_specific_survey":0,"_uf_disable_surveys":false,"footnotes":""},"categories":[1],"tags":[],"class_list":["post-24523","post","type-post","status-publish","format-standard","has-post-thumbnail","hentry","category-news"],"_links":{"self":[{"href":"https:\/\/agromt.news\/index.php?rest_route=\/wp\/v2\/posts\/24523"}],"collection":[{"href":"https:\/\/agromt.news\/index.php?rest_route=\/wp\/v2\/posts"}],"about":[{"href":"https:\/\/agromt.news\/index.php?rest_route=\/wp\/v2\/types\/post"}],"author":[{"embeddable":true,"href":"https:\/\/agromt.news\/index.php?rest_route=\/wp\/v2\/users\/1"}],"replies":[{"embeddable":true,"href":"https:\/\/agromt.news\/index.php?rest_route=%2Fwp%2Fv2%2Fcomments&post=24523"}],"version-history":[{"count":0,"href":"https:\/\/agromt.news\/index.php?rest_route=\/wp\/v2\/posts\/24523\/revisions"}],"wp:featuredmedia":[{"embeddable":true,"href":"https:\/\/agromt.news\/index.php?rest_route=\/wp\/v2\/media\/24524"}],"wp:attachment":[{"href":"https:\/\/agromt.news\/index.php?rest_route=%2Fwp%2Fv2%2Fmedia&parent=24523"}],"wp:term":[{"taxonomy":"category","embeddable":true,"href":"https:\/\/agromt.news\/index.php?rest_route=%2Fwp%2Fv2%2Fcategories&post=24523"},{"taxonomy":"post_tag","embeddable":true,"href":"https:\/\/agromt.news\/index.php?rest_route=%2Fwp%2Fv2%2Ftags&post=24523"}],"curies":[{"name":"wp","href":"https:\/\/api.w.org\/{rel}","templated":true}]}}