{"id":24458,"date":"2025-11-21T15:15:05","date_gmt":"2025-11-21T19:15:05","guid":{"rendered":"https:\/\/agromt.news\/?p=24458"},"modified":"2025-11-21T15:15:05","modified_gmt":"2025-11-21T19:15:05","slug":"mercado-de-cafe-recua-com-oferta-e-tarifas-aponta-analise","status":"publish","type":"post","link":"https:\/\/agromt.news\/?p=24458","title":{"rendered":"Mercado de caf\u00e9 recua com oferta e tarifas, aponta an\u00e1lise"},"content":{"rendered":"<p> <br \/>\n<\/p>\n<div>\n<p>A semana foi marcada por forte oscila\u00e7\u00e3o nos pre\u00e7os internacionais do caf\u00e9, refletindo tens\u00f5es comerciais e o avan\u00e7o das colheitas em importantes origens produtoras, segundo informa\u00e7\u00f5es que foram divulgadas pela StoneX. Em Nova Iorque, o contrato de mar\u00e7o do caf\u00e9 ar\u00e1bica recuou 3,1%, equivalente a 1185 pontos, e terminou cotado a US\u00a2 374 por libra-peso. Em Londres, o robusta registrou queda ainda mais intensa, de 9,1%, fechando a USD 4.223 por tonelada.&#13;\n<\/p>\n<p>A movimenta\u00e7\u00e3o no robusta esteve ligada \u00e0 combina\u00e7\u00e3o entre mudan\u00e7as na pol\u00edtica comercial e ao in\u00edcio da colheita no Vietn\u00e3, maior produtor mundial dessa variedade, fatores que ampliaram a press\u00e3o baixista ao longo dos \u00faltimos dias. A sensibilidade do mercado a qualquer sinal sobre oferta se manteve elevada, em meio \u00e0 expectativa de entrada de novos volumes no circuito global.<\/p>\n<p>No Brasil, o movimento externo encontrou eco no comportamento das cota\u00e7\u00f5es internas. Segundo indicador do Cepea, o ar\u00e1bica caiu 3,8% e encerrou a R$ 2.204,71 por saca, enquanto o robusta teve baixa de 6,6%, para R$ 1.316,18 por saca. A volatilidade refletiu tanto o ajuste \u00e0s refer\u00eancias internacionais quanto a leitura dos agentes sobre a evolu\u00e7\u00e3o da produ\u00e7\u00e3o nacional. Com oferta crescente e incertezas na pol\u00edtica comercial, operadores mantiveram postura cautelosa, aguardando sinais mais claros sobre o ritmo de chegada da safra vietnamita e o comportamento da produ\u00e7\u00e3o brasileira nas pr\u00f3ximas semanas.&#13;\n<\/p>\n<p>\u201cEm Nova Iorque, o contrato de mar\u00e7o do caf\u00e9 ar\u00e1bica encerrou a semana com queda de 3,1%, equivalente a 1185 pontos, fechando a US\u00a2 374 por libra-peso. Em Londres, o Robusta registrou recuo mais acentuado, de 9,1%, terminando a USD 4.223 por tonelada. A press\u00e3o sobre o Robusta esteve relacionada tanto \u00e0 pol\u00edtica comercial quanto ao in\u00edcio da colheita no Vietn\u00e3, maior produtor mundial dessa variedade. No mercado interno brasileiro, o indicador Cepea para o ar\u00e1bica caiu 3,8%, encerrando a R$ 2.204,71 por saca, enquanto o robusta recuou 6,6%, cotado a R$ 1.316,18 por saca\u201d, escreveu.<br \/>&#13;<br \/>\n\u00a0<\/p>\n<\/p><\/div>\n<p><script data-cfasync=\"false\">\n    !function (f, b, e, v, n, t, s) {\n        if (f.fbq) return; n = f.fbq = function () {\n            n.callMethod ?\n                n.callMethod.apply(n, arguments) : n.queue.push(arguments)\n        };\n        if (!f._fbq) f._fbq = n; n.push = n; n.loaded = !0; n.version = '2.0';\n        n.queue = []; t = b.createElement(e); t.async = !0;\n        t.src = v; s = b.getElementsByTagName(e)[0];\n        s.parentNode.insertBefore(t, s)\n    }(window, document, 'script',\n        'https:\/\/connect.facebook.net\/en_US\/fbevents.js');\n    fbq('init', '522546078623747');\n    fbq('track', 'PageView');\n<\/script><br \/>\n<br \/><br \/>\n<br \/><a href=\"https:\/\/www.agrolink.com.br\/noticias\/mercado-de-cafe-recua-com-oferta-e-tarifas--aponta-analise_508214.html\">Source link <\/a><\/p>\n","protected":false},"excerpt":{"rendered":"<p>A semana foi marcada por forte oscila\u00e7\u00e3o nos pre\u00e7os internacionais do caf\u00e9, refletindo tens\u00f5es comerciais e o avan\u00e7o das colheitas<\/p>\n","protected":false},"author":1,"featured_media":15576,"comment_status":"open","ping_status":"open","sticky":false,"template":"","format":"standard","meta":{"_monsterinsights_skip_tracking":false,"_monsterinsights_sitenote_active":false,"_monsterinsights_sitenote_note":"","_monsterinsights_sitenote_category":0,"_uf_show_specific_survey":0,"_uf_disable_surveys":false,"footnotes":""},"categories":[8,1,14],"tags":[],"class_list":["post-24458","post","type-post","status-publish","format-standard","has-post-thumbnail","hentry","category-agro","category-news","category-politica-agro"],"_links":{"self":[{"href":"https:\/\/agromt.news\/index.php?rest_route=\/wp\/v2\/posts\/24458"}],"collection":[{"href":"https:\/\/agromt.news\/index.php?rest_route=\/wp\/v2\/posts"}],"about":[{"href":"https:\/\/agromt.news\/index.php?rest_route=\/wp\/v2\/types\/post"}],"author":[{"embeddable":true,"href":"https:\/\/agromt.news\/index.php?rest_route=\/wp\/v2\/users\/1"}],"replies":[{"embeddable":true,"href":"https:\/\/agromt.news\/index.php?rest_route=%2Fwp%2Fv2%2Fcomments&post=24458"}],"version-history":[{"count":0,"href":"https:\/\/agromt.news\/index.php?rest_route=\/wp\/v2\/posts\/24458\/revisions"}],"wp:featuredmedia":[{"embeddable":true,"href":"https:\/\/agromt.news\/index.php?rest_route=\/wp\/v2\/media\/15576"}],"wp:attachment":[{"href":"https:\/\/agromt.news\/index.php?rest_route=%2Fwp%2Fv2%2Fmedia&parent=24458"}],"wp:term":[{"taxonomy":"category","embeddable":true,"href":"https:\/\/agromt.news\/index.php?rest_route=%2Fwp%2Fv2%2Fcategories&post=24458"},{"taxonomy":"post_tag","embeddable":true,"href":"https:\/\/agromt.news\/index.php?rest_route=%2Fwp%2Fv2%2Ftags&post=24458"}],"curies":[{"name":"wp","href":"https:\/\/api.w.org\/{rel}","templated":true}]}}