{"id":24456,"date":"2025-11-21T14:14:13","date_gmt":"2025-11-21T18:14:13","guid":{"rendered":"https:\/\/agromt.news\/?p=24456"},"modified":"2025-11-21T14:14:13","modified_gmt":"2025-11-21T18:14:13","slug":"tarifa-sobre-cafe-soluvel-contrasta-com-progresso-da-negociacao-diz-abics","status":"publish","type":"post","link":"https:\/\/agromt.news\/?p=24456","title":{"rendered":"Tarifa sobre caf\u00e9 sol\u00favel contrasta com progresso da negocia\u00e7\u00e3o, diz Abics"},"content":{"rendered":"<p> <br \/>\n<br \/><img decoding=\"async\" src=\"https:\/\/agromt.news\/wp-content\/uploads\/2025\/11\/Tarifa-sobre-cafe-soluvel-contrasta-com-progresso-da-negociacao-diz.jpg\" \/><\/p>\n<div>\n<p>A Associa\u00e7\u00e3o Brasileira da Ind\u00fastria de Caf\u00e9 Sol\u00favel <a href=\"https:\/\/www.canalrural.com.br\/tag\/abics\/\">(Abics)<\/a> disse, em comunicado nesta sexta-feira (21), lamentar que o caf\u00e9 sol\u00favel brasileiro tenha sido mantido na lista de produtos sujeitos \u00e0 taxa de 50% imposta pelo governo dos Estados Unidos em agosto deste ano. <\/p>\n<p>Na quinta-feira (20), o presidente norte-americano Donald Trump anunciou a isen\u00e7\u00e3o da tarifa de 40% para produtos agr\u00edcolas do Brasil. \u201cCelebramos a revers\u00e3o das tarifas; as taxas sobre o caf\u00e9 sol\u00favel contrastam com o progresso geral nas negocia\u00e7\u00f5es bilaterais e representam um desafio cont\u00ednuo para o setor\u201d, disse a Abics, em nota.<\/p>\n<p>A associa\u00e7\u00e3o destacou que celebra a revers\u00e3o das tarifas para outras categorias agr\u00edcolas, mas a manuten\u00e7\u00e3o da tarifa sobre o caf\u00e9 sol\u00favel segue afetando o setor de forma \u201csevera\u201d.<\/p>\n<p>\u201cOs embarques de caf\u00e9 sol\u00favel do Brasil para os EUA sofreram uma redu\u00e7\u00e3o de mais de 52% em volume desde agosto\u201d, disse a Abics na nota.<\/p>\n<p>Al\u00e9m disso, a entidade refor\u00e7ou que as taxas inviabilizam a competitividade do produto brasileiro, favorecendo outras origens. \u201cO mercado americano representa cerca de 20% do volume total das exporta\u00e7\u00f5es brasileiras de sol\u00favel, gerando receitas anuais de aproximadamente US$ 200 milh\u00f5es. Agora, pela primeira vez, a R\u00fassia assume a posi\u00e7\u00e3o de principal destino do produto brasileiro.\u201d<\/p>\n<p>A Abics ainda chamou aten\u00e7\u00e3o para o risco iminente de que o caf\u00e9 sol\u00favel brasileiro seja permanentemente substitu\u00eddo por produtos de outros destinos nas prateleiras dos supermercados americanos. \u201cUma vez perdida essa fatia de mercado e a lealdade do consumidor, a recupera\u00e7\u00e3o futura ser\u00e1 uma miss\u00e3o extremamente dif\u00edcil, com perdas duradouras para toda a cadeia produtiva nacional\u201d, afirmou.<\/p>\n<p>A entidade disse que seguir\u00e1 mobilizada para buscar a isen\u00e7\u00e3o completa do caf\u00e9 sol\u00favel.<\/p>\n<\/p><\/div>\n<p><br \/>\n<br \/><a href=\"https:\/\/www.canalrural.com.br\/agricultura\/cafe\/abics-manutencao-da-tarifa-sobre-soluvel-contrasta-com-progresso-da-negociacao\/\">Source link <\/a><\/p>\n","protected":false},"excerpt":{"rendered":"<p>A Associa\u00e7\u00e3o Brasileira da Ind\u00fastria de Caf\u00e9 Sol\u00favel (Abics) disse, em comunicado nesta sexta-feira (21), lamentar que o caf\u00e9 sol\u00favel<\/p>\n","protected":false},"author":1,"featured_media":24457,"comment_status":"open","ping_status":"open","sticky":false,"template":"","format":"standard","meta":{"_monsterinsights_skip_tracking":false,"_monsterinsights_sitenote_active":false,"_monsterinsights_sitenote_note":"","_monsterinsights_sitenote_category":0,"_uf_show_specific_survey":0,"_uf_disable_surveys":false,"footnotes":""},"categories":[1],"tags":[],"class_list":["post-24456","post","type-post","status-publish","format-standard","has-post-thumbnail","hentry","category-news"],"_links":{"self":[{"href":"https:\/\/agromt.news\/index.php?rest_route=\/wp\/v2\/posts\/24456"}],"collection":[{"href":"https:\/\/agromt.news\/index.php?rest_route=\/wp\/v2\/posts"}],"about":[{"href":"https:\/\/agromt.news\/index.php?rest_route=\/wp\/v2\/types\/post"}],"author":[{"embeddable":true,"href":"https:\/\/agromt.news\/index.php?rest_route=\/wp\/v2\/users\/1"}],"replies":[{"embeddable":true,"href":"https:\/\/agromt.news\/index.php?rest_route=%2Fwp%2Fv2%2Fcomments&post=24456"}],"version-history":[{"count":0,"href":"https:\/\/agromt.news\/index.php?rest_route=\/wp\/v2\/posts\/24456\/revisions"}],"wp:featuredmedia":[{"embeddable":true,"href":"https:\/\/agromt.news\/index.php?rest_route=\/wp\/v2\/media\/24457"}],"wp:attachment":[{"href":"https:\/\/agromt.news\/index.php?rest_route=%2Fwp%2Fv2%2Fmedia&parent=24456"}],"wp:term":[{"taxonomy":"category","embeddable":true,"href":"https:\/\/agromt.news\/index.php?rest_route=%2Fwp%2Fv2%2Fcategories&post=24456"},{"taxonomy":"post_tag","embeddable":true,"href":"https:\/\/agromt.news\/index.php?rest_route=%2Fwp%2Fv2%2Ftags&post=24456"}],"curies":[{"name":"wp","href":"https:\/\/api.w.org\/{rel}","templated":true}]}}