{"id":24452,"date":"2025-11-21T13:04:03","date_gmt":"2025-11-21T17:04:03","guid":{"rendered":"https:\/\/agromt.news\/?p=24452"},"modified":"2025-11-21T13:04:03","modified_gmt":"2025-11-21T17:04:03","slug":"presidente-da-cop30-pede-consenso-na-reta-final-das-negociacoes","status":"publish","type":"post","link":"https:\/\/agromt.news\/?p=24452","title":{"rendered":"Presidente da COP30 pede consenso na reta final das negocia\u00e7\u00f5es"},"content":{"rendered":"<p> <br \/>\n<br \/><img decoding=\"async\" src=\"https:\/\/agromt.news\/wp-content\/uploads\/2025\/11\/Presidente-da-COP30-pede-consenso-na-reta-final-das-negociacoes.jpg\" \/><\/p>\n<div>\n<p>O presidente da COP30, <a href=\"https:\/\/www.canalrural.com.br\/tag\/andre-correa-do-lago\/\">Andr\u00e9 Corr\u00eaa do Lago<\/a>, refor\u00e7ou nesta sexta-feira (21) que os pa\u00edses precisam construir consenso para avan\u00e7ar nas negocia\u00e7\u00f5es clim\u00e1ticas na fase decisiva da confer\u00eancia. Ao abrir a plen\u00e1ria informal no espa\u00e7o oficial do evento, em Bel\u00e9m, o embaixador afirmou que a coopera\u00e7\u00e3o internacional \u00e9 fundamental para destravar pontos sens\u00edveis do texto final.<\/p>\n<p>Corr\u00eaa do Lago disse que o processo multilateral exige acordos coletivos e ressaltou que a busca por converg\u00eancia n\u00e3o deve ser encarada como disputa entre vencedores e vencidos. Segundo ele, o fortalecimento desse entendimento \u00e9 essencial para manter a credibilidade das decis\u00f5es adotadas no \u00e2mbito da Conven\u00e7\u00e3o do Clima.<\/p>\n<h3 class=\"wp-block-heading\" id=\"h-multilateralismo-e-conexao-com-a-sociedade\">Multilateralismo e conex\u00e3o com a sociedade<\/h3>\n<p>Ao detalhar as prioridades da presid\u00eancia brasileira, o embaixador afirmou que tr\u00eas metas est\u00e3o pr\u00f3ximas de ser cumpridas: refor\u00e7ar o multilateralismo, aproximar o debate clim\u00e1tico do cotidiano das pessoas e acelerar a implementa\u00e7\u00e3o do Acordo de Paris. O tratado internacional, firmado em 2015, prev\u00ea metas de redu\u00e7\u00e3o de gases de efeito estufa e o limite de aquecimento global de 1,5\u00b0C.<\/p>\n<p>Corr\u00eaa do Lago tamb\u00e9m destacou o simbolismo de sediar a confer\u00eancia em Bel\u00e9m. Para ele, realizar a COP no cora\u00e7\u00e3o da Amaz\u00f4nia ajuda a evidenciar os desafios de conserva\u00e7\u00e3o do bioma e a rela\u00e7\u00e3o direta entre floresta e clima. O embaixador afirmou que a presen\u00e7a de delega\u00e7\u00f5es na regi\u00e3o contribuiu para ampliar a compreens\u00e3o sobre a import\u00e2ncia da prote\u00e7\u00e3o das \u00e1reas naturais.<\/p>\n<h3 class=\"wp-block-heading\" id=\"h-incendio-e-mensagem-de-solidariedade\">Inc\u00eandio e mensagem de solidariedade<\/h3>\n<p>Durante o discurso, o presidente da COP30 mencionou o inc\u00eandio que atingiu parte dos pavilh\u00f5es do evento na quinta-feira (20). Ele reconheceu os preju\u00edzos, mas afirmou que a resposta conjunta das equipes de seguran\u00e7a e dos participantes demonstrou esp\u00edrito de colabora\u00e7\u00e3o.<\/p>\n<p>Corr\u00eaa do Lago disse que essa rea\u00e7\u00e3o r\u00e1pida refor\u00e7a a ideia de vulnerabilidade compartilhada e pode servir de inspira\u00e7\u00e3o para as tratativas finais da confer\u00eancia. O embaixador agradeceu as manifesta\u00e7\u00f5es de apoio recebidas ap\u00f3s o incidente e afirmou que o epis\u00f3dio mostrou a capacidade de atua\u00e7\u00e3o conjunta diante de situa\u00e7\u00f5es de risco.<\/p>\n<p>A COP30 segue em Bel\u00e9m com expectativa de conclus\u00e3o do texto final nos pr\u00f3ximos dias, reunindo negocia\u00e7\u00f5es sobre financiamento clim\u00e1tico, mitiga\u00e7\u00e3o e adapta\u00e7\u00e3o.<\/p>\n<\/p><\/div>\n<p><br \/>\n<br \/><a href=\"https:\/\/www.canalrural.com.br\/cop30\/presidente-da-cop30-pede-consenso-na-reta-final-das-negociacoes\/\">Source link <\/a><\/p>\n","protected":false},"excerpt":{"rendered":"<p>O presidente da COP30, Andr\u00e9 Corr\u00eaa do Lago, refor\u00e7ou nesta sexta-feira (21) que os pa\u00edses precisam construir consenso para avan\u00e7ar<\/p>\n","protected":false},"author":1,"featured_media":24453,"comment_status":"open","ping_status":"open","sticky":false,"template":"","format":"standard","meta":{"_monsterinsights_skip_tracking":false,"_monsterinsights_sitenote_active":false,"_monsterinsights_sitenote_note":"","_monsterinsights_sitenote_category":0,"_uf_show_specific_survey":0,"_uf_disable_surveys":false,"footnotes":""},"categories":[1],"tags":[],"class_list":["post-24452","post","type-post","status-publish","format-standard","has-post-thumbnail","hentry","category-news"],"_links":{"self":[{"href":"https:\/\/agromt.news\/index.php?rest_route=\/wp\/v2\/posts\/24452"}],"collection":[{"href":"https:\/\/agromt.news\/index.php?rest_route=\/wp\/v2\/posts"}],"about":[{"href":"https:\/\/agromt.news\/index.php?rest_route=\/wp\/v2\/types\/post"}],"author":[{"embeddable":true,"href":"https:\/\/agromt.news\/index.php?rest_route=\/wp\/v2\/users\/1"}],"replies":[{"embeddable":true,"href":"https:\/\/agromt.news\/index.php?rest_route=%2Fwp%2Fv2%2Fcomments&post=24452"}],"version-history":[{"count":0,"href":"https:\/\/agromt.news\/index.php?rest_route=\/wp\/v2\/posts\/24452\/revisions"}],"wp:featuredmedia":[{"embeddable":true,"href":"https:\/\/agromt.news\/index.php?rest_route=\/wp\/v2\/media\/24453"}],"wp:attachment":[{"href":"https:\/\/agromt.news\/index.php?rest_route=%2Fwp%2Fv2%2Fmedia&parent=24452"}],"wp:term":[{"taxonomy":"category","embeddable":true,"href":"https:\/\/agromt.news\/index.php?rest_route=%2Fwp%2Fv2%2Fcategories&post=24452"},{"taxonomy":"post_tag","embeddable":true,"href":"https:\/\/agromt.news\/index.php?rest_route=%2Fwp%2Fv2%2Ftags&post=24452"}],"curies":[{"name":"wp","href":"https:\/\/api.w.org\/{rel}","templated":true}]}}