{"id":24451,"date":"2025-11-21T12:47:31","date_gmt":"2025-11-21T16:47:31","guid":{"rendered":"https:\/\/agromt.news\/?p=24451"},"modified":"2025-11-21T12:47:31","modified_gmt":"2025-11-21T16:47:31","slug":"isencao-do-ir-para-renda-de-ate-r-5-mil-sai-na-proxima-sema","status":"publish","type":"post","link":"https:\/\/agromt.news\/?p=24451","title":{"rendered":"isen\u00e7\u00e3o do IR para renda de at\u00e9 R$ 5 mil sai na pr\u00f3xima sema"},"content":{"rendered":"<p> <br \/>\n<br \/><img decoding=\"async\" src=\"https:\/\/agromt.news\/wp-content\/uploads\/2025\/02\/Plano-Safra-maior-e-o-primeiro-passo-para-conter-inflacao.jpg\" \/><\/p>\n<div>\n<p>O governo federal deve oficializar na pr\u00f3xima semana a amplia\u00e7\u00e3o da faixa de isen\u00e7\u00e3o do <a href=\"https:\/\/www.canalrural.com.br\/tag\/imposto-de-renda\/\">Imposto de Renda<\/a> para contribuintes que ganham at\u00e9 R$ 5 mil mensais. A informa\u00e7\u00e3o foi confirmada pelo ministro da Fazenda, Fernando Haddad, durante a abertura do Sal\u00e3o do Autom\u00f3vel, em S\u00e3o Paulo.<\/p>\n<p>Haddad afirmou que a medida passar\u00e1 a valer em 1\u00ba de janeiro e ressaltou que o projeto foi aprovado por unanimidade no Congresso. Segundo ele, a mudan\u00e7a busca reduzir a carga sobre trabalhadores de menor renda e intensificar a tributa\u00e7\u00e3o sobre faixas mais altas.<\/p>\n<h3 class=\"wp-block-heading\" id=\"h-ampliacao-da-isencao-e-argumentos-do-governo\">Amplia\u00e7\u00e3o da isen\u00e7\u00e3o e argumentos do governo<\/h3>\n<p>Ao comentar a proposta, Haddad disse que a iniciativa segue uma linha de \u201ccorrigir distor\u00e7\u00f5es\u201d do sistema tribut\u00e1rio, ampliando o al\u00edvio fiscal para quem recebe menos. O ministro defendeu que a nova faixa de isen\u00e7\u00e3o \u00e9 parte de um conjunto de ajustes que, na avalia\u00e7\u00e3o do governo, fortalecem a pol\u00edtica econ\u00f4mica.<\/p>\n<p>Ele tamb\u00e9m fez um balan\u00e7o de indicadores recentes. Haddad afirmou que a infla\u00e7\u00e3o segue em trajet\u00f3ria controlada e destacou o desemprego em n\u00edveis historicamente baixos. Para o ministro, esses dados demonstram um cen\u00e1rio mais favor\u00e1vel do que o percebido por parte da popula\u00e7\u00e3o.<\/p>\n<h3 class=\"wp-block-heading\" id=\"h-contexto-economico-e-declaracao-de-lula\">Contexto econ\u00f4mico e declara\u00e7\u00e3o de Lula<\/h3>\n<p>O ministro criticou a pouca repercuss\u00e3o desses resultados nas redes sociais e na imprensa, afirmando que parte das melhorias \u201cn\u00e3o tem recebido o devido destaque\u201d.<\/p>\n<p>O presidente Luiz In\u00e1cio Lula da Silva tamb\u00e9m participou do evento. Em sua fala, comentou a decis\u00e3o do governo norte-americano de retirar tarifas sobre produtos brasileiros, como caf\u00e9, carne e frutas. Para Lula, a medida abre espa\u00e7o para ampliar exporta\u00e7\u00f5es em setores relevantes da pauta agropecu\u00e1ria.<\/p>\n<p>A san\u00e7\u00e3o da nova faixa de isen\u00e7\u00e3o do Imposto de Renda deve ser publicada ap\u00f3s o retorno do presidente a Bras\u00edlia, encerrando a etapa final de tramita\u00e7\u00e3o do projeto. O governo estima que o reajuste da tabela alivie o peso tribut\u00e1rio sobre milh\u00f5es de contribuintes a partir do pr\u00f3ximo ano.<\/p>\n<\/p><\/div>\n<p><br \/>\n<br \/><a href=\"https:\/\/www.canalrural.com.br\/economia\/haddad-isencao-do-ir-para-renda-de-ate-r-5-mil-sai-na-proxima-sema\/\">Source link <\/a><\/p>\n","protected":false},"excerpt":{"rendered":"<p>O governo federal deve oficializar na pr\u00f3xima semana a amplia\u00e7\u00e3o da faixa de isen\u00e7\u00e3o do Imposto de Renda para contribuintes<\/p>\n","protected":false},"author":1,"featured_media":9951,"comment_status":"open","ping_status":"open","sticky":false,"template":"","format":"standard","meta":{"_monsterinsights_skip_tracking":false,"_monsterinsights_sitenote_active":false,"_monsterinsights_sitenote_note":"","_monsterinsights_sitenote_category":0,"_uf_show_specific_survey":0,"_uf_disable_surveys":false,"footnotes":""},"categories":[1],"tags":[],"class_list":["post-24451","post","type-post","status-publish","format-standard","has-post-thumbnail","hentry","category-news"],"_links":{"self":[{"href":"https:\/\/agromt.news\/index.php?rest_route=\/wp\/v2\/posts\/24451"}],"collection":[{"href":"https:\/\/agromt.news\/index.php?rest_route=\/wp\/v2\/posts"}],"about":[{"href":"https:\/\/agromt.news\/index.php?rest_route=\/wp\/v2\/types\/post"}],"author":[{"embeddable":true,"href":"https:\/\/agromt.news\/index.php?rest_route=\/wp\/v2\/users\/1"}],"replies":[{"embeddable":true,"href":"https:\/\/agromt.news\/index.php?rest_route=%2Fwp%2Fv2%2Fcomments&post=24451"}],"version-history":[{"count":0,"href":"https:\/\/agromt.news\/index.php?rest_route=\/wp\/v2\/posts\/24451\/revisions"}],"wp:featuredmedia":[{"embeddable":true,"href":"https:\/\/agromt.news\/index.php?rest_route=\/wp\/v2\/media\/9951"}],"wp:attachment":[{"href":"https:\/\/agromt.news\/index.php?rest_route=%2Fwp%2Fv2%2Fmedia&parent=24451"}],"wp:term":[{"taxonomy":"category","embeddable":true,"href":"https:\/\/agromt.news\/index.php?rest_route=%2Fwp%2Fv2%2Fcategories&post=24451"},{"taxonomy":"post_tag","embeddable":true,"href":"https:\/\/agromt.news\/index.php?rest_route=%2Fwp%2Fv2%2Ftags&post=24451"}],"curies":[{"name":"wp","href":"https:\/\/api.w.org\/{rel}","templated":true}]}}