{"id":24240,"date":"2025-11-18T07:54:36","date_gmt":"2025-11-18T11:54:36","guid":{"rendered":"https:\/\/agromt.news\/?p=24240"},"modified":"2025-11-18T07:54:36","modified_gmt":"2025-11-18T11:54:36","slug":"para-evitar-impasses-cop30-monta-forca-tarefa-para-fechar-acordos","status":"publish","type":"post","link":"https:\/\/agromt.news\/?p=24240","title":{"rendered":"Para evitar impasses, COP30 monta for\u00e7a-tarefa para fechar acordos"},"content":{"rendered":"<p> <br \/>\n<\/p>\n<div>\n<p>A presid\u00eancia da <a href=\"https:\/\/www.canalrural.com.br\/cop30\/\">30\u00aa Confer\u00eancia das Na\u00e7\u00f5es Unidas sobre Mudan\u00e7as Clim\u00e1ticas <\/a>(COP30) anunciou na segunda-feira (17) que montou uma for\u00e7a-tarefa entre os negociadores dos pa\u00edses participantes para acelerar as discuss\u00f5es e definir um conjunto de medidas, no que est\u00e1 sendo chamado de Pacote de Bel\u00e9m.<\/p>\n<p>A ideia \u00e9 que o pacote seja aprovado em duas etapas: a primeira sendo finalizada para aprova\u00e7\u00e3o ainda na plen\u00e1ria de quarta-feira (19), dois dias antes do encerramento oficial da confer\u00eancia; e a segunda para ser conclu\u00edda na sexta-feira (21), data final do evento.<\/p>\n<p><em>Veja em primeira m\u00e3o tudo sobre agricultura, pecu\u00e1ria, economia e previs\u00e3o do tempo:<\/em><a href=\"https:\/\/news.google.com\/publications\/CAAqBwgKMPKZlQswq_mqAw?hl=pt-BR&amp;gl=BR&amp;ceid=BR%3Apt-419\" target=\"_blank\" rel=\"noreferrer noopener\"><em>\u00a0siga o Canal Rural no Google News!<\/em><\/a><\/p>\n<p>A metodologia de trabalho foi comunicada em carta enviada \u00e0s partes pelo presidente da COP30, Andr\u00e9 Corr\u00eaa do Lago, nesta semana decisiva do evento \u2013 que ocorre pela primeira vez na Amaz\u00f4nia \u2013 quando ministros dos diferentes governos est\u00e3o na capital paraense com poder pol\u00edtico para fechar poss\u00edveis acordos.<\/p>\n<p>\u201cTrabalhemos lado a lado, em modo de for\u00e7a-tarefa, para implementar o Pacote de Bel\u00e9m: com rapidez, equidade e respeito por todos. Aceleremos o ritmo, superemos as divis\u00f5es e foquemos n\u00e3o no que nos separa, mas no que nos une em prop\u00f3sito e humanidade\u201d, diz um trecho da carta do embaixador.<\/p>\n<p>\u201cO mundo observa n\u00e3o s\u00f3 o que decidimos, mas como decidimos: se o nosso processo reflete confian\u00e7a, generosidade e coragem. Mais importante ainda, o mutir\u00e3o pode demonstrar a nossa capacidade de trabalhar em conjunto para responder \u00e0 urg\u00eancia\u201d, declara outro trecho do documento.<\/p>\n<h2 class=\"wp-block-heading\" id=\"h-pacote-de-belem\">Pacote de Bel\u00e9m<\/h2>\n<p>Os itens do pacote que podem ter suas decis\u00f5es antecipadas incluem o Objetivo Global de Adapta\u00e7\u00e3o (GGA, na sigla em ingl\u00eas), o programa de trabalho sobre transi\u00e7\u00e3o justa, planos nacionais de adapta\u00e7\u00e3o, financiamento clim\u00e1tico, programa de trabalho sobre mitiga\u00e7\u00e3o, assuntos relacionados \u00e0 Comiss\u00e3o Permanente de Finan\u00e7as, ao Fundo Verde para o Clima e ao Fundo Global para o Meio Ambiente e orienta\u00e7\u00f5es ao Fundo para Resposta a Perdas e Danos.<\/p>\n<p>Tamb\u00e9m est\u00e3o inclu\u00eddos nesse primeiro pacote relat\u00f3rio e assuntos relacionados ao Fundo de Adapta\u00e7\u00e3o, Programa de Implementa\u00e7\u00e3o de Tecnologia e assuntos relacionados ao Artigo 13 do Acordo de Paris, que trata dos relat\u00f3rios de transpar\u00eancia das a\u00e7\u00f5es clim\u00e1ticas.<\/p>\n<p>\u201cO que a presid\u00eancia prop\u00f4s e as partes aceitaram \u00e9 tentar concluir esse primeiro pacote de decis\u00f5es at\u00e9 quarta-feira \u00e0 noite. E, com isso, n\u00f3s mostraremos que o multilateralismo pode gerar entregas e entregas antes mesmo do prazo final\u201d, destacou a diretora do Departamento de Clima do Minist\u00e9rio das Rela\u00e7\u00f5es Exteriores (MRE), embaixadora Liliam Chagas.<\/p>\n<p>Al\u00e9m desses itens que est\u00e3o j\u00e1 consolidados na Agenda de A\u00e7\u00e3o da COP30, h\u00e1 um conjunto de quatro temas, que incluem o apelo por amplia\u00e7\u00e3o das metas clim\u00e1ticas \u2013 as Contribui\u00e7\u00f5es Nacionalmente Determinadas (NDCs, na sigla em ingl\u00eas) -, o financiamento p\u00fablico de pa\u00edses desenvolvidos a pa\u00edses em desenvolvimento, medidas unilaterais de com\u00e9rcio (imposi\u00e7\u00e3o de tarifas) e relat\u00f3rios biaunais de transpar\u00eancia.<\/p>\n<p>Esses pontos, em conjunto, tamb\u00e9m est\u00e3o sendo chamados de mutir\u00e3o de Bel\u00e9m. O segundo pacote tratar\u00e1 de outras quest\u00f5es t\u00e9cnicas. Ao todo, a Agenda de A\u00e7\u00e3o da COP30 tem cerca de 145 itens.<\/p>\n<p>Para viabilizar a for\u00e7a-tarefa, a presid\u00eancia da COP30 vai pedir autoriza\u00e7\u00e3o \u00e0 Conven\u00e7\u00e3o-Quadro das Na\u00e7\u00f5es Unidas sobre Mudan\u00e7as Clim\u00e1ticas (UNFCCC, na sigla em ingl\u00eas) para estender o hor\u00e1rio de funcionamento da confer\u00eancia, por tempo indeterminado.<\/p>\n<p>\u201cCada grupo decidir\u00e1 quanto tempo precisa para avan\u00e7ar com o trabalho em andamento\u201d, disse Liliam Chagas.<\/p>\n<p>\u201cEssa ideia surgiu do clima criado na primeira semana, e as partes [pa\u00edses] propuseram isso ao presidente, que seria poss\u00edvel. Ent\u00e3o, repito, essa ideia surgiu dessas conversas com as partes, n\u00e3o foi algo que definimos\u201d, refor\u00e7ou Corr\u00eaa do Lago, presidente da confer\u00eancia em Bel\u00e9m.<\/p>\n<h2 class=\"wp-block-heading\" id=\"h-reacoes\">Rea\u00e7\u00f5es<\/h2>\n<p>Organiza\u00e7\u00f5es da sociedade civil que acompanham as negocia\u00e7\u00f5es avaliaram positivamente o an\u00fancio do pacote de decis\u00f5es que pode antecipar acordos na COP30.<\/p>\n<p>\u201cO an\u00fancio do pacote pol\u00edtico a ser negociado, chamado de \u2018mutir\u00e3o\u2019, nos traz esperan\u00e7a. O plano de resposta global \u00e0 lacuna de ambi\u00e7\u00e3o e os \u2018mapas do caminho\u2019 para prote\u00e7\u00e3o das florestas e para elimina\u00e7\u00e3o gradual dos combust\u00edveis f\u00f3sseis est\u00e3o na mesa ap\u00f3s muitos pa\u00edses demonstrarem apoio na semana passada, dentro e fora das salas de negocia\u00e7\u00e3o\u201d, afirmou a especialista em pol\u00edtica clim\u00e1tica do Greenpeace Brasil, Anna C\u00e1rcamo.<\/p>\n<p>Segundo a especialista, op\u00e7\u00f5es sobre o aumento e o acompanhamento do financiamento p\u00fablico de pa\u00edses desenvolvidos, incluindo pelo menos triplicar investimentos para adapta\u00e7\u00e3o at\u00e9 2030, tamb\u00e9m est\u00e3o na mesa: \u201cPor\u00e9m, o conte\u00fado de tal pacote ainda est\u00e1 em aberto, incluindo op\u00e7\u00f5es mais ambiciosas e outras mais fracas\u201d, completou Anna.<\/p>\n<p>Para a WWF, o mutir\u00e3o decis\u00f3rio anunciado nesta segunda-feira sugere que as negocia\u00e7\u00f5es est\u00e3o em ritmo satisfat\u00f3rio, embora ainda esteja em aberto o conte\u00fado que ser\u00e1, de fato, pactuado de forma consensual entre as partes.<\/p>\n<p>\u201cO an\u00fancio feito hoje pela Presid\u00eancia da COP sobre o avan\u00e7o de dois pacotes de negocia\u00e7\u00e3o \u00e9 uma evid\u00eancia encorajadora de progresso. Uma lideran\u00e7a pol\u00edtica decisiva ser\u00e1 necess\u00e1ria para retomarmos o caminho rumo ao limite de temperatura de 1,5\u00b0C estabelecido pelo Acordo de Paris\u201d, observou Manuel Pulgar-Vidal, l\u00edder global de Clima e Energia do WWF.<\/p>\n<\/p><\/div>\n<p><br \/>\n<br \/><a href=\"https:\/\/www.canalrural.com.br\/diversos\/para-evitar-impasses-cop30-monta-forca-tarefa-para-fechar-acordos\/\">Source link <\/a><\/p>\n","protected":false},"excerpt":{"rendered":"<p>A presid\u00eancia da 30\u00aa Confer\u00eancia das Na\u00e7\u00f5es Unidas sobre Mudan\u00e7as Clim\u00e1ticas (COP30) anunciou na segunda-feira (17) que montou uma for\u00e7a-tarefa<\/p>\n","protected":false},"author":1,"featured_media":24012,"comment_status":"open","ping_status":"open","sticky":false,"template":"","format":"standard","meta":{"_monsterinsights_skip_tracking":false,"_monsterinsights_sitenote_active":false,"_monsterinsights_sitenote_note":"","_monsterinsights_sitenote_category":0,"_uf_show_specific_survey":0,"_uf_disable_surveys":false,"footnotes":""},"categories":[1],"tags":[],"class_list":["post-24240","post","type-post","status-publish","format-standard","has-post-thumbnail","hentry","category-news"],"_links":{"self":[{"href":"https:\/\/agromt.news\/index.php?rest_route=\/wp\/v2\/posts\/24240"}],"collection":[{"href":"https:\/\/agromt.news\/index.php?rest_route=\/wp\/v2\/posts"}],"about":[{"href":"https:\/\/agromt.news\/index.php?rest_route=\/wp\/v2\/types\/post"}],"author":[{"embeddable":true,"href":"https:\/\/agromt.news\/index.php?rest_route=\/wp\/v2\/users\/1"}],"replies":[{"embeddable":true,"href":"https:\/\/agromt.news\/index.php?rest_route=%2Fwp%2Fv2%2Fcomments&post=24240"}],"version-history":[{"count":0,"href":"https:\/\/agromt.news\/index.php?rest_route=\/wp\/v2\/posts\/24240\/revisions"}],"wp:featuredmedia":[{"embeddable":true,"href":"https:\/\/agromt.news\/index.php?rest_route=\/wp\/v2\/media\/24012"}],"wp:attachment":[{"href":"https:\/\/agromt.news\/index.php?rest_route=%2Fwp%2Fv2%2Fmedia&parent=24240"}],"wp:term":[{"taxonomy":"category","embeddable":true,"href":"https:\/\/agromt.news\/index.php?rest_route=%2Fwp%2Fv2%2Fcategories&post=24240"},{"taxonomy":"post_tag","embeddable":true,"href":"https:\/\/agromt.news\/index.php?rest_route=%2Fwp%2Fv2%2Ftags&post=24240"}],"curies":[{"name":"wp","href":"https:\/\/api.w.org\/{rel}","templated":true}]}}