{"id":24237,"date":"2025-11-18T07:03:10","date_gmt":"2025-11-18T11:03:10","guid":{"rendered":"https:\/\/agromt.news\/?p=24237"},"modified":"2025-11-18T07:03:10","modified_gmt":"2025-11-18T11:03:10","slug":"levantamento-indica-avanco-desigual-da-semeadura","status":"publish","type":"post","link":"https:\/\/agromt.news\/?p=24237","title":{"rendered":"Levantamento indica avan\u00e7o desigual da semeadura"},"content":{"rendered":"<p> <br \/>\n<\/p>\n<div>\n<div class=\"row\">\n<div class=\"col-lg col-infos mt-0 mt-lg-0\">\n<div class=\"section-sub-title\">\n<p itemprop=\"description\">&#13;<br \/>\n                                O \u00edndice permanece abaixo do registrado&#13;\n                            <\/p>\n<\/p><\/div>\n<div class=\"container\">\n<div class=\"row\">\n<div class=\"col-lg p-0\">\n<div>\n<div class=\"block-news-main-infos mt-3 text-start\">\n<p>                                            <strong class=\"fn\" itemprop=\"author\" style=\"color: rgb(112, 112, 112); \">&#13;<br \/>\n                                                <a href=\"https:\/\/www.agrolink.com.br\/noticias\/javascript:;\" class=\"text-uppercase\" target=\"_blank\" style=\"color: rgb(112, 112, 112); \" rel=\"noopener\">Agrolink<\/a>&#13;<br \/>\n&#13;<br \/>\n                                                    &#8211; Leonardo Gottems&#13;<br \/>\n&#13;<br \/>\n                                            <\/strong><br \/>\n                                        <\/p>\n<p>                                            <abbr><time datetime=\"2025 - 11 - 18T02:00\" itemprop=\"datePublished dateModified\"> Publicado em 18\/11\/2025 \u00e0s 02:00h.<\/time><\/abbr>\n                                    <\/div>\n<\/p><\/div>\n<\/p><\/div>\n<div class=\"col-lg p-0 text-lg-end\">\n<div>\n<div id=\"mdEnviarPagina\" class=\"modal fade\" role=\"dialog\">\n<div class=\"modal-dialog\">\n<div class=\"modal-content\">\n<div class=\"modal-body\">\n<p><strong>Estimado usu\u00e1rio.<\/strong><br \/>Preencha o formul\u00e1rio abaixo para remeter a p\u00e1gina.<\/p>\n<\/p><\/div>\n<\/p><\/div>\n<\/p><\/div>\n<\/div><\/div>\n<\/p><\/div>\n<\/p><\/div>\n<\/p><\/div>\n<\/p><\/div>\n<\/p><\/div>\n<div class=\"row justify-content-md-center mt-3\">\n<div class=\"col-lg-auto col-image block-news-main-image\">\n<p>                                <img decoding=\"async\" src=\"https:\/\/www.agrolink.com.br\/upload\/imagens-resizes\/58a8a05112e74e56a8057e5a8529df50_858x483.jpg\" class=\"lazyload img-fluid\" alt=\"O \u00edndice permanece abaixo do registrado\"\/><br \/>\n                                                <span class=\"d-block mt-1\">O \u00edndice permanece abaixo do registrado &#8211; Foto: Foto: Gessi Ceccon<\/span><\/p><\/div>\n<\/p><\/div>\n<div class=\"section-description section-description-noticias mt-3\">\n<p>O ritmo de plantio de <a href=\"https:\/\/www.agrolink.com.br\/culturas\/soja?utm_source=agrolink-detalhe-noticia&amp;utm_medium=detalhe-noticia&amp;utm_campaign=links-internos\" target=\"_blank\" rel=\"noopener\">soja<\/a> no Brasil mostra avan\u00e7o constante, mas ainda distante do comportamento observado em temporadas recentes, com diferen\u00e7as marcantes entre as regi\u00f5es produtoras. Segundo levantamento da DATAGRO Gr\u00e3os, a semeadura da safra 2025\/26 atingiu 57,6% da \u00e1rea projetada, ap\u00f3s crescimento de 11,1 pontos percentuais na semana encerrada em 7 de novembro.&#13;\n<\/p>\n<p>O \u00edndice permanece abaixo do registrado no mesmo per\u00edodo da safra 2024\/25, quando os trabalhos somavam 67,9%, e tamb\u00e9m inferior \u00e0 m\u00e9dia dos \u00faltimos cinco anos, de 64,1%. Mesmo com o atraso nacional, alguns estados conseguem sustentar evolu\u00e7\u00e3o mais firme. Paran\u00e1 e Mato Grosso ganharam ritmo na \u00faltima semana e alcan\u00e7aram 87% da \u00e1rea estimada, enquanto a m\u00e9dia plurianual para esses estados estava em 86,6% e 90,4%.<\/p>\n<p>Nos demais estados do Sul, o andamento mais lento reduz a recupera\u00e7\u00e3o do ritmo tradicional. Santa Catarina atingiu 23% da \u00e1rea prevista e o Rio Grande do Sul chegou a 16%, refletindo condi\u00e7\u00f5es locais menos favor\u00e1veis. Em Goi\u00e1s, Minas Gerais e Mato Grosso do Sul, os trabalhos avan\u00e7aram para 54%, 30% e 86%, respectivamente, mantendo o cen\u00e1rio desigual entre regi\u00f5es.&#13;\n<\/p>\n<p>O Matopiba tamb\u00e9m apresenta desempenho variado. Bahia e Tocantins seguem \u00e0 frente da m\u00e9dia de cinco anos, enquanto Maranh\u00e3o e Piau\u00ed registram atrasos, influenciados pelo in\u00edcio irregular das chuvas e pela abertura mais lenta das janelas de plantio. O conjunto dos dados mostra que, embora algumas \u00e1reas tenham ganho tra\u00e7\u00e3o, o pa\u00eds ainda opera abaixo do ritmo historicamente observado para este per\u00edodo da temporada.<br \/>&#13;<br \/>\n\u00a0<\/p>\n<\/p><\/div>\n<\/p><\/div>\n<p><script data-cfasync=\"false\">\n    !function (f, b, e, v, n, t, s) {\n        if (f.fbq) return; n = f.fbq = function () {\n            n.callMethod ?\n                n.callMethod.apply(n, arguments) : n.queue.push(arguments)\n        };\n        if (!f._fbq) f._fbq = n; n.push = n; n.loaded = !0; n.version = '2.0';\n        n.queue = []; t = b.createElement(e); t.async = !0;\n        t.src = v; s = b.getElementsByTagName(e)[0];\n        s.parentNode.insertBefore(t, s)\n    }(window, document, 'script',\n        'https:\/\/connect.facebook.net\/en_US\/fbevents.js');\n    fbq('init', '522546078623747');\n    fbq('track', 'PageView');\n<\/script><br \/>\n<br \/><br \/>\n<br \/><a href=\"https:\/\/www.agrolink.com.br\/noticias\/levantamento-indica-avanco-desigual-da-semeadura_508118.html\">Source link <\/a><\/p>\n","protected":false},"excerpt":{"rendered":"<p>&#13; O \u00edndice permanece abaixo do registrado&#13; &#13; Agrolink&#13; &#13; &#8211; Leonardo Gottems&#13; &#13; Publicado em 18\/11\/2025 \u00e0s 02:00h. Estimado<\/p>\n","protected":false},"author":1,"featured_media":24238,"comment_status":"open","ping_status":"open","sticky":false,"template":"","format":"standard","meta":{"_monsterinsights_skip_tracking":false,"_monsterinsights_sitenote_active":false,"_monsterinsights_sitenote_note":"","_monsterinsights_sitenote_category":0,"_uf_show_specific_survey":0,"_uf_disable_surveys":false,"footnotes":""},"categories":[8,1,14],"tags":[],"class_list":["post-24237","post","type-post","status-publish","format-standard","has-post-thumbnail","hentry","category-agro","category-news","category-politica-agro"],"_links":{"self":[{"href":"https:\/\/agromt.news\/index.php?rest_route=\/wp\/v2\/posts\/24237"}],"collection":[{"href":"https:\/\/agromt.news\/index.php?rest_route=\/wp\/v2\/posts"}],"about":[{"href":"https:\/\/agromt.news\/index.php?rest_route=\/wp\/v2\/types\/post"}],"author":[{"embeddable":true,"href":"https:\/\/agromt.news\/index.php?rest_route=\/wp\/v2\/users\/1"}],"replies":[{"embeddable":true,"href":"https:\/\/agromt.news\/index.php?rest_route=%2Fwp%2Fv2%2Fcomments&post=24237"}],"version-history":[{"count":0,"href":"https:\/\/agromt.news\/index.php?rest_route=\/wp\/v2\/posts\/24237\/revisions"}],"wp:featuredmedia":[{"embeddable":true,"href":"https:\/\/agromt.news\/index.php?rest_route=\/wp\/v2\/media\/24238"}],"wp:attachment":[{"href":"https:\/\/agromt.news\/index.php?rest_route=%2Fwp%2Fv2%2Fmedia&parent=24237"}],"wp:term":[{"taxonomy":"category","embeddable":true,"href":"https:\/\/agromt.news\/index.php?rest_route=%2Fwp%2Fv2%2Fcategories&post=24237"},{"taxonomy":"post_tag","embeddable":true,"href":"https:\/\/agromt.news\/index.php?rest_route=%2Fwp%2Fv2%2Ftags&post=24237"}],"curies":[{"name":"wp","href":"https:\/\/api.w.org\/{rel}","templated":true}]}}