{"id":24155,"date":"2025-11-17T09:08:58","date_gmt":"2025-11-17T13:08:58","guid":{"rendered":"https:\/\/agromt.news\/?p=24155"},"modified":"2025-11-17T09:08:58","modified_gmt":"2025-11-17T13:08:58","slug":"pre-emergentes-na-soja-exigem-uso-combinado-no-cerrado","status":"publish","type":"post","link":"https:\/\/agromt.news\/?p=24155","title":{"rendered":"Pr\u00e9-emergentes na soja exigem uso combinado no Cerrado"},"content":{"rendered":"<p> <br \/>\n<\/p>\n<div>\n<div class=\"row\">\n<div class=\"col-lg col-infos mt-0 mt-lg-0\">\n<div class=\"section-sub-title\">\n<p itemprop=\"description\">&#13;<br \/>\n                                Entre os produtos mais utilizados no Cerrado, destacam-se tr\u00eas princ\u00edpios ativos&#13;\n                            <\/p>\n<\/p><\/div>\n<div class=\"container\">\n<div class=\"row\">\n<div class=\"col-lg p-0\">\n<div>\n<div class=\"block-news-main-infos mt-3 text-start\">\n<p>                                            <strong class=\"fn\" itemprop=\"author\" style=\"color: rgb(112, 112, 112); \">&#13;<br \/>\n                                                <a href=\"https:\/\/www.agrolink.com.br\/noticias\/javascript:;\" class=\"text-uppercase\" target=\"_blank\" style=\"color: rgb(112, 112, 112); \" rel=\"noopener\">Agrolink<\/a>&#13;<br \/>\n&#13;<br \/>\n                                                    &#8211; Leonardo Gottems&#13;<br \/>\n&#13;<br \/>\n                                            <\/strong><br \/>\n                                        <\/p>\n<p>                                            <abbr><time datetime=\"2025 - 11 - 17T07:09\" itemprop=\"datePublished dateModified\"> Publicado em 17\/11\/2025 \u00e0s 07:09h.<\/time><\/abbr>\n                                    <\/div>\n<\/p><\/div>\n<\/p><\/div>\n<div class=\"col-lg p-0 text-lg-end\">\n<div>\n<div id=\"mdEnviarPagina\" class=\"modal fade\" role=\"dialog\">\n<div class=\"modal-dialog\">\n<div class=\"modal-content\">\n<div class=\"modal-body\">\n<p><strong>Estimado usu\u00e1rio.<\/strong><br \/>Preencha o formul\u00e1rio abaixo para remeter a p\u00e1gina.<\/p>\n<\/p><\/div>\n<\/p><\/div>\n<\/p><\/div>\n<\/div><\/div>\n<\/p><\/div>\n<\/p><\/div>\n<\/p><\/div>\n<\/p><\/div>\n<\/p><\/div>\n<div class=\"row justify-content-md-center mt-3\">\n<div class=\"col-lg-auto col-image block-news-main-image\">\n<p>                                <img decoding=\"async\" src=\"https:\/\/www.agrolink.com.br\/upload\/imagens-resizes\/43e1ddc23dd44dab8fcfcf3a0331df8a_858x483.jpg\" class=\"lazyload img-fluid\" alt=\"Entre os produtos mais utilizados no Cerrado, destacam-se tr\u00eas princ\u00edpios ativos\"\/><br \/>\n                                                <span class=\"d-block mt-1\">Entre os produtos mais utilizados no Cerrado, destacam-se tr\u00eas princ\u00edpios ativos &#8211; Foto: Nadia Borges<\/span><\/p><\/div>\n<\/p><\/div>\n<div class=\"section-description section-description-noticias mt-3\">\n<p>O manejo inicial da lavoura de <a href=\"https:\/\/www.agrolink.com.br\/culturas\/soja?utm_source=agrolink-detalhe-noticia&amp;utm_medium=detalhe-noticia&amp;utm_campaign=links-internos\" target=\"_blank\" rel=\"noopener\">soja<\/a> depende cada vez mais do uso eficiente de herbicidas pr\u00e9-emergentes, segundo Ranuelli Renon Flor, engenheiro agronomo. Em \u00e1reas de alta infesta\u00e7\u00e3o ou com hist\u00f3rico de resist\u00eancia, o uso correto dessas mol\u00e9culas garante um in\u00edcio de safra mais limpo e com menor competi\u00e7\u00e3o por recursos. A combina\u00e7\u00e3o entre diferentes grupos qu\u00edmicos \u00e9 essencial para ampliar o espectro de controle e evitar falhas no manejo.&#13;\n<\/p>\n<p>Entre os produtos mais utilizados no Cerrado, destacam-se tr\u00eas princ\u00edpios ativos com fun\u00e7\u00f5es complementares. O S-metolacloro, do grupo 15, tem se mostrado altamente eficaz no controle de gram\u00edneas anuais como capim-arroz, milh\u00e3 e braqui\u00e1ria. Ensaios indicam desempenho entre 85% e 95% quando aplicado em condi\u00e7\u00f5es de boa umidade. Seu efeito sobre folhas largas \u00e9 limitado, sendo comum a associa\u00e7\u00e3o com outras mol\u00e9culas para refor\u00e7ar o controle.<\/p>\n<p>J\u00e1 o diclosulam, pertencente ao grupo 2, oferece excelente desempenho sobre folhas largas como caruru, pic\u00e3o-preto, corda-de-viola e leiteiro. Pode alcan\u00e7ar at\u00e9 95% de controle em esp\u00e9cies suscet\u00edveis e mant\u00e9m residual pr\u00f3ximo a 60 dias, dependendo do clima e do solo. No entanto, requer aten\u00e7\u00e3o quanto ao risco de efeito residual sobre culturas implantadas na sequ\u00eancia.&#13;\n<\/p>\n<p>A flumioxazina, do grupo 14, \u00e9 hoje uma das principais alternativas para o manejo de folhas largas resistentes ao glifosato. Estudos mostram efic\u00e1cia entre 90% e 98% em esp\u00e9cies sens\u00edveis, sendo especialmente \u00fatil contra caruru, pic\u00e3o-preto e apaga-fogo. Seu desempenho sobre gram\u00edneas \u00e9 mais moderado, mas torna-se muito eficiente quando associada a mol\u00e9culas com residual prolongado.<\/p>\n<p>\u201cNenhum pr\u00e9-emergente \u201cfaz tudo\u201d sozinho. A escolha deve considerar: banco de sementes do talh\u00e3o, textura e mat\u00e9ria org\u00e2nica do solo, hist\u00f3rico de resist\u00eancia, necessidade de residual\u201d, conclui.<\/p>\n<\/p><\/div>\n<\/p><\/div>\n<p><script data-cfasync=\"false\">\n    !function (f, b, e, v, n, t, s) {\n        if (f.fbq) return; n = f.fbq = function () {\n            n.callMethod ?\n                n.callMethod.apply(n, arguments) : n.queue.push(arguments)\n        };\n        if (!f._fbq) f._fbq = n; n.push = n; n.loaded = !0; n.version = '2.0';\n        n.queue = []; t = b.createElement(e); t.async = !0;\n        t.src = v; s = b.getElementsByTagName(e)[0];\n        s.parentNode.insertBefore(t, s)\n    }(window, document, 'script',\n        'https:\/\/connect.facebook.net\/en_US\/fbevents.js');\n    fbq('init', '522546078623747');\n    fbq('track', 'PageView');\n<\/script><br \/>\n<br \/><br \/>\n<br \/><a href=\"https:\/\/www.agrolink.com.br\/noticias\/pre-emergentes-na-soja-exigem-uso-combinado-no-cerrado_508085.html\">Source link <\/a><\/p>\n","protected":false},"excerpt":{"rendered":"<p>&#13; Entre os produtos mais utilizados no Cerrado, destacam-se tr\u00eas princ\u00edpios ativos&#13; &#13; Agrolink&#13; &#13; &#8211; Leonardo Gottems&#13; &#13; Publicado<\/p>\n","protected":false},"author":1,"featured_media":5278,"comment_status":"open","ping_status":"open","sticky":false,"template":"","format":"standard","meta":{"_monsterinsights_skip_tracking":false,"_monsterinsights_sitenote_active":false,"_monsterinsights_sitenote_note":"","_monsterinsights_sitenote_category":0,"_uf_show_specific_survey":0,"_uf_disable_surveys":false,"footnotes":""},"categories":[8,1,14],"tags":[],"class_list":["post-24155","post","type-post","status-publish","format-standard","has-post-thumbnail","hentry","category-agro","category-news","category-politica-agro"],"_links":{"self":[{"href":"https:\/\/agromt.news\/index.php?rest_route=\/wp\/v2\/posts\/24155"}],"collection":[{"href":"https:\/\/agromt.news\/index.php?rest_route=\/wp\/v2\/posts"}],"about":[{"href":"https:\/\/agromt.news\/index.php?rest_route=\/wp\/v2\/types\/post"}],"author":[{"embeddable":true,"href":"https:\/\/agromt.news\/index.php?rest_route=\/wp\/v2\/users\/1"}],"replies":[{"embeddable":true,"href":"https:\/\/agromt.news\/index.php?rest_route=%2Fwp%2Fv2%2Fcomments&post=24155"}],"version-history":[{"count":0,"href":"https:\/\/agromt.news\/index.php?rest_route=\/wp\/v2\/posts\/24155\/revisions"}],"wp:featuredmedia":[{"embeddable":true,"href":"https:\/\/agromt.news\/index.php?rest_route=\/wp\/v2\/media\/5278"}],"wp:attachment":[{"href":"https:\/\/agromt.news\/index.php?rest_route=%2Fwp%2Fv2%2Fmedia&parent=24155"}],"wp:term":[{"taxonomy":"category","embeddable":true,"href":"https:\/\/agromt.news\/index.php?rest_route=%2Fwp%2Fv2%2Fcategories&post=24155"},{"taxonomy":"post_tag","embeddable":true,"href":"https:\/\/agromt.news\/index.php?rest_route=%2Fwp%2Fv2%2Ftags&post=24155"}],"curies":[{"name":"wp","href":"https:\/\/api.w.org\/{rel}","templated":true}]}}