{"id":24152,"date":"2025-11-17T08:08:11","date_gmt":"2025-11-17T12:08:11","guid":{"rendered":"https:\/\/agromt.news\/?p=24152"},"modified":"2025-11-17T08:08:11","modified_gmt":"2025-11-17T12:08:11","slug":"exportacoes-de-madeira-para-os-eua-despencam-55-apos-tarifaco","status":"publish","type":"post","link":"https:\/\/agromt.news\/?p=24152","title":{"rendered":"Exporta\u00e7\u00f5es de madeira para os EUA despencam 55% ap\u00f3s tarifa\u00e7o"},"content":{"rendered":"<p> <br \/>\n<br \/><img decoding=\"async\" src=\"https:\/\/agromt.news\/wp-content\/uploads\/2025\/11\/Exportacoes-de-madeira-para-os-EUA-despencam-55-apos-tarifaco.jpg\" \/><\/p>\n<div>\n<p>As exporta\u00e7\u00f5es brasileiras de produtos madeireiros para os Estados Unidos sofreram uma queda m\u00e9dia de 55% nos primeiros tr\u00eas meses de vig\u00eancia da tarifa de 50% aplicada pelo governo norte-americano. Os dados constam de uma an\u00e1lise da Associa\u00e7\u00e3o Brasileira da Ind\u00fastria de Madeira Processada Mecanicamente (Abimci) com base nos n\u00fameros da  Secex\/MDIC, divulgados em 6 de novembro.<\/p>\n<p>De agosto a outubro, praticamente todos os segmentos foram afetados, incluindo molduras, compensados, madeira serrada, portas e pisos, produtos para os quais o mercado norte-americano \u00e9 o principal destino. Segundo a Abimci, o impacto da taxa\u00e7\u00e3o desencadeou uma rea\u00e7\u00e3o em cadeia dentro das empresas brasileiras.<\/p>\n<p>Com a perda abrupta do mercado comprador, ind\u00fastrias passaram a operar abaixo da capacidade instalada, o que levou \u00e0 <a href=\"https:\/\/www.canalrural.com.br\/nacional\/apos-ferias-coletivas-tarifaco-faz-industria-da-madeira-iniciar-demissoes\/\">ado\u00e7\u00e3o de f\u00e9rias coletivas, redu\u00e7\u00e3o tempor\u00e1ria de jornada (layoff) e, em v\u00e1rios casos, demiss\u00f5es<\/a>. O setor acumula quatro meses consecutivos de retra\u00e7\u00e3o, tend\u00eancia que come\u00e7ou em julho, logo ap\u00f3s o an\u00fancio da tarifa, e se intensificou ao longo do segundo semestre.<\/p>\n<p>O superintendente da Abimci, Paulo Pupo, alerta que o cen\u00e1rio pode se agravar caso n\u00e3o haja avan\u00e7o nas negocia\u00e7\u00f5es entre os governos brasileiro e norte-americano.<\/p>\n<p>\u201cA \u00fanica solu\u00e7\u00e3o passa por tratativas efetivas que permitam a readequa\u00e7\u00e3o das tarifas e a normaliza\u00e7\u00e3o do com\u00e9rcio. At\u00e9 agora, no entanto, o que se v\u00ea \u00e9 aus\u00eancia de a\u00e7\u00f5es pr\u00e1ticas e agendas eficientes\u201d, afirmou.<\/p>\n<p>Al\u00e9m da queda nas vendas, Pupo destaca outro risco: a perda de espa\u00e7o no mercado dos Estados Unidos.<\/p>\n<p>\u201cSem sinais de progresso, cresce a chance de substitui\u00e7\u00e3o dos produtos brasileiros por fornecedores de pa\u00edses com taxas mais baixas. Como hoje temos a maior tarifa nominal do mundo, estamos extremamente expostos. Isso compromete um relacionamento comercial constru\u00eddo ao longo de d\u00e9cadas\u201d, completou.<\/p>\n<p>A Abimci refor\u00e7a a necessidade de urg\u00eancia nas negocia\u00e7\u00f5es bilaterais para evitar perdas ainda maiores e preservar empresas e empregos ligados \u00e0 cadeia da madeira processada.<\/p>\n<\/p><\/div>\n<p><br \/>\n<br \/><a href=\"https:\/\/www.canalrural.com.br\/economia\/exportacoes-de-madeira-para-os-eua-despencam-55-apos-tarifaco\/\">Source link <\/a><\/p>\n","protected":false},"excerpt":{"rendered":"<p>As exporta\u00e7\u00f5es brasileiras de produtos madeireiros para os Estados Unidos sofreram uma queda m\u00e9dia de 55% nos primeiros tr\u00eas meses<\/p>\n","protected":false},"author":1,"featured_media":24153,"comment_status":"open","ping_status":"open","sticky":false,"template":"","format":"standard","meta":{"_monsterinsights_skip_tracking":false,"_monsterinsights_sitenote_active":false,"_monsterinsights_sitenote_note":"","_monsterinsights_sitenote_category":0,"_uf_show_specific_survey":0,"_uf_disable_surveys":false,"footnotes":""},"categories":[1],"tags":[],"class_list":["post-24152","post","type-post","status-publish","format-standard","has-post-thumbnail","hentry","category-news"],"_links":{"self":[{"href":"https:\/\/agromt.news\/index.php?rest_route=\/wp\/v2\/posts\/24152"}],"collection":[{"href":"https:\/\/agromt.news\/index.php?rest_route=\/wp\/v2\/posts"}],"about":[{"href":"https:\/\/agromt.news\/index.php?rest_route=\/wp\/v2\/types\/post"}],"author":[{"embeddable":true,"href":"https:\/\/agromt.news\/index.php?rest_route=\/wp\/v2\/users\/1"}],"replies":[{"embeddable":true,"href":"https:\/\/agromt.news\/index.php?rest_route=%2Fwp%2Fv2%2Fcomments&post=24152"}],"version-history":[{"count":0,"href":"https:\/\/agromt.news\/index.php?rest_route=\/wp\/v2\/posts\/24152\/revisions"}],"wp:featuredmedia":[{"embeddable":true,"href":"https:\/\/agromt.news\/index.php?rest_route=\/wp\/v2\/media\/24153"}],"wp:attachment":[{"href":"https:\/\/agromt.news\/index.php?rest_route=%2Fwp%2Fv2%2Fmedia&parent=24152"}],"wp:term":[{"taxonomy":"category","embeddable":true,"href":"https:\/\/agromt.news\/index.php?rest_route=%2Fwp%2Fv2%2Fcategories&post=24152"},{"taxonomy":"post_tag","embeddable":true,"href":"https:\/\/agromt.news\/index.php?rest_route=%2Fwp%2Fv2%2Ftags&post=24152"}],"curies":[{"name":"wp","href":"https:\/\/api.w.org\/{rel}","templated":true}]}}