{"id":24150,"date":"2025-11-17T07:08:38","date_gmt":"2025-11-17T11:08:38","guid":{"rendered":"https:\/\/agromt.news\/?p=24150"},"modified":"2025-11-17T07:08:38","modified_gmt":"2025-11-17T11:08:38","slug":"exigencias-ambientais-externas-ampliam-disputa-juridica","status":"publish","type":"post","link":"https:\/\/agromt.news\/?p=24150","title":{"rendered":"Exig\u00eancias ambientais externas ampliam disputa jur\u00eddica"},"content":{"rendered":"<p> <br \/>\n<\/p>\n<div>\n<div class=\"row\">\n<div class=\"col-lg col-infos mt-0 mt-lg-0\">\n<div class=\"section-sub-title\">\n<p itemprop=\"description\">&#13;<br \/>\n                                O tema envolve ainda poss\u00edveis efeitos concorrenciais&#13;\n                            <\/p>\n<\/p><\/div>\n<div class=\"container\">\n<div class=\"row\">\n<div class=\"col-lg p-0\">\n<div>\n<div class=\"block-news-main-infos mt-3 text-start\">\n<p>                                            <strong class=\"fn\" itemprop=\"author\" style=\"color: rgb(112, 112, 112); \">&#13;<br \/>\n                                                <a href=\"https:\/\/www.agrolink.com.br\/noticias\/javascript:;\" class=\"text-uppercase\" target=\"_blank\" style=\"color: rgb(112, 112, 112); \" rel=\"noopener\">Agrolink<\/a>&#13;<br \/>\n&#13;<br \/>\n                                                    &#8211; Leonardo Gottems&#13;<br \/>\n&#13;<br \/>\n                                            <\/strong><br \/>\n                                        <\/p>\n<p>                                            <abbr><time datetime=\"2025 - 11 - 17T07:13\" itemprop=\"datePublished dateModified\"> Publicado em 17\/11\/2025 \u00e0s 07:13h.<\/time><\/abbr>\n                                    <\/div>\n<\/p><\/div>\n<\/p><\/div>\n<div class=\"col-lg p-0 text-lg-end\">\n<div>\n<div id=\"mdEnviarPagina\" class=\"modal fade\" role=\"dialog\">\n<div class=\"modal-dialog\">\n<div class=\"modal-content\">\n<div class=\"modal-body\">\n<p><strong>Estimado usu\u00e1rio.<\/strong><br \/>Preencha o formul\u00e1rio abaixo para remeter a p\u00e1gina.<\/p>\n<\/p><\/div>\n<\/p><\/div>\n<\/p><\/div>\n<\/div><\/div>\n<\/p><\/div>\n<\/p><\/div>\n<\/p><\/div>\n<\/p><\/div>\n<\/p><\/div>\n<div class=\"row justify-content-md-center mt-3\">\n<div class=\"col-lg-auto col-image block-news-main-image\">\n<p>                                <img decoding=\"async\" src=\"https:\/\/www.agrolink.com.br\/upload\/imagens-resizes\/b46a2df6320e49d297f4d72d9f0a54a6_858x483.jpg\" class=\"lazyload img-fluid\" alt=\"O tema envolve ainda poss\u00edveis efeitos concorrenciais\"\/><br \/>\n                                                <span class=\"d-block mt-1\">O tema envolve ainda poss\u00edveis efeitos concorrenciais &#8211; Foto: Pixabay<\/span><\/p><\/div>\n<\/p><\/div>\n<div class=\"section-description section-description-noticias mt-3\">\n<p>A intensifica\u00e7\u00e3o de exig\u00eancias externas para comprovar a aus\u00eancia de dano ambiental na produ\u00e7\u00e3o reacendeu um debate jur\u00eddico sobre limites regulat\u00f3rios. A avalia\u00e7\u00e3o de especialistas aponta que padr\u00f5es impostos por grandes agentes privados podem criar obriga\u00e7\u00f5es que ultrapassam a legisla\u00e7\u00e3o e interferem na ordem econ\u00f4mica.&#13;\n<\/p>\n<p>\u201cEsses acordos privados transferem ao produtor o \u00f4nus de provar continuamente que n\u00e3o causa dano ambiental, invertendo a presun\u00e7\u00e3o de legalidade e de boa-f\u00e9 de quem cumpre o C\u00f3digo Florestal e demais normas\u201d, explica a advogada especialista em Direito Agr\u00e1rio e do Agroneg\u00f3cio, M\u00e1rcia de Alc\u00e2ntara, do escrit\u00f3rio Celso C\u00e2ndido de Souza Advogados.<\/p>\n<p>O tema envolve ainda poss\u00edveis efeitos concorrenciais, j\u00e1 que a coordena\u00e7\u00e3o entre tradings reunidas em associa\u00e7\u00f5es pode resultar na aplica\u00e7\u00e3o de crit\u00e9rios mais r\u00edgidos que os previstos em lei e na troca de informa\u00e7\u00f5es sens\u00edveis. H\u00e1 tamb\u00e9m relatos de cobran\u00e7as financeiras e bloqueios comerciais sem respaldo normativo, segundo o contexto apresentado pela especialista.&#13;\n<\/p>\n<p>A controv\u00e9rsia ganhou dimens\u00e3o institucional ap\u00f3s decis\u00e3o do Supremo que suspendeu processos relacionados \u00e0 Morat\u00f3ria da Soja para evitar decis\u00f5es contradit\u00f3rias, enquanto a autoridade antitruste aguarda a defini\u00e7\u00e3o para seguir com apura\u00e7\u00f5es. Entidades do setor defendem a continuidade da atua\u00e7\u00e3o concorrencial e alertam para ind\u00edcios de coordena\u00e7\u00e3o de compra.<\/p>\n<p>\u201cEsse conjunto garante previsibilidade ao produtor regular e comprova que o pa\u00eds possui um marco ambiental s\u00f3lido. Por isso, exig\u00eancias externas precisam respeitar a proporcionalidade, a transpar\u00eancia e o devido processo. Caso contr\u00e1rio, correm o risco de ferir a legisla\u00e7\u00e3o brasileira e distorcer a concorr\u00eancia\u201d, conclui.&#13;\n<\/p>\n<\/p><\/div>\n<\/p><\/div>\n<p><script data-cfasync=\"false\">\n    !function (f, b, e, v, n, t, s) {\n        if (f.fbq) return; n = f.fbq = function () {\n            n.callMethod ?\n                n.callMethod.apply(n, arguments) : n.queue.push(arguments)\n        };\n        if (!f._fbq) f._fbq = n; n.push = n; n.loaded = !0; n.version = '2.0';\n        n.queue = []; t = b.createElement(e); t.async = !0;\n        t.src = v; s = b.getElementsByTagName(e)[0];\n        s.parentNode.insertBefore(t, s)\n    }(window, document, 'script',\n        'https:\/\/connect.facebook.net\/en_US\/fbevents.js');\n    fbq('init', '522546078623747');\n    fbq('track', 'PageView');\n<\/script><br \/>\n<br \/><br \/>\n<br \/><a href=\"https:\/\/www.agrolink.com.br\/noticias\/exigencias-ambientais-externas-ampliam-disputa-juridica_508086.html\">Source link <\/a><\/p>\n","protected":false},"excerpt":{"rendered":"<p>&#13; O tema envolve ainda poss\u00edveis efeitos concorrenciais&#13; &#13; Agrolink&#13; &#13; &#8211; Leonardo Gottems&#13; &#13; Publicado em 17\/11\/2025 \u00e0s 07:13h.<\/p>\n","protected":false},"author":1,"featured_media":24151,"comment_status":"open","ping_status":"open","sticky":false,"template":"","format":"standard","meta":{"_monsterinsights_skip_tracking":false,"_monsterinsights_sitenote_active":false,"_monsterinsights_sitenote_note":"","_monsterinsights_sitenote_category":0,"_uf_show_specific_survey":0,"_uf_disable_surveys":false,"footnotes":""},"categories":[8,1,14],"tags":[],"class_list":["post-24150","post","type-post","status-publish","format-standard","has-post-thumbnail","hentry","category-agro","category-news","category-politica-agro"],"_links":{"self":[{"href":"https:\/\/agromt.news\/index.php?rest_route=\/wp\/v2\/posts\/24150"}],"collection":[{"href":"https:\/\/agromt.news\/index.php?rest_route=\/wp\/v2\/posts"}],"about":[{"href":"https:\/\/agromt.news\/index.php?rest_route=\/wp\/v2\/types\/post"}],"author":[{"embeddable":true,"href":"https:\/\/agromt.news\/index.php?rest_route=\/wp\/v2\/users\/1"}],"replies":[{"embeddable":true,"href":"https:\/\/agromt.news\/index.php?rest_route=%2Fwp%2Fv2%2Fcomments&post=24150"}],"version-history":[{"count":0,"href":"https:\/\/agromt.news\/index.php?rest_route=\/wp\/v2\/posts\/24150\/revisions"}],"wp:featuredmedia":[{"embeddable":true,"href":"https:\/\/agromt.news\/index.php?rest_route=\/wp\/v2\/media\/24151"}],"wp:attachment":[{"href":"https:\/\/agromt.news\/index.php?rest_route=%2Fwp%2Fv2%2Fmedia&parent=24150"}],"wp:term":[{"taxonomy":"category","embeddable":true,"href":"https:\/\/agromt.news\/index.php?rest_route=%2Fwp%2Fv2%2Fcategories&post=24150"},{"taxonomy":"post_tag","embeddable":true,"href":"https:\/\/agromt.news\/index.php?rest_route=%2Fwp%2Fv2%2Ftags&post=24150"}],"curies":[{"name":"wp","href":"https:\/\/api.w.org\/{rel}","templated":true}]}}