{"id":24146,"date":"2025-11-17T01:05:52","date_gmt":"2025-11-17T05:05:52","guid":{"rendered":"https:\/\/agromt.news\/?p=24146"},"modified":"2025-11-17T01:05:52","modified_gmt":"2025-11-17T05:05:52","slug":"colheita-de-citros-ganha-ritmo-em-varias-regioes","status":"publish","type":"post","link":"https:\/\/agromt.news\/?p=24146","title":{"rendered":"Colheita de citros ganha ritmo em v\u00e1rias regi\u00f5es"},"content":{"rendered":"<p> <br \/>\n<\/p>\n<div>\n<p style=\"text-align:justify\">O Informativo Conjuntural divulgado pela Emater\/RS-Ascar na quinta-feira (13) aponta avan\u00e7o nas atividades relacionadas ao cultivo de citros em diferentes regi\u00f5es do Estado. Em Caxias do Sul, o boletim informa que \u201cj\u00e1 foi realizada a poda de limpeza na maioria das plantas\u201d e que h\u00e1 \u201cbom pegamento de frutos\u201d. Em Guapor\u00e9, continuam os tratamentos contra \u00e1caro-da-falsa-ferrugem, larva-minadora e mosca-das-frutas.&#13;\n<\/p>\n<p style=\"text-align:justify\">Na regi\u00e3o administrativa de Lajeado, que re\u00fane munic\u00edpios como Bom Princ\u00edpio, Harmonia, Pareci Novo, S\u00e3o Sebasti\u00e3o do Ca\u00ed e S\u00e3o Jos\u00e9 do Hort\u00eancio, o documento registra que a safra de bergamota Murcott foi encerrada. Segundo o informativo, \u201cos valores recebidos pela caixa de 25 quilos variam entre R$ 60,00 e R$ 70,00 em S\u00e3o Jos\u00e9 do Hort\u00eancio, e entre R$ 70,00 e R$ 80,00 em S\u00e3o Sebasti\u00e3o do Ca\u00ed\u201d. A safra de laranja Val\u00eancia tamb\u00e9m est\u00e1 avan\u00e7ada, mas o boletim destaca que \u201co pre\u00e7o recebido continua baixo\u201d. Em Bom Princ\u00edpio, a laranja Val\u00eancia para consumo in natura varia de R$ 20,00 a R$ 25,00, enquanto o produto destinado ao suco \u00e9 vendido por R$ 10,00 a caixa, com pouca procura.<\/p>\n<p style=\"text-align:justify\">As cota\u00e7\u00f5es variam entre os munic\u00edpios. Em Pareci Novo, a Val\u00eancia in natura est\u00e1 em R$ 30,00 e o pre\u00e7o para suco permanece em R$ 10,00 por caixa. Em S\u00e3o Jos\u00e9 do Hort\u00eancio, os valores oscilam entre R$ 30,00 e R$ 40,00 para mesa e chegam a R$ 12,00 para ind\u00fastria. Em S\u00e3o Sebasti\u00e3o do Ca\u00ed, o boletim registra pre\u00e7os entre R$ 25,00 e R$ 35,00 para mesa e de R$ 10,00 a R$ 15,00 para a ind\u00fastria.&#13;\n<\/p>\n<p style=\"text-align:justify\">A produ\u00e7\u00e3o de lima \u00e1cida ou lim\u00e3o Tahiti mant\u00e9m ritmo est\u00e1vel. O documento aponta que, em Bom Princ\u00edpio, \u201c85% da safra foi colhida\u201d e que o pre\u00e7o recebido pelos produtores \u00e9 de R$ 70,00 por caixa de 25 quilos, valor tamb\u00e9m observado em Pareci Novo e S\u00e3o Jos\u00e9 do Hort\u00eancio. Em S\u00e3o Sebasti\u00e3o do Ca\u00ed, onde a colheita ocorre ao longo de todo o ano, os pre\u00e7os variam entre R$ 60,00 e R$ 70,00.<\/p>\n<p style=\"text-align:justify\">O informativo destaca ainda que \u201ca flora\u00e7\u00e3o das plantas c\u00edtricas foi intensa\u201d e que h\u00e1 bom pegamento de frutos. Os apicultores demonstram otimismo, pois a florada indica boa produ\u00e7\u00e3o de mel. Em S\u00e3o Jos\u00e9 do Hort\u00eancio, apesar da queda de flores em laranja do C\u00e9u e Val\u00eancia, a previs\u00e3o de produtividade foi mantida.&#13;\n<\/p>\n<p style=\"text-align:justify\">Na regi\u00e3o de Erechim, a colheita segue em ritmo forte, com cerca de 70% das <a href=\"https:\/\/www.agrolink.com.br\/culturas\/laranja?utm_source=agrolink-detalhe-noticia&amp;utm_medium=detalhe-noticia&amp;utm_campaign=links-internos\" target=\"_blank\" rel=\"noopener\">laranja<\/a>\u00a0j\u00e1 retiradas das lavouras. A produtividade m\u00e9dia est\u00e1 em 35 toneladas por hectare. Conforme o boletim, \u201co pre\u00e7o ao produtor \u00e9 de R$ 800,00 a tonelada para a ind\u00fastria e R$ 1.000,00 a tonelada in natura\u201d, e compradores de S\u00e3o Paulo e Paran\u00e1 t\u00eam buscado produto na regi\u00e3o. A manuten\u00e7\u00e3o da florada indica boa safra futura.<\/p>\n<p style=\"text-align:justify\">Na regi\u00e3o de Passo Fundo, as variedades precoces de <a href=\"https:\/\/www.agrolink.com.br\/culturas\/pessego?utm_source=agrolink-detalhe-noticia&amp;utm_medium=detalhe-noticia&amp;utm_campaign=links-internos\" target=\"_blank\" rel=\"noopener\">p\u00eassego<\/a> iniciaram a colheita, enquanto as variedades tardias avan\u00e7am no desenvolvimento final dos frutos.<\/p>\n<\/p><\/div>\n<p><script data-cfasync=\"false\">\n    !function (f, b, e, v, n, t, s) {\n        if (f.fbq) return; n = f.fbq = function () {\n            n.callMethod ?\n                n.callMethod.apply(n, arguments) : n.queue.push(arguments)\n        };\n        if (!f._fbq) f._fbq = n; n.push = n; n.loaded = !0; n.version = '2.0';\n        n.queue = []; t = b.createElement(e); t.async = !0;\n        t.src = v; s = b.getElementsByTagName(e)[0];\n        s.parentNode.insertBefore(t, s)\n    }(window, document, 'script',\n        'https:\/\/connect.facebook.net\/en_US\/fbevents.js');\n    fbq('init', '522546078623747');\n    fbq('track', 'PageView');\n<\/script><br \/>\n<br \/><br \/>\n<br \/><a href=\"https:\/\/www.agrolink.com.br\/noticias\/colheita-de-citros-ganha-ritmo-em-varias-regioes_508064.html\">Source link <\/a><\/p>\n","protected":false},"excerpt":{"rendered":"<p>O Informativo Conjuntural divulgado pela Emater\/RS-Ascar na quinta-feira (13) aponta avan\u00e7o nas atividades relacionadas ao cultivo de citros em diferentes<\/p>\n","protected":false},"author":1,"featured_media":4420,"comment_status":"open","ping_status":"open","sticky":false,"template":"","format":"standard","meta":{"_monsterinsights_skip_tracking":false,"_monsterinsights_sitenote_active":false,"_monsterinsights_sitenote_note":"","_monsterinsights_sitenote_category":0,"_uf_show_specific_survey":0,"_uf_disable_surveys":false,"footnotes":""},"categories":[8,1,14],"tags":[],"class_list":["post-24146","post","type-post","status-publish","format-standard","has-post-thumbnail","hentry","category-agro","category-news","category-politica-agro"],"_links":{"self":[{"href":"https:\/\/agromt.news\/index.php?rest_route=\/wp\/v2\/posts\/24146"}],"collection":[{"href":"https:\/\/agromt.news\/index.php?rest_route=\/wp\/v2\/posts"}],"about":[{"href":"https:\/\/agromt.news\/index.php?rest_route=\/wp\/v2\/types\/post"}],"author":[{"embeddable":true,"href":"https:\/\/agromt.news\/index.php?rest_route=\/wp\/v2\/users\/1"}],"replies":[{"embeddable":true,"href":"https:\/\/agromt.news\/index.php?rest_route=%2Fwp%2Fv2%2Fcomments&post=24146"}],"version-history":[{"count":0,"href":"https:\/\/agromt.news\/index.php?rest_route=\/wp\/v2\/posts\/24146\/revisions"}],"wp:featuredmedia":[{"embeddable":true,"href":"https:\/\/agromt.news\/index.php?rest_route=\/wp\/v2\/media\/4420"}],"wp:attachment":[{"href":"https:\/\/agromt.news\/index.php?rest_route=%2Fwp%2Fv2%2Fmedia&parent=24146"}],"wp:term":[{"taxonomy":"category","embeddable":true,"href":"https:\/\/agromt.news\/index.php?rest_route=%2Fwp%2Fv2%2Fcategories&post=24146"},{"taxonomy":"post_tag","embeddable":true,"href":"https:\/\/agromt.news\/index.php?rest_route=%2Fwp%2Fv2%2Ftags&post=24146"}],"curies":[{"name":"wp","href":"https:\/\/api.w.org\/{rel}","templated":true}]}}