{"id":24141,"date":"2025-11-16T21:09:26","date_gmt":"2025-11-17T01:09:26","guid":{"rendered":"https:\/\/agromt.news\/?p=24141"},"modified":"2025-11-16T21:09:26","modified_gmt":"2025-11-17T01:09:26","slug":"autonomia-agricola-avanca-com-novidades-em-feira-alema","status":"publish","type":"post","link":"https:\/\/agromt.news\/?p=24141","title":{"rendered":"Autonomia agr\u00edcola avan\u00e7a com novidades em feira alem\u00e3"},"content":{"rendered":"<p> <br \/>\n<\/p>\n<div>\n<div class=\"row\">\n<div class=\"col-lg col-infos mt-0 mt-lg-0\">\n<div class=\"section-sub-title\">\n<p itemprop=\"description\">&#13;<br \/>\n                                \u201cA Agritechnica \u00e9 um dos maiores e mais influentes eventos do mundo&#8221;&#13;\n                            <\/p>\n<\/p><\/div>\n<div class=\"container\">\n<div class=\"row\">\n<div class=\"col-lg p-0\">\n<div>\n<div class=\"block-news-main-infos mt-3 text-start\">\n<p>                                            <strong class=\"fn\" itemprop=\"author\" style=\"color: rgb(112, 112, 112); \">&#13;<br \/>\n                                                <a href=\"https:\/\/www.agrolink.com.br\/noticias\/javascript:;\" class=\"text-uppercase\" target=\"_blank\" style=\"color: rgb(112, 112, 112); \" rel=\"noopener\">Agrolink<\/a>&#13;<br \/>\n&#13;<br \/>\n                                                    &#8211; Leonardo Gottems&#13;<br \/>\n&#13;<br \/>\n                                            <\/strong><br \/>\n                                        <\/p>\n<p>                                            <abbr><time datetime=\"2025 - 11 - 15T07:54\" itemprop=\"datePublished dateModified\"> Publicado em 15\/11\/2025 \u00e0s 07:54h.<\/time><\/abbr>\n                                    <\/div>\n<\/p><\/div>\n<\/p><\/div>\n<div class=\"col-lg p-0 text-lg-end\">\n<div>\n<div id=\"mdEnviarPagina\" class=\"modal fade\" role=\"dialog\">\n<div class=\"modal-dialog\">\n<div class=\"modal-content\">\n<div class=\"modal-body\">\n<p><strong>Estimado usu\u00e1rio.<\/strong><br \/>Preencha o formul\u00e1rio abaixo para remeter a p\u00e1gina.<\/p>\n<\/p><\/div>\n<\/p><\/div>\n<\/p><\/div>\n<\/div><\/div>\n<\/p><\/div>\n<\/p><\/div>\n<\/p><\/div>\n<\/p><\/div>\n<\/p><\/div>\n<div class=\"row justify-content-md-center mt-3\">\n<div class=\"col-lg-auto col-image block-news-main-image\">\n<p>                                <img decoding=\"async\" src=\"https:\/\/www.agrolink.com.br\/upload\/imagens-resizes\/56cda1235bd3492ba67358712f12f081_858x483.jpg\" class=\"lazyload img-fluid\" alt=\"\u201cA Agritechnica \u00e9 um dos maiores e mais influentes eventos do mundo&quot;\"\/><br \/>\n                                                <span class=\"d-block mt-1\">\u201cA Agritechnica \u00e9 um dos maiores e mais influentes eventos do mundo&#8221; &#8211; Foto: Divulga\u00e7\u00e3o<\/span><\/p><\/div>\n<\/p><\/div>\n<div class=\"section-description section-description-noticias mt-3\">\n<p>A autonomia agr\u00edcola ganha foco no encerramento da Agritechnica 2025, realizada de 9 a 15 de novembro em Han\u00f4ver. A Hexagon apresentou no evento tecnologias de percep\u00e7\u00e3o, posicionamento e controle voltadas a tornar opera\u00e7\u00f5es mais seguras e eficientes no campo.&#13;\n<\/p>\n<p>A feira marcou a primeira exibi\u00e7\u00e3o na Europa da nova plataforma de percep\u00e7\u00e3o baseada em c\u00e2meras com intelig\u00eancia artificial, desenvolvida para oferecer vis\u00e3o, precis\u00e3o e confiabilidade a m\u00e1quinas aut\u00f4nomas e semiaut\u00f4nomas. O recurso apoia fabricantes de equipamentos, empresas de rob\u00f3tica e startups no avan\u00e7o de sistemas capazes de interpretar o ambiente e operar com maior seguran\u00e7a. Durante o evento, houve ainda o contexto das avalia\u00e7\u00f5es de executivos sobre a import\u00e2ncia da mostra e sobre a combina\u00e7\u00e3o entre posicionamento de alta precis\u00e3o e recursos de percep\u00e7\u00e3o.<\/p>\n<p>\u201cA Agritechnica \u00e9 um dos maiores e mais influentes eventos do mundo voltados \u00e0 agricultura, reunindo fabricantes e startups que est\u00e3o definindo o futuro do setor\u201d, afirma Bernardo de Castro, vice-presidente de Estrat\u00e9gia Agr\u00edcola da divis\u00e3o de Autonomy &amp; Positioning da Hexagon. \u201cNosso objetivo \u00e9 fornecer aos desenvolvedores de tecnologia ferramentas que permitam acelerar a automa\u00e7\u00e3o das opera\u00e7\u00f5es, combinando sistemas de posicionamento de alta precis\u00e3o e recursos avan\u00e7ados de percep\u00e7\u00e3o\u201d, afirma.&#13;\n<\/p>\n<p>Entre os destaques esteve o m\u00f3dulo GNSS mosaic-G5, compacto, de baixo consumo e capaz de manter sinal est\u00e1vel mesmo em \u00e1reas de recep\u00e7\u00e3o limitada. Tamb\u00e9m foi exibida a antena GNSS SMART2, de dupla frequ\u00eancia, compat\u00edvel com corre\u00e7\u00f5es PPP e RTK e projetada para oferecer desempenho flex\u00edvel e escal\u00e1vel. As solu\u00e7\u00f5es foram apresentadas como base para m\u00e1quinas mais inteligentes, conectadas e sustent\u00e1veis.<\/p>\n<p>\u201cNossas tecnologias formam a base sobre a qual muitas das inova\u00e7\u00f5es agr\u00edcolas mais promissoras est\u00e3o sendo constru\u00eddas\u201d, complementa Bernardo. \u201cCom a nova gera\u00e7\u00e3o de sistemas de percep\u00e7\u00e3o, ajudaremos o setor a dar o pr\u00f3ximo passo na dire\u00e7\u00e3o de opera\u00e7\u00f5es cada vez mais inteligentes, conectadas e sustent\u00e1veis\u201d, conclui.<br \/>&#13;<br \/>\n\u00a0&#13;\n<\/p>\n<\/p><\/div>\n<\/p><\/div>\n<p><script data-cfasync=\"false\">\n    !function (f, b, e, v, n, t, s) {\n        if (f.fbq) return; n = f.fbq = function () {\n            n.callMethod ?\n                n.callMethod.apply(n, arguments) : n.queue.push(arguments)\n        };\n        if (!f._fbq) f._fbq = n; n.push = n; n.loaded = !0; n.version = '2.0';\n        n.queue = []; t = b.createElement(e); t.async = !0;\n        t.src = v; s = b.getElementsByTagName(e)[0];\n        s.parentNode.insertBefore(t, s)\n    }(window, document, 'script',\n        'https:\/\/connect.facebook.net\/en_US\/fbevents.js');\n    fbq('init', '522546078623747');\n    fbq('track', 'PageView');\n<\/script><br \/>\n<br \/><br \/>\n<br \/><a href=\"https:\/\/www.agrolink.com.br\/noticias\/autonomia-agricola-avanca-com-novidades-em-feira-alema_508066.html\">Source link <\/a><\/p>\n","protected":false},"excerpt":{"rendered":"<p>&#13; \u201cA Agritechnica \u00e9 um dos maiores e mais influentes eventos do mundo&#8221;&#13; &#13; Agrolink&#13; &#13; &#8211; Leonardo Gottems&#13; &#13;<\/p>\n","protected":false},"author":1,"featured_media":24142,"comment_status":"open","ping_status":"open","sticky":false,"template":"","format":"standard","meta":{"_monsterinsights_skip_tracking":false,"_monsterinsights_sitenote_active":false,"_monsterinsights_sitenote_note":"","_monsterinsights_sitenote_category":0,"_uf_show_specific_survey":0,"_uf_disable_surveys":false,"footnotes":""},"categories":[8,1,14],"tags":[],"class_list":["post-24141","post","type-post","status-publish","format-standard","has-post-thumbnail","hentry","category-agro","category-news","category-politica-agro"],"_links":{"self":[{"href":"https:\/\/agromt.news\/index.php?rest_route=\/wp\/v2\/posts\/24141"}],"collection":[{"href":"https:\/\/agromt.news\/index.php?rest_route=\/wp\/v2\/posts"}],"about":[{"href":"https:\/\/agromt.news\/index.php?rest_route=\/wp\/v2\/types\/post"}],"author":[{"embeddable":true,"href":"https:\/\/agromt.news\/index.php?rest_route=\/wp\/v2\/users\/1"}],"replies":[{"embeddable":true,"href":"https:\/\/agromt.news\/index.php?rest_route=%2Fwp%2Fv2%2Fcomments&post=24141"}],"version-history":[{"count":0,"href":"https:\/\/agromt.news\/index.php?rest_route=\/wp\/v2\/posts\/24141\/revisions"}],"wp:featuredmedia":[{"embeddable":true,"href":"https:\/\/agromt.news\/index.php?rest_route=\/wp\/v2\/media\/24142"}],"wp:attachment":[{"href":"https:\/\/agromt.news\/index.php?rest_route=%2Fwp%2Fv2%2Fmedia&parent=24141"}],"wp:term":[{"taxonomy":"category","embeddable":true,"href":"https:\/\/agromt.news\/index.php?rest_route=%2Fwp%2Fv2%2Fcategories&post=24141"},{"taxonomy":"post_tag","embeddable":true,"href":"https:\/\/agromt.news\/index.php?rest_route=%2Fwp%2Fv2%2Ftags&post=24141"}],"curies":[{"name":"wp","href":"https:\/\/api.w.org\/{rel}","templated":true}]}}