{"id":24137,"date":"2025-11-16T16:57:58","date_gmt":"2025-11-16T20:57:58","guid":{"rendered":"https:\/\/agromt.news\/?p=24137"},"modified":"2025-11-16T16:57:58","modified_gmt":"2025-11-16T20:57:58","slug":"eua-anuncia-reducao-das-tarifas","status":"publish","type":"post","link":"https:\/\/agromt.news\/?p=24137","title":{"rendered":"EUA anuncia redu\u00e7\u00e3o das tarifas"},"content":{"rendered":"<p> <br \/>\n<\/p>\n<div>\n<div class=\"row\">\n<div class=\"col-lg col-infos mt-0 mt-lg-0\">\n<div class=\"section-sub-title\">\n<p itemprop=\"description\">&#13;<br \/>\n                                A medida representa uma tentativa da administra\u00e7\u00e3o Trump de conter a infla\u00e7\u00e3o&#13;\n                            <\/p>\n<\/p><\/div>\n<div class=\"container\">\n<div class=\"row\">\n<div class=\"col-lg p-0\">\n<div>\n<div class=\"block-news-main-infos mt-3 text-start\">\n<p>                                            <strong class=\"fn\" itemprop=\"author\" style=\"color: rgb(112, 112, 112); \">&#13;<br \/>\n                                                <a href=\"https:\/\/www.agrolink.com.br\/noticias\/javascript:;\" class=\"text-uppercase\" target=\"_blank\" style=\"color: rgb(112, 112, 112); \" rel=\"noopener\">Agrolink<\/a>&#13;<br \/>\n&#13;<br \/>\n                                                    &#8211; Aline Merladete&#13;<br \/>\n&#13;<br \/>\n                                            <\/strong><br \/>\n                                        <\/p>\n<p>                                            <abbr><time datetime=\"2025 - 11 - 15T08:37\" itemprop=\"datePublished dateModified\"> Publicado em 15\/11\/2025 \u00e0s 08:37h.<\/time><\/abbr>\n                                    <\/div>\n<\/p><\/div>\n<\/p><\/div>\n<div class=\"col-lg p-0 text-lg-end\">\n<div>\n<div id=\"mdEnviarPagina\" class=\"modal fade\" role=\"dialog\">\n<div class=\"modal-dialog\">\n<div class=\"modal-content\">\n<div class=\"modal-body\">\n<p><strong>Estimado usu\u00e1rio.<\/strong><br \/>Preencha o formul\u00e1rio abaixo para remeter a p\u00e1gina.<\/p>\n<\/p><\/div>\n<\/p><\/div>\n<\/p><\/div>\n<\/div><\/div>\n<\/p><\/div>\n<\/p><\/div>\n<\/p><\/div>\n<\/p><\/div>\n<\/p><\/div>\n<div class=\"row justify-content-md-center mt-3\">\n<div class=\"col-lg-auto col-image block-news-main-image\">\n<p>                                <img decoding=\"async\" src=\"https:\/\/www.agrolink.com.br\/upload\/imagens-resizes\/2eac0298bb3a466b99500e1a7ed4463a_858x483.jpg\" class=\"lazyload img-fluid\"\/><br \/>\n                                                <span class=\"publicity-photo d-block mt-1\">Foto: Pixabay<\/span><\/p><\/div>\n<\/p><\/div>\n<div class=\"section-description section-description-noticias mt-3\">\n<p style=\"text-align:justify\">Na \u00faltima sexta-feira (14), os Estados Unidos anunciaram a isen\u00e7\u00e3o de tarifas para cerca de 200 produtos aliment\u00edcios, entre eles carne bovina, caf\u00e9, frutas tropicais e fertilizantes. A medida representa uma tentativa da administra\u00e7\u00e3o Trump de conter a infla\u00e7\u00e3o alimentar, mas ainda mant\u00e9m barreiras significativas \u00e0s exporta\u00e7\u00f5es brasileiras.&#13;\n<\/p>\n<p style=\"text-align:justify\">De acordo com o Minist\u00e9rio da Agricultura e Pecu\u00e1ria (Mapa), a redu\u00e7\u00e3o atinge exclusivamente as chamadas &#8220;tarifas de reciprocidade&#8221;, implementadas em abril de 2025 pelo ent\u00e3o presidente norte-americano. Para o Brasil, essas tarifas caem de 10% para 0%. No entanto, permanece em vigor uma tarifa adicional de 40% imposta em julho sobre produtos brasileiros \u2013 uma das mais altas entre os pa\u00edses afetados.\u00a0<\/p>\n<p style=\"text-align:justify\">A Casa Branca justificou a decis\u00e3o como parte de um pacote de conten\u00e7\u00e3o da alta de pre\u00e7os no pa\u00eds. As isen\u00e7\u00f5es entram em vigor retroativamente \u00e0 meia-noite de quinta-feira, segundo comunicado oficial. Entre os produtos beneficiados est\u00e3o itens-chave da pauta exportadora brasileira, como a\u00e7a\u00ed, manga, ch\u00e1 e cacau.&#13;\n<\/p>\n<p style=\"text-align:justify\">A medida pode gerar f\u00f4lego pontual para embarques de produtos como frutas tropicais e fertilizantes, mas a perman\u00eancia da tarifa extra de 40% limita a competitividade do agro brasileiro no mercado norte-americano. Setores como o de carnes e o de caf\u00e9 seguem pressionados.<\/p>\n<p style=\"text-align:justify\">\u00a0<\/p>\n<\/p><\/div>\n<\/p><\/div>\n<p><script data-cfasync=\"false\">\n    !function (f, b, e, v, n, t, s) {\n        if (f.fbq) return; n = f.fbq = function () {\n            n.callMethod ?\n                n.callMethod.apply(n, arguments) : n.queue.push(arguments)\n        };\n        if (!f._fbq) f._fbq = n; n.push = n; n.loaded = !0; n.version = '2.0';\n        n.queue = []; t = b.createElement(e); t.async = !0;\n        t.src = v; s = b.getElementsByTagName(e)[0];\n        s.parentNode.insertBefore(t, s)\n    }(window, document, 'script',\n        'https:\/\/connect.facebook.net\/en_US\/fbevents.js');\n    fbq('init', '522546078623747');\n    fbq('track', 'PageView');\n<\/script><br \/>\n<br \/><br \/>\n<br \/><a href=\"https:\/\/www.agrolink.com.br\/noticias\/eua-anuncia-reducao-das-tarifas_508068.html\">Source link <\/a><\/p>\n","protected":false},"excerpt":{"rendered":"<p>&#13; A medida representa uma tentativa da administra\u00e7\u00e3o Trump de conter a infla\u00e7\u00e3o&#13; &#13; Agrolink&#13; &#13; &#8211; Aline Merladete&#13; &#13;<\/p>\n","protected":false},"author":1,"featured_media":4610,"comment_status":"open","ping_status":"open","sticky":false,"template":"","format":"standard","meta":{"_monsterinsights_skip_tracking":false,"_monsterinsights_sitenote_active":false,"_monsterinsights_sitenote_note":"","_monsterinsights_sitenote_category":0,"_uf_show_specific_survey":0,"_uf_disable_surveys":false,"footnotes":""},"categories":[8,1,14],"tags":[],"class_list":["post-24137","post","type-post","status-publish","format-standard","has-post-thumbnail","hentry","category-agro","category-news","category-politica-agro"],"_links":{"self":[{"href":"https:\/\/agromt.news\/index.php?rest_route=\/wp\/v2\/posts\/24137"}],"collection":[{"href":"https:\/\/agromt.news\/index.php?rest_route=\/wp\/v2\/posts"}],"about":[{"href":"https:\/\/agromt.news\/index.php?rest_route=\/wp\/v2\/types\/post"}],"author":[{"embeddable":true,"href":"https:\/\/agromt.news\/index.php?rest_route=\/wp\/v2\/users\/1"}],"replies":[{"embeddable":true,"href":"https:\/\/agromt.news\/index.php?rest_route=%2Fwp%2Fv2%2Fcomments&post=24137"}],"version-history":[{"count":0,"href":"https:\/\/agromt.news\/index.php?rest_route=\/wp\/v2\/posts\/24137\/revisions"}],"wp:featuredmedia":[{"embeddable":true,"href":"https:\/\/agromt.news\/index.php?rest_route=\/wp\/v2\/media\/4610"}],"wp:attachment":[{"href":"https:\/\/agromt.news\/index.php?rest_route=%2Fwp%2Fv2%2Fmedia&parent=24137"}],"wp:term":[{"taxonomy":"category","embeddable":true,"href":"https:\/\/agromt.news\/index.php?rest_route=%2Fwp%2Fv2%2Fcategories&post=24137"},{"taxonomy":"post_tag","embeddable":true,"href":"https:\/\/agromt.news\/index.php?rest_route=%2Fwp%2Fv2%2Ftags&post=24137"}],"curies":[{"name":"wp","href":"https:\/\/api.w.org\/{rel}","templated":true}]}}