{"id":24134,"date":"2025-11-16T15:38:38","date_gmt":"2025-11-16T19:38:38","guid":{"rendered":"https:\/\/agromt.news\/?p=24134"},"modified":"2025-11-16T15:38:38","modified_gmt":"2025-11-16T19:38:38","slug":"temporais-avancam-pelo-sul-e-ms-com-chuva-forte-e-ventania","status":"publish","type":"post","link":"https:\/\/agromt.news\/?p=24134","title":{"rendered":"temporais avan\u00e7am pelo Sul e MS com chuva forte e ventania"},"content":{"rendered":"<p> <br \/>\n<br \/><img decoding=\"async\" src=\"https:\/\/agromt.news\/wp-content\/uploads\/2025\/09\/Frente-fria-estaciona-e-provoca-temporais-em-alguns-estados-veja.jpg\" \/><\/p>\n<div>\n<p>Uma frente fria com intensidade acima do normal para novembro avan\u00e7a sobre o Rio Grande do Sul neste domingo (16), criando um cen\u00e1rio de forte instabilidade em toda a regi\u00e3o Sul do pa\u00eds. Segundo a meteorologista <strong>Jos\u00e9lia Pegorim<\/strong>, da <strong><a href=\"https:\/\/www.canalrural.com.br\/autor\/climatempo\/\">Climatempo<\/a><\/strong>, a combina\u00e7\u00e3o do ar frio com o fluxo de ar quente e \u00famido vindo da Amaz\u00f4nia mant\u00e9m <strong>alto potencial para temporais<\/strong>, com chuva intensa, rajadas de vento e grande quantidade de raios.<\/p>\n<div data-icp-cta=\"1\" id=\"icp-cta-unique\">Voc\u00ea quer entender como usar o clima a seu favor?<b> <\/b><a href=\"https:\/\/climacampo.canalrural.com.br\/climacampo_-01\">Preparamos um e-book exclusivo<\/a> para ajudar produtores rurais a se antecipar \u00e0s mudan\u00e7as do tempo e planejar melhor suas a\u00e7\u00f5es. Com base em previs\u00f5es meteorol\u00f3gicas confi\u00e1veis, ele oferece orienta\u00e7\u00f5es pr\u00e1ticas para proteger sua lavoura e otimizar seus resultados.<\/div>\n<p>Durante a manh\u00e3, as nuvens mais carregadas se concentraram na fronteira do Rio Grande do Sul com o Uruguai e no oeste do estado. Por\u00e9m, ao longo da tarde e da noite, a previs\u00e3o indica que as tempestades <strong>ganham for\u00e7a e se espalham<\/strong> por todas as regi\u00f5es ga\u00fachas, alcan\u00e7ando tamb\u00e9m <strong>Santa Catarina e Paran\u00e1<\/strong>. <\/p>\n<p>As \u00e1reas da fronteira de Mato Grosso do Sul com o Paraguai est\u00e3o igualmente sob alerta, devido \u00e0 aproxima\u00e7\u00e3o da frente fria.<\/p>\n<h3 class=\"wp-block-heading\" id=\"h-sul-de-mato-grosso-do-sul-em-alerta\"><strong>Sul de Mato Grosso do Sul em alerta<\/strong><\/h3>\n<p>A Climatempo refor\u00e7a que o sul de Mato Grosso do Sul permanece sob risco de temporais, resultado da intera\u00e7\u00e3o entre o ar muito quente e \u00famido e o avan\u00e7o da frente fria pelo Sul do Brasil e pelo Paraguai. <\/p>\n<p>Entre o fim da tarde e a noite, a regi\u00e3o pode registrar <strong>vento forte, chuva volumosa e descargas el\u00e9tricas<\/strong>, exatamente como previsto no boletim divulgado na madrugada.<\/p>\n<h3 class=\"wp-block-heading\" id=\"h-cenario-ja-e-critico-no-rio-grande-do-sul\"><strong>Cen\u00e1rio j\u00e1 \u00e9 cr\u00edtico no Rio Grande do Sul<\/strong><\/h3>\n<p>De acordo com as informa\u00e7\u00f5es colhidas por Jos\u00e9lia Pegorim, por volta das 12h, o tempo seguia bastante inst\u00e1vel no centro, sul, sudoeste e oeste do Rio Grande do Sul. Esta\u00e7\u00f5es do Instituto Nacional de Meteorologia (<strong>Inmet<\/strong>) registraram rajadas de <strong>75 km\/h em Quara\u00ed<\/strong> e <strong>71 km\/h em Dom Pedrito<\/strong>, mostrando a intensidade da ventania j\u00e1 no per\u00edodo da manh\u00e3.<\/p>\n<p>Leituras do Centro Nacional de Monitoramento e Alertas de Desastres Naturais (<strong>Cemaden<\/strong>) indicam acumulados expressivos em poucas horas: entre 8h e 11h, choveu <strong>55 mm em Uruguaiana<\/strong>, <strong>25,8 mm em Alegrete<\/strong>, <strong>20,2 mm em Santana do Livramento<\/strong> e <strong>35,6 mm em Quara\u00ed<\/strong>, segundo dados complementares do Inmet.<\/p>\n<\/p><\/div>\n<p><br \/>\n<br \/><a href=\"https:\/\/www.canalrural.com.br\/tempo\/frente-fria-neste-domingo-temporais-avancam-pelo-sul-e-ms-com-chuva-forte-e-ventania\/\">Source link <\/a><\/p>\n","protected":false},"excerpt":{"rendered":"<p>Uma frente fria com intensidade acima do normal para novembro avan\u00e7a sobre o Rio Grande do Sul neste domingo (16),<\/p>\n","protected":false},"author":1,"featured_media":19548,"comment_status":"open","ping_status":"open","sticky":false,"template":"","format":"standard","meta":{"_monsterinsights_skip_tracking":false,"_monsterinsights_sitenote_active":false,"_monsterinsights_sitenote_note":"","_monsterinsights_sitenote_category":0,"_uf_show_specific_survey":0,"_uf_disable_surveys":false,"footnotes":""},"categories":[1],"tags":[],"class_list":["post-24134","post","type-post","status-publish","format-standard","has-post-thumbnail","hentry","category-news"],"_links":{"self":[{"href":"https:\/\/agromt.news\/index.php?rest_route=\/wp\/v2\/posts\/24134"}],"collection":[{"href":"https:\/\/agromt.news\/index.php?rest_route=\/wp\/v2\/posts"}],"about":[{"href":"https:\/\/agromt.news\/index.php?rest_route=\/wp\/v2\/types\/post"}],"author":[{"embeddable":true,"href":"https:\/\/agromt.news\/index.php?rest_route=\/wp\/v2\/users\/1"}],"replies":[{"embeddable":true,"href":"https:\/\/agromt.news\/index.php?rest_route=%2Fwp%2Fv2%2Fcomments&post=24134"}],"version-history":[{"count":0,"href":"https:\/\/agromt.news\/index.php?rest_route=\/wp\/v2\/posts\/24134\/revisions"}],"wp:featuredmedia":[{"embeddable":true,"href":"https:\/\/agromt.news\/index.php?rest_route=\/wp\/v2\/media\/19548"}],"wp:attachment":[{"href":"https:\/\/agromt.news\/index.php?rest_route=%2Fwp%2Fv2%2Fmedia&parent=24134"}],"wp:term":[{"taxonomy":"category","embeddable":true,"href":"https:\/\/agromt.news\/index.php?rest_route=%2Fwp%2Fv2%2Fcategories&post=24134"},{"taxonomy":"post_tag","embeddable":true,"href":"https:\/\/agromt.news\/index.php?rest_route=%2Fwp%2Fv2%2Ftags&post=24134"}],"curies":[{"name":"wp","href":"https:\/\/api.w.org\/{rel}","templated":true}]}}