{"id":24130,"date":"2025-11-16T14:59:16","date_gmt":"2025-11-16T18:59:16","guid":{"rendered":"https:\/\/agromt.news\/?p=24130"},"modified":"2025-11-16T14:59:16","modified_gmt":"2025-11-16T18:59:16","slug":"76-valorizam-energia-renovavel-mas-so-26-adotam","status":"publish","type":"post","link":"https:\/\/agromt.news\/?p=24130","title":{"rendered":"76% valorizam energia renov\u00e1vel, mas s\u00f3 26% adotam"},"content":{"rendered":"<p> <br \/>\n<\/p>\n<div>\n<div class=\"row\">\n<div class=\"col-lg col-infos mt-0 mt-lg-0\">\n<div class=\"section-sub-title\">\n<p itemprop=\"description\">&#13;<br \/>\n                                &#8220;Essa diferen\u00e7a se explica por uma combina\u00e7\u00e3o de fatores&#8221;&#13;\n                            <\/p>\n<\/p><\/div>\n<div class=\"container\">\n<div class=\"row\">\n<div class=\"col-lg p-0\">\n<div>\n<div class=\"block-news-main-infos mt-3 text-start\">\n<p>                                            <strong class=\"fn\" itemprop=\"author\" style=\"color: rgb(112, 112, 112); \">&#13;<br \/>\n                                                <a href=\"https:\/\/www.agrolink.com.br\/noticias\/javascript:;\" class=\"text-uppercase\" target=\"_blank\" style=\"color: rgb(112, 112, 112); \" rel=\"noopener\">Agrolink<\/a>&#13;<br \/>\n&#13;<br \/>\n                                                    &#8211; Leonardo Gottems&#13;<br \/>\n&#13;<br \/>\n                                            <\/strong><br \/>\n                                        <\/p>\n<p>                                            <abbr><time datetime=\"2025 - 11 - 15T10:11\" itemprop=\"datePublished dateModified\"> Publicado em 15\/11\/2025 \u00e0s 10:11h.<\/time><\/abbr>\n                                    <\/div>\n<\/p><\/div>\n<\/p><\/div>\n<div class=\"col-lg p-0 text-lg-end\">\n<div>\n<div id=\"mdEnviarPagina\" class=\"modal fade\" role=\"dialog\">\n<div class=\"modal-dialog\">\n<div class=\"modal-content\">\n<div class=\"modal-body\">\n<p><strong>Estimado usu\u00e1rio.<\/strong><br \/>Preencha o formul\u00e1rio abaixo para remeter a p\u00e1gina.<\/p>\n<\/p><\/div>\n<\/p><\/div>\n<\/p><\/div>\n<\/div><\/div>\n<\/p><\/div>\n<\/p><\/div>\n<\/p><\/div>\n<\/p><\/div>\n<\/p><\/div>\n<div class=\"row justify-content-md-center mt-3\">\n<div class=\"col-lg-auto col-image block-news-main-image\">\n<p>                                <img decoding=\"async\" src=\"https:\/\/www.agrolink.com.br\/upload\/imagens-resizes\/890c91fe679944028e654daf6fb137e2_858x483.jpg\" class=\"lazyload img-fluid\" alt=\"&quot;Essa diferen\u00e7a se explica por uma combina\u00e7\u00e3o de fatores&quot;\"\/><br \/>\n                                                <span class=\"d-block mt-1\">&#8220;Essa diferen\u00e7a se explica por uma combina\u00e7\u00e3o de fatores&#8221; &#8211; Foto: Divulga\u00e7\u00e3o<\/span><\/p><\/div>\n<\/p><\/div>\n<div class=\"section-description section-description-noticias mt-3\">\n<p>Um levantamento do estudo \u201cESG Trends 2025\u201d, conduzido no Brasil pela Demanda Pesquisa e Desenvolvimento de Mercado, revela a maior dist\u00e2ncia entre o que os brasileiros consideram importante e o que efetivamente fazem no dia a dia. A energia renov\u00e1vel lidera esse hiato: 76% dizem valorizar o tema, mas apenas 26% adotam pr\u00e1ticas ligadas ao uso de fontes limpas.&#13;\n<\/p>\n<p>Segundo Silvio Pires de Paula, presidente da Demanda, essa diferen\u00e7a \u00e9 explicada por fatores como dificuldade de acesso a fornecedores, percep\u00e7\u00e3o de custo elevado e pouca informa\u00e7\u00e3o sobre alternativas vi\u00e1veis. Ele ressalta que, apesar disso, o pa\u00eds tem potencial para avan\u00e7ar, especialmente com o fortalecimento da energia solar e a amplia\u00e7\u00e3o do mercado livre de energia.<\/p>\n<p>\u201cEssa diferen\u00e7a se explica por uma combina\u00e7\u00e3o de fatores, o acesso limitado a fornecedores de energia limpa, o custo percebido como mais alto e a falta de informa\u00e7\u00e3o sobre alternativas vi\u00e1veis para resid\u00eancias e pequenas empresas. Enquanto a\u00e7\u00f5es mais simples est\u00e3o amplamente incorporadas no cotidiano, como evitar o desperd\u00edcio de alimentos e reduzir o consumo de energia\u201d, explica Silvio Pires de Paula, fundador e presidente da Demanda Pesquisa e Desenvolvimento de Mercado, que liderou o estudo no Brasil.&#13;\n<\/p>\n<p>A mudan\u00e7a pode ganhar impulso com a nova resolu\u00e7\u00e3o CGIEE n\u00ba 4, que exigir\u00e1, a partir de 2027, etiquetagem de consumo energ\u00e9tico em pr\u00e9dios p\u00fablicos e, a partir de 2030, tamb\u00e9m em edifica\u00e7\u00f5es privadas. Para Adriana Hansen, diretora de Sustentabilidade do CTE, a medida deve estimular escolhas mais eficientes e acelerar a ado\u00e7\u00e3o de pr\u00e1ticas renov\u00e1veis.<\/p>\n<p>O estudo tamb\u00e9m mostra que h\u00e1bitos sustent\u00e1veis mais comuns entre os brasileiros s\u00e3o aqueles que impactam diretamente o bolso. Evitar desperd\u00edcio de alimentos (87%), reduzir consumo de energia (80%) e comprar apenas o necess\u00e1rio (67%) lideram o ranking de a\u00e7\u00f5es efetivas.<br \/>&#13;<br \/>\n\u00a0&#13;\n<\/p>\n<\/p><\/div>\n<\/p><\/div>\n<p><script data-cfasync=\"false\">\n    !function (f, b, e, v, n, t, s) {\n        if (f.fbq) return; n = f.fbq = function () {\n            n.callMethod ?\n                n.callMethod.apply(n, arguments) : n.queue.push(arguments)\n        };\n        if (!f._fbq) f._fbq = n; n.push = n; n.loaded = !0; n.version = '2.0';\n        n.queue = []; t = b.createElement(e); t.async = !0;\n        t.src = v; s = b.getElementsByTagName(e)[0];\n        s.parentNode.insertBefore(t, s)\n    }(window, document, 'script',\n        'https:\/\/connect.facebook.net\/en_US\/fbevents.js');\n    fbq('init', '522546078623747');\n    fbq('track', 'PageView');\n<\/script><br \/>\n<br \/><br \/>\n<br \/><a href=\"https:\/\/www.agrolink.com.br\/noticias\/76--valorizam-energia-renovavel--mas-so-26--adotam_508069.html\">Source link <\/a><\/p>\n","protected":false},"excerpt":{"rendered":"<p>&#13; &#8220;Essa diferen\u00e7a se explica por uma combina\u00e7\u00e3o de fatores&#8221;&#13; &#13; Agrolink&#13; &#13; &#8211; Leonardo Gottems&#13; &#13; Publicado em 15\/11\/2025<\/p>\n","protected":false},"author":1,"featured_media":18662,"comment_status":"open","ping_status":"open","sticky":false,"template":"","format":"standard","meta":{"_monsterinsights_skip_tracking":false,"_monsterinsights_sitenote_active":false,"_monsterinsights_sitenote_note":"","_monsterinsights_sitenote_category":0,"_uf_show_specific_survey":0,"_uf_disable_surveys":false,"footnotes":""},"categories":[8,1,14],"tags":[],"class_list":["post-24130","post","type-post","status-publish","format-standard","has-post-thumbnail","hentry","category-agro","category-news","category-politica-agro"],"_links":{"self":[{"href":"https:\/\/agromt.news\/index.php?rest_route=\/wp\/v2\/posts\/24130"}],"collection":[{"href":"https:\/\/agromt.news\/index.php?rest_route=\/wp\/v2\/posts"}],"about":[{"href":"https:\/\/agromt.news\/index.php?rest_route=\/wp\/v2\/types\/post"}],"author":[{"embeddable":true,"href":"https:\/\/agromt.news\/index.php?rest_route=\/wp\/v2\/users\/1"}],"replies":[{"embeddable":true,"href":"https:\/\/agromt.news\/index.php?rest_route=%2Fwp%2Fv2%2Fcomments&post=24130"}],"version-history":[{"count":0,"href":"https:\/\/agromt.news\/index.php?rest_route=\/wp\/v2\/posts\/24130\/revisions"}],"wp:featuredmedia":[{"embeddable":true,"href":"https:\/\/agromt.news\/index.php?rest_route=\/wp\/v2\/media\/18662"}],"wp:attachment":[{"href":"https:\/\/agromt.news\/index.php?rest_route=%2Fwp%2Fv2%2Fmedia&parent=24130"}],"wp:term":[{"taxonomy":"category","embeddable":true,"href":"https:\/\/agromt.news\/index.php?rest_route=%2Fwp%2Fv2%2Fcategories&post=24130"},{"taxonomy":"post_tag","embeddable":true,"href":"https:\/\/agromt.news\/index.php?rest_route=%2Fwp%2Fv2%2Ftags&post=24130"}],"curies":[{"name":"wp","href":"https:\/\/api.w.org\/{rel}","templated":true}]}}