{"id":24129,"date":"2025-11-16T14:19:51","date_gmt":"2025-11-16T18:19:51","guid":{"rendered":"https:\/\/agromt.news\/?p=24129"},"modified":"2025-11-16T14:19:51","modified_gmt":"2025-11-16T18:19:51","slug":"indicador-avalia-desenvolvimento-socioeconomico-em-imoveis-rurais","status":"publish","type":"post","link":"https:\/\/agromt.news\/?p=24129","title":{"rendered":"Indicador avalia desenvolvimento socioecon\u00f4mico em im\u00f3veis rurais"},"content":{"rendered":"<p> <br \/>\n<br \/><img decoding=\"async\" src=\"https:\/\/agromt.news\/wp-content\/uploads\/2025\/09\/Prazo-para-entrega-do-ITR-2025-termina-em-30-de.jpg\" \/><\/p>\n<div>\n<p>A Agroicone, consultoria focada em conte\u00fados t\u00e9cnicos e solu\u00e7\u00f5es voltadas ao agroneg\u00f3cio, apresentou nesta semana um novo indicador que avalia condi\u00e7\u00f5es socioecon\u00f4micas associadas aos im\u00f3veis inscritos no Cadastro Ambiental Rural <a href=\"https:\/\/www.canalrural.com.br\/tag\/car\/\">(CAR)<\/a>. O \u00cdndice de Desenvolvimento Rural para o CAR integra dados do Censo 2022 do Instituto Brasileiro de Geografia e Estat\u00edstica <a href=\"https:\/\/www.canalrural.com.br\/tag\/ibge\/\">(IBGE)<\/a> e informa\u00e7\u00f5es de 7,8 milh\u00f5es de propriedades rurais no pa\u00eds.<\/p>\n<p>O objetivo \u00e9 fornecer uma ferramenta t\u00e9cnica para pesquisa, formula\u00e7\u00e3o de pol\u00edticas p\u00fablicas e decis\u00f5es do setor privado, ampliando a compreens\u00e3o sobre desafios e oportunidades no meio rural.<\/p>\n<h3 class=\"wp-block-heading\" id=\"h-como-o-indicador-foi-construido\">Como o indicador foi constru\u00eddo<\/h3>\n<p>O IDR-CAR combina dados territoriais do CAR com informa\u00e7\u00f5es levantadas pelo IBGE em setores censit\u00e1rios. A metodologia permite observar caracter\u00edsticas socioecon\u00f4micas em escala fina, no n\u00edvel do im\u00f3vel rural, o que n\u00e3o \u00e9 poss\u00edvel quando se analisam somente dados municipais.<\/p>\n<p>O \u00edndice considera quatro dimens\u00f5es: Educa\u00e7\u00e3o, Infraestrutura Coletiva, Infraestrutura Domiciliar e Renda. Entre os elementos avaliados est\u00e3o taxa de alfabetiza\u00e7\u00e3o, renda m\u00e9dia do respons\u00e1vel pelo domic\u00edlio, formas de abastecimento de \u00e1gua, destino do esgoto, tipos de moradia e acesso a servi\u00e7os b\u00e1sicos.<\/p>\n<p>Segundo os pesquisadores Leila Harfuch, Lauro Marques Vicari e Gustavo Dantas Lobo, respons\u00e1veis pelo estudo, a proposta \u00e9 ampliar a vis\u00e3o sobre o territ\u00f3rio rural e incorporar o componente social \u00e0s an\u00e1lises voltadas \u00e0 agropecu\u00e1ria sustent\u00e1vel. Eles enfatizam que a metodologia ajuda a mapear desigualdades internas nos munic\u00edpios e a identificar \u00e1reas onde a vulnerabilidade \u00e9 mais elevada.<\/p>\n<h3 class=\"wp-block-heading\" id=\"h-politicas-publicas-e-decisoes-privadas\">Pol\u00edticas p\u00fablicas e decis\u00f5es privadas<\/h3>\n<p>O IDR-CAR pode apoiar governos na elabora\u00e7\u00e3o de pol\u00edticas voltadas ao desenvolvimento rural e na identifica\u00e7\u00e3o de regi\u00f5es que demandam maior investimento social ou infraestrutura. A leitura detalhada do territ\u00f3rio facilita a cria\u00e7\u00e3o de a\u00e7\u00f5es ajustadas \u00e0s condi\u00e7\u00f5es locais.<\/p>\n<p>No setor privado, o indicador pode orientar estrat\u00e9gias de expans\u00e3o e an\u00e1lise de riscos. Segundo Vicari, institui\u00e7\u00f5es financeiras e empresas podem comparar regi\u00f5es com diferentes n\u00edveis de desenvolvimento e avaliar oportunidades relacionadas ao cr\u00e9dito, log\u00edstica ou presta\u00e7\u00e3o de servi\u00e7os.<\/p>\n<p>Para Lobo, o \u00edndice tamb\u00e9m contribui para o debate sobre uso da terra e atividades agropecu\u00e1rias ao revelar contrastes dentro de um mesmo munic\u00edpio. J\u00e1 Harfuch destaca que a incorpora\u00e7\u00e3o do recorte socioecon\u00f4mico \u00e9 essencial para fortalecer pol\u00edticas de mitiga\u00e7\u00e3o clim\u00e1tica, especialmente em \u00e1reas com sinais de degrada\u00e7\u00e3o de pastagens.<\/p>\n<p>O estudo refor\u00e7a que compreender condi\u00e7\u00f5es sociais associadas ao territ\u00f3rio \u00e9 parte central da transi\u00e7\u00e3o para sistemas produtivos mais resilientes e adaptados \u00e0s mudan\u00e7as clim\u00e1ticas.<\/p>\n<\/p><\/div>\n<p><br \/>\n<br \/><a href=\"https:\/\/www.canalrural.com.br\/agricultura\/indicador-avalia-desenvolvimento-socioeconomico-em-imoveis-rurais\/\">Source link <\/a><\/p>\n","protected":false},"excerpt":{"rendered":"<p>A Agroicone, consultoria focada em conte\u00fados t\u00e9cnicos e solu\u00e7\u00f5es voltadas ao agroneg\u00f3cio, apresentou nesta semana um novo indicador que avalia<\/p>\n","protected":false},"author":1,"featured_media":19583,"comment_status":"open","ping_status":"open","sticky":false,"template":"","format":"standard","meta":{"_monsterinsights_skip_tracking":false,"_monsterinsights_sitenote_active":false,"_monsterinsights_sitenote_note":"","_monsterinsights_sitenote_category":0,"_uf_show_specific_survey":0,"_uf_disable_surveys":false,"footnotes":""},"categories":[1],"tags":[],"class_list":["post-24129","post","type-post","status-publish","format-standard","has-post-thumbnail","hentry","category-news"],"_links":{"self":[{"href":"https:\/\/agromt.news\/index.php?rest_route=\/wp\/v2\/posts\/24129"}],"collection":[{"href":"https:\/\/agromt.news\/index.php?rest_route=\/wp\/v2\/posts"}],"about":[{"href":"https:\/\/agromt.news\/index.php?rest_route=\/wp\/v2\/types\/post"}],"author":[{"embeddable":true,"href":"https:\/\/agromt.news\/index.php?rest_route=\/wp\/v2\/users\/1"}],"replies":[{"embeddable":true,"href":"https:\/\/agromt.news\/index.php?rest_route=%2Fwp%2Fv2%2Fcomments&post=24129"}],"version-history":[{"count":0,"href":"https:\/\/agromt.news\/index.php?rest_route=\/wp\/v2\/posts\/24129\/revisions"}],"wp:featuredmedia":[{"embeddable":true,"href":"https:\/\/agromt.news\/index.php?rest_route=\/wp\/v2\/media\/19583"}],"wp:attachment":[{"href":"https:\/\/agromt.news\/index.php?rest_route=%2Fwp%2Fv2%2Fmedia&parent=24129"}],"wp:term":[{"taxonomy":"category","embeddable":true,"href":"https:\/\/agromt.news\/index.php?rest_route=%2Fwp%2Fv2%2Fcategories&post=24129"},{"taxonomy":"post_tag","embeddable":true,"href":"https:\/\/agromt.news\/index.php?rest_route=%2Fwp%2Fv2%2Ftags&post=24129"}],"curies":[{"name":"wp","href":"https:\/\/api.w.org\/{rel}","templated":true}]}}