{"id":24118,"date":"2025-11-16T11:44:46","date_gmt":"2025-11-16T15:44:46","guid":{"rendered":"https:\/\/agromt.news\/?p=24118"},"modified":"2025-11-16T11:44:46","modified_gmt":"2025-11-16T15:44:46","slug":"safra-2025-26-sera-de-3548-milhoes-t-confirma-marisete-belloli-da-conab-sp","status":"publish","type":"post","link":"https:\/\/agromt.news\/?p=24118","title":{"rendered":"Safra 2025\/26 ser\u00e1 de 354,8 milh\u00f5es t, confirma Marisete Belloli da Conab-SP"},"content":{"rendered":"<p> <br \/>\n<\/p>\n<div>\n<p>Conversei com a Marisete Belloli, gerente de Safras e Informa\u00e7\u00f5es Agropecu\u00e1rias da <strong><a href=\"http:\/\/www.canalrural.com.br\/tag\/conab\/\">Conab <\/a><\/strong>do estado de S\u00e3o Paulo com rela\u00e7\u00e3o aos n\u00fameros da safra 2025\/26 e a informa\u00e7\u00e3o que ela me deu \u00e9 que n\u00f3s teremos uma safra que continuar\u00e1 grande. <\/p>\n<p>O primeiro levantamento da Conab divulgado m\u00eas passado apontava 357,7 milh\u00f5es de toneladas de gr\u00e3os e o novo levantamento divulgado semana passada aponta um n\u00famero de 354,8 milh\u00f5es de toneladas de gr\u00e3os, praticamente batendo com a mesma previs\u00e3o anterior, ou seja, continua est\u00e1vel em uma safra dentro do hist\u00f3rico brasileiro. <\/p>\n<p>Uma safra grande, mas que novamente n\u00f3s continuamos sempre pedindo muito um planejamento estrat\u00e9gico porque poder\u00edamos ter uma maior tranquilidade no abastecimento e tamb\u00e9m nas a\u00e7\u00f5es internacionais. Ent\u00e3o o n\u00famero \u00e9 esse e continua uma previs\u00e3o de uma safra dentro do padr\u00e3o hist\u00f3rico brasileiro, uma safra grande. <\/p>\n<p>Chegou a ter alguns n\u00fameros nesses meses com a previs\u00e3o de que diminuiria a safra e essa informa\u00e7\u00e3o que a Marisete Belloli da Conab me passou confirma que continuamos em um patamar, como ela mesma disse, de at\u00e9 o presente momento vem se mantendo est\u00e1vel. <\/p>\n<p>Em rela\u00e7\u00e3o \u00e0 soja, a previs\u00e3o \u00e9 de 177 milh\u00f5es de toneladas. O setor ainda vem impactado positivamente com os altos pre\u00e7os obtidos at\u00e9 dois anos atr\u00e1s e tamb\u00e9m com uma demanda internacional e, principalmente, do nosso cliente chin\u00eas. Ent\u00e3o soja segue crescendo. <\/p>\n<p>O milho vai para 138 milh\u00f5es de toneladas, com a expectativa muito grande na safrinha, que nem pode mais chamar safrinha. <\/p>\n<p>Importante tamb\u00e9m quando falamos de previs\u00e3o de safra \u00e9 olharmos sempre o ano agr\u00edcola, de agosto a julho, ent\u00e3o \u00e9 2025\/2026. Quando olhamos no calend\u00e1rio padr\u00e3o n\u00e3o conseguimos ter as expectativas porque a safra brasileira come\u00e7a em agosto e vai at\u00e9 julho, envolvendo inclusive a safrinha, que \u00e9 plantada a partir de janeiro\/fevereiro, e tamb\u00e9m a safras de inverno, com trigo e outras culturas. Ent\u00e3o essa previs\u00e3o que a Marisete me passa \u00e9 2025\/2026. <\/p>\n<p>E a\u00ed quem est\u00e1 sofrendo nesse instante \u00e9 o pessoal do arroz porque os pre\u00e7os ca\u00edram muito e tem um assunto que \u00e9 complicado para o produtor rural que s\u00e3o os custos que cresceram: pre\u00e7o de fertilizantes, insumos, m\u00e1quinas agr\u00edcolas, e o cr\u00e9dito, juro. Ent\u00e3o o produtor rural tem neste instante uma press\u00e3o de custos, por\u00e9m est\u00e1 a\u00ed, cresceu a \u00e1rea agr\u00edcola porque t\u00eam as iniciativas voltadas \u00e0 utiliza\u00e7\u00e3o de \u00e1reas de pastagens degradadas, 40 milh\u00f5es de hectares \u00e0 disposi\u00e7\u00e3o, ent\u00e3o tem crescido a \u00e1rea. <\/p>\n<p>Por\u00e9m esse \u00e9 o cen\u00e1rio: uma safra de 354,8 milh\u00f5es de toneladas, \u00e9 uma safra no hist\u00f3rico brasileiro grande, por\u00e9m com press\u00e3o de custos para os produtores rurais.<\/p>\n<div class=\"wp-block-media-text is-stacked-on-mobile\">\n<figure class=\"wp-block-media-text__media\"><img fetchpriority=\"high\" decoding=\"async\" width=\"982\" height=\"1024\" alt=\"Jos\u00e9 Tejon\" class=\"wp-image-4103023 size-full\"  data-lazy- src=\"https:\/\/agromt.news\/wp-content\/uploads\/2025\/05\/Antes-e-pos-porteira-das-fazendas-crescem-no-primeiro-trimestre-do.png\"\/><img decoding=\"async\" width=\"982\" height=\"1024\" src=\"https:\/\/agromt.news\/wp-content\/uploads\/2025\/05\/Antes-e-pos-porteira-das-fazendas-crescem-no-primeiro-trimestre-do.png\" alt=\"Jos\u00e9 Tejon\" class=\"wp-image-4103023 size-full\"  \/><\/figure>\n<div class=\"wp-block-media-text__content\">\n<p>*Jos\u00e9<strong>\u00a0Luiz\u00a0Tejon<\/strong><em>\u00a0\u00e9\u00a0jornalista e publicit\u00e1rio,\u00a0doutor em Educa\u00e7\u00e3o pela Universidad de La Empresa\/Uruguai e mestre em Educa\u00e7\u00e3o Arte e Hist\u00f3ria da Cultura pela Universidade Mackenzie.<\/em><\/p>\n<\/div>\n<\/div>\n<hr class=\"wp-block-separator has-alpha-channel-opacity\"\/>\n<p><em>O\u00a0<strong>Canal Rural<\/strong>\u00a0n\u00e3o se responsabiliza pelas opini\u00f5es e conceitos emitidos nos textos desta sess\u00e3o, sendo os conte\u00fados de inteira responsabilidade de seus autores. A empresa se reserva o direito de fazer ajustes no texto para adequa\u00e7\u00e3o \u00e0s normas de publica\u00e7\u00e3o.<\/em><\/p>\n<\/p><\/div>\n<p><br \/>\n<br \/><a href=\"https:\/\/www.canalrural.com.br\/opiniao-noticias\/safra-2025-26-sera-de-3548-milhoes-t-confirma-marisete-belloli-da-conab-sp\/\">Source link <\/a><\/p>\n","protected":false},"excerpt":{"rendered":"<p>Conversei com a Marisete Belloli, gerente de Safras e Informa\u00e7\u00f5es Agropecu\u00e1rias da Conab do estado de S\u00e3o Paulo com rela\u00e7\u00e3o<\/p>\n","protected":false},"author":1,"featured_media":24119,"comment_status":"open","ping_status":"open","sticky":false,"template":"","format":"standard","meta":{"_monsterinsights_skip_tracking":false,"_monsterinsights_sitenote_active":false,"_monsterinsights_sitenote_note":"","_monsterinsights_sitenote_category":0,"_uf_show_specific_survey":0,"_uf_disable_surveys":false,"footnotes":""},"categories":[1],"tags":[],"class_list":["post-24118","post","type-post","status-publish","format-standard","has-post-thumbnail","hentry","category-news"],"_links":{"self":[{"href":"https:\/\/agromt.news\/index.php?rest_route=\/wp\/v2\/posts\/24118"}],"collection":[{"href":"https:\/\/agromt.news\/index.php?rest_route=\/wp\/v2\/posts"}],"about":[{"href":"https:\/\/agromt.news\/index.php?rest_route=\/wp\/v2\/types\/post"}],"author":[{"embeddable":true,"href":"https:\/\/agromt.news\/index.php?rest_route=\/wp\/v2\/users\/1"}],"replies":[{"embeddable":true,"href":"https:\/\/agromt.news\/index.php?rest_route=%2Fwp%2Fv2%2Fcomments&post=24118"}],"version-history":[{"count":0,"href":"https:\/\/agromt.news\/index.php?rest_route=\/wp\/v2\/posts\/24118\/revisions"}],"wp:featuredmedia":[{"embeddable":true,"href":"https:\/\/agromt.news\/index.php?rest_route=\/wp\/v2\/media\/24119"}],"wp:attachment":[{"href":"https:\/\/agromt.news\/index.php?rest_route=%2Fwp%2Fv2%2Fmedia&parent=24118"}],"wp:term":[{"taxonomy":"category","embeddable":true,"href":"https:\/\/agromt.news\/index.php?rest_route=%2Fwp%2Fv2%2Fcategories&post=24118"},{"taxonomy":"post_tag","embeddable":true,"href":"https:\/\/agromt.news\/index.php?rest_route=%2Fwp%2Fv2%2Ftags&post=24118"}],"curies":[{"name":"wp","href":"https:\/\/api.w.org\/{rel}","templated":true}]}}