{"id":24102,"date":"2025-11-16T06:56:06","date_gmt":"2025-11-16T10:56:06","guid":{"rendered":"https:\/\/agromt.news\/?p=24102"},"modified":"2025-11-16T06:56:06","modified_gmt":"2025-11-16T10:56:06","slug":"mercado-de-cannabis-preve-alta-de-112-em-2025","status":"publish","type":"post","link":"https:\/\/agromt.news\/?p=24102","title":{"rendered":"Mercado de cannabis prev\u00ea alta de 11,2 em 2025"},"content":{"rendered":"<p> <br \/>\n<\/p>\n<div>\n<div class=\"row\">\n<div class=\"col-lg col-infos mt-0 mt-lg-0\">\n<div class=\"section-sub-title\">\n<p itemprop=\"description\">&#13;<br \/>\n                                O projeto nasce com respaldo de uma associa\u00e7\u00e3o autorizada judicialmente&#13;\n                            <\/p>\n<\/p><\/div>\n<div class=\"container\">\n<div class=\"row\">\n<div class=\"col-lg p-0\">\n<div>\n<div class=\"block-news-main-infos mt-3 text-start\">\n<p>                                            <strong class=\"fn\" itemprop=\"author\" style=\"color: rgb(112, 112, 112); \">&#13;<br \/>\n                                                <a href=\"https:\/\/www.agrolink.com.br\/noticias\/javascript:;\" class=\"text-uppercase\" target=\"_blank\" style=\"color: rgb(112, 112, 112); \" rel=\"noopener\">Agrolink<\/a>&#13;<br \/>\n&#13;<br \/>\n                                                    &#8211; Leonardo Gottems&#13;<br \/>\n&#13;<br \/>\n                                            <\/strong><br \/>\n                                        <\/p>\n<p>                                            <abbr><time datetime=\"2025 - 11 - 15T13:11\" itemprop=\"datePublished dateModified\"> Publicado em 15\/11\/2025 \u00e0s 13:11h.<\/time><\/abbr>\n                                    <\/div>\n<\/p><\/div>\n<\/p><\/div>\n<div class=\"col-lg p-0 text-lg-end\">\n<div>\n<div id=\"mdEnviarPagina\" class=\"modal fade\" role=\"dialog\">\n<div class=\"modal-dialog\">\n<div class=\"modal-content\">\n<div class=\"modal-body\">\n<p><strong>Estimado usu\u00e1rio.<\/strong><br \/>Preencha o formul\u00e1rio abaixo para remeter a p\u00e1gina.<\/p>\n<\/p><\/div>\n<\/p><\/div>\n<\/p><\/div>\n<\/div><\/div>\n<\/p><\/div>\n<\/p><\/div>\n<\/p><\/div>\n<\/p><\/div>\n<\/p><\/div>\n<div class=\"row justify-content-md-center mt-3\">\n<div class=\"col-lg-auto col-image block-news-main-image\">\n<p>                                <img decoding=\"async\" src=\"https:\/\/www.agrolink.com.br\/upload\/imagens-resizes\/dd0b6002509041f5bd4b94f309d94fbc_858x483.jpg\" class=\"lazyload img-fluid\" alt=\"O projeto nasce com respaldo de uma associa\u00e7\u00e3o autorizada judicialmente\"\/><br \/>\n                                                <span class=\"d-block mt-1\">O projeto nasce com respaldo de uma associa\u00e7\u00e3o autorizada judicialmente &#8211; Foto: Laiha<\/span><\/p><\/div>\n<\/p><\/div>\n<div class=\"section-description section-description-noticias mt-3\">\n<p>O mercado de cannabis no Brasil mant\u00e9m trajet\u00f3ria de expans\u00e3o e deve encerrar 2025 com novo avan\u00e7o. Proje\u00e7\u00e3o do Anu\u00e1rio de Mercado: Growshops, Headshops e Marcas indica movimenta\u00e7\u00e3o de R$ 967,18 milh\u00f5es ao longo do ano, resultado 11,2 maior que o registrado em 2024. A estimativa foi apresentada durante evento realizado em S\u00e3o Paulo e confirma o ritmo acelerado da cadeia, que cresce acima da infla\u00e7\u00e3o e amplia sua participa\u00e7\u00e3o na economia.&#13;\n<\/p>\n<p>A amplia\u00e7\u00e3o desse ambiente abre espa\u00e7o para iniciativas voltadas ao uso terap\u00eautico da planta. Entre elas est\u00e1 uma plataforma que chega ao mercado reunindo ci\u00eancia, tecnologia e impacto social em um mesmo ecossistema digital. A estrutura busca integrar pacientes e profissionais de sa\u00fade, oferecendo um modelo pensado para facilitar o acesso a consultas, produtos certificados e acompanhamento cont\u00ednuo.\u00a0<\/p>\n<p>O projeto nasce com respaldo de uma associa\u00e7\u00e3o autorizada judicialmente, reconhecida nacionalmente pela qualidade de suas an\u00e1lises, que incluem verifica\u00e7\u00e3o completa de composi\u00e7\u00e3o e metais pesados, e pela atua\u00e7\u00e3o comunit\u00e1ria em defesa da regulamenta\u00e7\u00e3o do cultivo que tamb\u00e9m contemple pequenos produtores. A entidade re\u00fane cerca de 12 mil associados e se tornou refer\u00eancia no atendimento e na organiza\u00e7\u00e3o desse segmento.&#13;\n<\/p>\n<p>A plataforma opera de forma h\u00edbrida, combinando consultas m\u00e9dicas e odontol\u00f3gicas com prescri\u00e7\u00e3o digital e oferta de produtos regularizados. Um ativo digital interno permite transa\u00e7\u00f5es, incentiva o engajamento dos participantes e funciona como ferramenta de participa\u00e7\u00e3o comunit\u00e1ria e governan\u00e7a. A proposta busca ampliar o acesso ao tratamento, estruturar mecanismos de participa\u00e7\u00e3o e fortalecer a cadeia em um ano marcado pelo crescimento do mercado.<br \/>&#13;<br \/>\n\u00a0<\/p>\n<\/p><\/div>\n<\/p><\/div>\n<p><script data-cfasync=\"false\">\n    !function (f, b, e, v, n, t, s) {\n        if (f.fbq) return; n = f.fbq = function () {\n            n.callMethod ?\n                n.callMethod.apply(n, arguments) : n.queue.push(arguments)\n        };\n        if (!f._fbq) f._fbq = n; n.push = n; n.loaded = !0; n.version = '2.0';\n        n.queue = []; t = b.createElement(e); t.async = !0;\n        t.src = v; s = b.getElementsByTagName(e)[0];\n        s.parentNode.insertBefore(t, s)\n    }(window, document, 'script',\n        'https:\/\/connect.facebook.net\/en_US\/fbevents.js');\n    fbq('init', '522546078623747');\n    fbq('track', 'PageView');\n<\/script><br \/>\n<br \/><br \/>\n<br \/><a href=\"https:\/\/www.agrolink.com.br\/noticias\/mercado-de-cannabis-preve-alta-de-11-2-em-2025_508073.html\">Source link <\/a><\/p>\n","protected":false},"excerpt":{"rendered":"<p>&#13; O projeto nasce com respaldo de uma associa\u00e7\u00e3o autorizada judicialmente&#13; &#13; Agrolink&#13; &#13; &#8211; Leonardo Gottems&#13; &#13; Publicado em<\/p>\n","protected":false},"author":1,"featured_media":2412,"comment_status":"open","ping_status":"open","sticky":false,"template":"","format":"standard","meta":{"_monsterinsights_skip_tracking":false,"_monsterinsights_sitenote_active":false,"_monsterinsights_sitenote_note":"","_monsterinsights_sitenote_category":0,"_uf_show_specific_survey":0,"_uf_disable_surveys":false,"footnotes":""},"categories":[8,1,14],"tags":[],"class_list":["post-24102","post","type-post","status-publish","format-standard","has-post-thumbnail","hentry","category-agro","category-news","category-politica-agro"],"_links":{"self":[{"href":"https:\/\/agromt.news\/index.php?rest_route=\/wp\/v2\/posts\/24102"}],"collection":[{"href":"https:\/\/agromt.news\/index.php?rest_route=\/wp\/v2\/posts"}],"about":[{"href":"https:\/\/agromt.news\/index.php?rest_route=\/wp\/v2\/types\/post"}],"author":[{"embeddable":true,"href":"https:\/\/agromt.news\/index.php?rest_route=\/wp\/v2\/users\/1"}],"replies":[{"embeddable":true,"href":"https:\/\/agromt.news\/index.php?rest_route=%2Fwp%2Fv2%2Fcomments&post=24102"}],"version-history":[{"count":0,"href":"https:\/\/agromt.news\/index.php?rest_route=\/wp\/v2\/posts\/24102\/revisions"}],"wp:featuredmedia":[{"embeddable":true,"href":"https:\/\/agromt.news\/index.php?rest_route=\/wp\/v2\/media\/2412"}],"wp:attachment":[{"href":"https:\/\/agromt.news\/index.php?rest_route=%2Fwp%2Fv2%2Fmedia&parent=24102"}],"wp:term":[{"taxonomy":"category","embeddable":true,"href":"https:\/\/agromt.news\/index.php?rest_route=%2Fwp%2Fv2%2Fcategories&post=24102"},{"taxonomy":"post_tag","embeddable":true,"href":"https:\/\/agromt.news\/index.php?rest_route=%2Fwp%2Fv2%2Ftags&post=24102"}],"curies":[{"name":"wp","href":"https:\/\/api.w.org\/{rel}","templated":true}]}}