{"id":24099,"date":"2025-11-16T04:49:43","date_gmt":"2025-11-16T08:49:43","guid":{"rendered":"https:\/\/agromt.news\/?p=24099"},"modified":"2025-11-16T04:49:43","modified_gmt":"2025-11-16T08:49:43","slug":"autocontrole-impulsiona-inspecao-oficial-aponta-setor","status":"publish","type":"post","link":"https:\/\/agromt.news\/?p=24099","title":{"rendered":"Autocontrole impulsiona inspe\u00e7\u00e3o oficial, aponta setor"},"content":{"rendered":"<p> <br \/>\n<\/p>\n<div>\n<p>A moderniza\u00e7\u00e3o da defesa agropecu\u00e1ria avan\u00e7a no pa\u00eds com a consolida\u00e7\u00e3o do modelo de autocontrole aplicado ao setor produtivo. A Frente Parlamentar da Agropecu\u00e1ria conduziu as negocia\u00e7\u00f5es desde o in\u00edcio da tramita\u00e7\u00e3o, em alinhamento com o Minist\u00e9rio da Agricultura e com representantes do agro, a partir das primeiras minutas elaboradas ainda em 2020.&#13;\n<\/p>\n<p>Na C\u00e2mara, o projeto recebeu relat\u00f3rios que apontaram a necessidade de superar normas antigas e ampliar a efici\u00eancia da fiscaliza\u00e7\u00e3o, em um cen\u00e1rio de maior demanda e estrutura limitada do servi\u00e7o p\u00fablico. A vota\u00e7\u00e3o na Comiss\u00e3o de Constitui\u00e7\u00e3o e Justi\u00e7a assegurou apoio pol\u00edtico e consolidou o texto encaminhado ao Senado.<\/p>\n<p>\u201c\u00c9 um processo que, infelizmente, por falta de capital humano, o Estado n\u00e3o tem como manter sozinho. O agro cresceu, a demanda aumentou, e precis\u00e1vamos de um modelo capaz de dar agilidade, seguran\u00e7a e previsibilidade \u00e0 fiscaliza\u00e7\u00e3o\u201d, explicou o deputado Pedro Lupion (PR), presidente da FPA.&#13;\n<\/p>\n<p>No Senado, a relatoria manteve o foco na moderniza\u00e7\u00e3o do modelo de inspe\u00e7\u00e3o e rejeitou mudan\u00e7as que poderiam fragilizar a proposta. Houve defesa de avan\u00e7os na seguran\u00e7a jur\u00eddica e na capacidade t\u00e9cnica do servi\u00e7o oficial. A condu\u00e7\u00e3o do tema tamb\u00e9m contou com articula\u00e7\u00f5es do Minist\u00e9rio da Agricultura, que destacou o car\u00e1ter coletivo da constru\u00e7\u00e3o e o potencial de redu\u00e7\u00e3o de entraves operacionais.<\/p>\n<p>Em 2024, a derrubada de vetos restabeleceu a permiss\u00e3o para produ\u00e7\u00e3o on farm de bioinsumos para uso pr\u00f3prio, retomando um dos pilares da legisla\u00e7\u00e3o de autocontrole. A etapa final chegou com a Portaria 861, que regulamenta o credenciamento de empresas aptas a apoiar a inspe\u00e7\u00e3o ante mortem e post mortem no Servi\u00e7o de Inspe\u00e7\u00e3o Federal. A norma define requisitos, responsabilidades, auditorias e puni\u00e7\u00f5es, veda conflitos de interesse e mant\u00e9m o auditor fiscal como autoridade plena nas plantas.&#13;\n<\/p>\n<p>\u201cN\u00e3o existe privatiza\u00e7\u00e3o da fiscaliza\u00e7\u00e3o. O poder de pol\u00edcia continua 100% com o Estado. O que muda \u00e9 que as empresas passam a ter obriga\u00e7\u00f5es t\u00e9cnicas adicionais, enquanto o auditor fiscal agropecu\u00e1rio segue como autoridade respons\u00e1vel\u201d, concluiu Lupion.<br \/>&#13;<br \/>\n\u00a0<\/p>\n<\/p><\/div>\n<p><script data-cfasync=\"false\">\n    !function (f, b, e, v, n, t, s) {\n        if (f.fbq) return; n = f.fbq = function () {\n            n.callMethod ?\n                n.callMethod.apply(n, arguments) : n.queue.push(arguments)\n        };\n        if (!f._fbq) f._fbq = n; n.push = n; n.loaded = !0; n.version = '2.0';\n        n.queue = []; t = b.createElement(e); t.async = !0;\n        t.src = v; s = b.getElementsByTagName(e)[0];\n        s.parentNode.insertBefore(t, s)\n    }(window, document, 'script',\n        'https:\/\/connect.facebook.net\/en_US\/fbevents.js');\n    fbq('init', '522546078623747');\n    fbq('track', 'PageView');\n<\/script><br \/>\n<br \/><br \/>\n<br \/><a href=\"https:\/\/www.agrolink.com.br\/noticias\/autocontrole-impulsiona-inspecao-oficial--aponta-setor_508074.html\">Source link <\/a><\/p>\n","protected":false},"excerpt":{"rendered":"<p>A moderniza\u00e7\u00e3o da defesa agropecu\u00e1ria avan\u00e7a no pa\u00eds com a consolida\u00e7\u00e3o do modelo de autocontrole aplicado ao setor produtivo. A<\/p>\n","protected":false},"author":1,"featured_media":1505,"comment_status":"open","ping_status":"open","sticky":false,"template":"","format":"standard","meta":{"_monsterinsights_skip_tracking":false,"_monsterinsights_sitenote_active":false,"_monsterinsights_sitenote_note":"","_monsterinsights_sitenote_category":0,"_uf_show_specific_survey":0,"_uf_disable_surveys":false,"footnotes":""},"categories":[8,1,14],"tags":[],"class_list":["post-24099","post","type-post","status-publish","format-standard","has-post-thumbnail","hentry","category-agro","category-news","category-politica-agro"],"_links":{"self":[{"href":"https:\/\/agromt.news\/index.php?rest_route=\/wp\/v2\/posts\/24099"}],"collection":[{"href":"https:\/\/agromt.news\/index.php?rest_route=\/wp\/v2\/posts"}],"about":[{"href":"https:\/\/agromt.news\/index.php?rest_route=\/wp\/v2\/types\/post"}],"author":[{"embeddable":true,"href":"https:\/\/agromt.news\/index.php?rest_route=\/wp\/v2\/users\/1"}],"replies":[{"embeddable":true,"href":"https:\/\/agromt.news\/index.php?rest_route=%2Fwp%2Fv2%2Fcomments&post=24099"}],"version-history":[{"count":0,"href":"https:\/\/agromt.news\/index.php?rest_route=\/wp\/v2\/posts\/24099\/revisions"}],"wp:featuredmedia":[{"embeddable":true,"href":"https:\/\/agromt.news\/index.php?rest_route=\/wp\/v2\/media\/1505"}],"wp:attachment":[{"href":"https:\/\/agromt.news\/index.php?rest_route=%2Fwp%2Fv2%2Fmedia&parent=24099"}],"wp:term":[{"taxonomy":"category","embeddable":true,"href":"https:\/\/agromt.news\/index.php?rest_route=%2Fwp%2Fv2%2Fcategories&post=24099"},{"taxonomy":"post_tag","embeddable":true,"href":"https:\/\/agromt.news\/index.php?rest_route=%2Fwp%2Fv2%2Ftags&post=24099"}],"curies":[{"name":"wp","href":"https:\/\/api.w.org\/{rel}","templated":true}]}}