{"id":24093,"date":"2025-11-15T18:20:22","date_gmt":"2025-11-15T22:20:22","guid":{"rendered":"https:\/\/agromt.news\/?p=24093"},"modified":"2025-11-15T18:20:22","modified_gmt":"2025-11-15T22:20:22","slug":"conab-atualiza-dados-e-aponta-atraso-na-temporada-de-soja-25-26-mercado-reage-na-semana","status":"publish","type":"post","link":"https:\/\/agromt.news\/?p=24093","title":{"rendered":"Conab atualiza dados e aponta atraso na temporada de soja 25\/26; mercado reage na semana"},"content":{"rendered":"<p> <br \/>\n<br \/><img decoding=\"async\" src=\"https:\/\/agromt.news\/wp-content\/uploads\/2025\/08\/Nopa-divulgara-o-resultado-do-esmagamento-de-soja-dos-EUA.jpg\" \/><\/p>\n<div>\n<p>Os pre\u00e7os de soja no mercado brasileiro registraram poucas oscila\u00e7\u00f5es nesta semana, que tamb\u00e9m apresentou uma discreta melhora no ritmo de comercializa\u00e7\u00e3o. Segundo a consultoria <a href=\"https:\/\/safras.com.br\/\">Safras &amp; Mercado<\/a>, o cen\u00e1rio foi marcado pela estabilidade nos pr\u00eamios de exporta\u00e7\u00e3o, alta dos contratos futuros em Chicago e d\u00f3lar em queda frente ao real.<\/p>\n<ul class=\"wp-block-list\">\n<li><strong><em>Fique por dentro das novidades e not\u00edcias recentes sobre a soja! Participe da nossa comunidade atrav\u00e9s do\u00a0<a href=\"https:\/\/chat.whatsapp.com\/BmMRwA0TZ2DHGyhzoaVEWu\">link<\/a>! \ud83c\udf31<\/em><\/strong><\/li>\n<\/ul>\n<p>Mesmo com o avan\u00e7o em Chicago, a diferen\u00e7a entre as bases de compra e venda continua elevada, limitando a retomada mais firme dos neg\u00f3cios. Produtores seguem retendo a oferta, na expectativa de cota\u00e7\u00f5es mais altas, enquanto acompanham o desenvolvimento das lavouras.<\/p>\n<h2 class=\"wp-block-heading\" id=\"h-precos-de-soja-no-fim-da-semana\">Pre\u00e7os de soja no fim da semana <\/h2>\n<ul class=\"wp-block-list\">\n<li>No mercado f\u00edsico, a saca de 60 quilos recuou de R$ 136,00 para R$ 135,00 em <strong>Passo Fundo (RS)<\/strong><\/li>\n<li> <strong>Em Cascavel (PR), <\/strong>houve leve alta, de R$ 135,00 para R$ 136,00<\/li>\n<li><strong> Em Rondon\u00f3polis (MT),<\/strong> a cota\u00e7\u00e3o subiu de R$ 125,00 para R$ 127,00<\/li>\n<li><strong>No Porto de Paranagu\u00e1 (PR)<\/strong>, o pre\u00e7o se manteve em R$ 142,00<\/li>\n<\/ul>\n<h2 class=\"wp-block-heading\" id=\"h-soja-em-chicago\">Soja em Chicago <\/h2>\n<p>Na Bolsa de Mercadorias de Chicago (CBOT), os contratos mais negociados com vencimento em janeiro acumularam valoriza\u00e7\u00e3o de 2,95% na semana, sendo cotados a US$ 11,50 por bushel nesta sexta-feira (14). O fim do shutdown do governo americano reduziu a avers\u00e3o ao risco no mercado financeiro e impulsionou a demanda por commodities.<\/p>\n<p>A reabertura do governo tamb\u00e9m retomou a divulga\u00e7\u00e3o de dados importantes. Al\u00e9m do relat\u00f3rio de novembro de oferta e demanda, o Departamento de Agricultura dos Estados Unidos (USDA) divulgar\u00e1 um compilado das vendas di\u00e1rias realizadas por exportadores privados durante o per\u00edodo de paralisa\u00e7\u00e3o, al\u00e9m da atualiza\u00e7\u00e3o gradual das vendas semanais.<\/p>\n<p>O mercado acompanha atentamente o comportamento da China, principal compradora internacional de soja, ap\u00f3s o acordo com Washington prevendo a aquisi\u00e7\u00e3o de 12 milh\u00f5es de toneladas de soja americana. Ainda existem incertezas sobre o cumprimento e o ritmo dessa retomada.<\/p>\n<h3 class=\"wp-block-heading\">Ajuste da Conab<\/h3>\n<p>A Companhia Nacional de Abastecimento (Conab) revisou a proje\u00e7\u00e3o da produ\u00e7\u00e3o brasileira de soja na safra 2025\/26 para 177,601 milh\u00f5es de toneladas, alta de 3,6% em rela\u00e7\u00e3o ao ciclo anterior, que registrou 171,48 milh\u00f5es de toneladas. O n\u00famero \u00e9 ligeiramente inferior \u00e0 estimativa anterior, de 177,638 milh\u00f5es de toneladas.<\/p>\n<p>Segundo a Conab, o plantio segue dentro da m\u00e9dia dos \u00faltimos cinco anos, mas com atraso em rela\u00e7\u00e3o \u00e0 temporada passada, principalmente em Goi\u00e1s e Minas Gerais, devido \u00e0 insufici\u00eancia de chuvas para avan\u00e7ar com a semeadura.<\/p>\n<\/p><\/div>\n<p><br \/>\n<br \/><a href=\"https:\/\/www.canalrural.com.br\/agricultura\/projeto-soja-brasil\/mercado-de-soja-apresenta-reacao-e-conab-ajusta-projecao-da-safra-2025-26\/\">Source link <\/a><\/p>\n","protected":false},"excerpt":{"rendered":"<p>Os pre\u00e7os de soja no mercado brasileiro registraram poucas oscila\u00e7\u00f5es nesta semana, que tamb\u00e9m apresentou uma discreta melhora no ritmo<\/p>\n","protected":false},"author":1,"featured_media":18565,"comment_status":"open","ping_status":"open","sticky":false,"template":"","format":"standard","meta":{"_monsterinsights_skip_tracking":false,"_monsterinsights_sitenote_active":false,"_monsterinsights_sitenote_note":"","_monsterinsights_sitenote_category":0,"_uf_show_specific_survey":0,"_uf_disable_surveys":false,"footnotes":""},"categories":[1],"tags":[],"class_list":["post-24093","post","type-post","status-publish","format-standard","has-post-thumbnail","hentry","category-news"],"_links":{"self":[{"href":"https:\/\/agromt.news\/index.php?rest_route=\/wp\/v2\/posts\/24093"}],"collection":[{"href":"https:\/\/agromt.news\/index.php?rest_route=\/wp\/v2\/posts"}],"about":[{"href":"https:\/\/agromt.news\/index.php?rest_route=\/wp\/v2\/types\/post"}],"author":[{"embeddable":true,"href":"https:\/\/agromt.news\/index.php?rest_route=\/wp\/v2\/users\/1"}],"replies":[{"embeddable":true,"href":"https:\/\/agromt.news\/index.php?rest_route=%2Fwp%2Fv2%2Fcomments&post=24093"}],"version-history":[{"count":0,"href":"https:\/\/agromt.news\/index.php?rest_route=\/wp\/v2\/posts\/24093\/revisions"}],"wp:featuredmedia":[{"embeddable":true,"href":"https:\/\/agromt.news\/index.php?rest_route=\/wp\/v2\/media\/18565"}],"wp:attachment":[{"href":"https:\/\/agromt.news\/index.php?rest_route=%2Fwp%2Fv2%2Fmedia&parent=24093"}],"wp:term":[{"taxonomy":"category","embeddable":true,"href":"https:\/\/agromt.news\/index.php?rest_route=%2Fwp%2Fv2%2Fcategories&post=24093"},{"taxonomy":"post_tag","embeddable":true,"href":"https:\/\/agromt.news\/index.php?rest_route=%2Fwp%2Fv2%2Ftags&post=24093"}],"curies":[{"name":"wp","href":"https:\/\/api.w.org\/{rel}","templated":true}]}}