{"id":24092,"date":"2025-11-15T18:05:38","date_gmt":"2025-11-15T22:05:38","guid":{"rendered":"https:\/\/agromt.news\/?p=24092"},"modified":"2025-11-15T18:05:38","modified_gmt":"2025-11-15T22:05:38","slug":"ainda-restam-muitas-duvidas-sobre-a-reducao-parcial-do-tarifaco-dos-eua-diz-fiemg","status":"publish","type":"post","link":"https:\/\/agromt.news\/?p=24092","title":{"rendered":"Ainda restam muitas d\u00favidas sobre a redu\u00e7\u00e3o parcial do tarifa\u00e7o dos EUA, diz Fiemg"},"content":{"rendered":"<p> <br \/>\n<br \/><img decoding=\"async\" src=\"https:\/\/agromt.news\/wp-content\/uploads\/2025\/10\/precos-altos-favorecem-poder-de-compra-dos-produtores.jpeg\" \/><\/p>\n<div>\n<p>A Federa\u00e7\u00e3o das Ind\u00fastrias do Estado de Minas Gerais (Fiemg) afirmou em comunicado que considera positiva, mas ainda limitada, a redu\u00e7\u00e3o parcial das tarifas aplicadas pelos Estados Unidos a produtos brasileiros. Para a institui\u00e7\u00e3o ainda restam d\u00favidas quanto \u00e0 medida.<\/p>\n<p>\u201cEmbora represente um avan\u00e7o inicial, persistem d\u00favidas relevantes entre exportadores mineiros sobre a manuten\u00e7\u00e3o da sobretaxa de 40%, o que continua afetando a competitividade de setores como carnes e caf\u00e9, essenciais para a ind\u00fastria mineira\u201d, afirma a federa\u00e7\u00e3o.<\/p>\n<p>A institui\u00e7\u00e3o afirma ainda que a medida n\u00e3o esclarece integralmente o alcance da revis\u00e3o tarif\u00e1ria, e que seu impacto pr\u00e1tico permanece incerto, sobretudo para produtos em que o Brasil \u00e9 fornecedor essencial ao mercado americano.<\/p>\n<p>O presidente da Fiemg, Fl\u00e1vio Roscoe, afirma que \u201ca decis\u00e3o mostra disposi\u00e7\u00e3o ao di\u00e1logo, por\u00e9m \u00e9 necess\u00e1rio avan\u00e7ar mais para remover todas as barreiras adicionais e restabelecer condi\u00e7\u00f5es adequadas de competitividade para a ind\u00fastria mineira\u201d.<\/p>\n<\/p><\/div>\n<p><br \/>\n<br \/><a href=\"https:\/\/www.canalrural.com.br\/agricultura\/ainda-restam-muitas-duvidas-sobre-a-reducao-parcial-do-tarifaco-dos-eua-diz-fiemg\/\">Source link <\/a><\/p>\n","protected":false},"excerpt":{"rendered":"<p>A Federa\u00e7\u00e3o das Ind\u00fastrias do Estado de Minas Gerais (Fiemg) afirmou em comunicado que considera positiva, mas ainda limitada, a<\/p>\n","protected":false},"author":1,"featured_media":22300,"comment_status":"open","ping_status":"open","sticky":false,"template":"","format":"standard","meta":{"_monsterinsights_skip_tracking":false,"_monsterinsights_sitenote_active":false,"_monsterinsights_sitenote_note":"","_monsterinsights_sitenote_category":0,"_uf_show_specific_survey":0,"_uf_disable_surveys":false,"footnotes":""},"categories":[1],"tags":[],"class_list":["post-24092","post","type-post","status-publish","format-standard","has-post-thumbnail","hentry","category-news"],"_links":{"self":[{"href":"https:\/\/agromt.news\/index.php?rest_route=\/wp\/v2\/posts\/24092"}],"collection":[{"href":"https:\/\/agromt.news\/index.php?rest_route=\/wp\/v2\/posts"}],"about":[{"href":"https:\/\/agromt.news\/index.php?rest_route=\/wp\/v2\/types\/post"}],"author":[{"embeddable":true,"href":"https:\/\/agromt.news\/index.php?rest_route=\/wp\/v2\/users\/1"}],"replies":[{"embeddable":true,"href":"https:\/\/agromt.news\/index.php?rest_route=%2Fwp%2Fv2%2Fcomments&post=24092"}],"version-history":[{"count":0,"href":"https:\/\/agromt.news\/index.php?rest_route=\/wp\/v2\/posts\/24092\/revisions"}],"wp:featuredmedia":[{"embeddable":true,"href":"https:\/\/agromt.news\/index.php?rest_route=\/wp\/v2\/media\/22300"}],"wp:attachment":[{"href":"https:\/\/agromt.news\/index.php?rest_route=%2Fwp%2Fv2%2Fmedia&parent=24092"}],"wp:term":[{"taxonomy":"category","embeddable":true,"href":"https:\/\/agromt.news\/index.php?rest_route=%2Fwp%2Fv2%2Fcategories&post=24092"},{"taxonomy":"post_tag","embeddable":true,"href":"https:\/\/agromt.news\/index.php?rest_route=%2Fwp%2Fv2%2Ftags&post=24092"}],"curies":[{"name":"wp","href":"https:\/\/api.w.org\/{rel}","templated":true}]}}