{"id":24091,"date":"2025-11-15T16:31:19","date_gmt":"2025-11-15T20:31:19","guid":{"rendered":"https:\/\/agromt.news\/?p=24091"},"modified":"2025-11-15T16:31:19","modified_gmt":"2025-11-15T20:31:19","slug":"consultoria-ve-soja-firme-antes-de-atualizacoes-oficiais","status":"publish","type":"post","link":"https:\/\/agromt.news\/?p=24091","title":{"rendered":"Consultoria v\u00ea soja firme antes de atualiza\u00e7\u00f5es oficiais"},"content":{"rendered":"<p> <br \/>\n<\/p>\n<div>\n<div class=\"row\">\n<div class=\"col-lg col-infos mt-0 mt-lg-0\">\n<div class=\"section-sub-title\">\n<p itemprop=\"description\">&#13;<br \/>\n                                O farelo sustentou ganhos acima de dois por cento no dia&#13;\n                            <\/p>\n<\/p><\/div>\n<div class=\"container\">\n<div class=\"row\">\n<div class=\"col-lg p-0\">\n<div>\n<div class=\"block-news-main-infos mt-3 text-start\">\n<p>                                            <strong class=\"fn\" itemprop=\"author\" style=\"color: rgb(112, 112, 112); \">&#13;<br \/>\n                                                <a href=\"https:\/\/www.agrolink.com.br\/noticias\/javascript:;\" class=\"text-uppercase\" target=\"_blank\" style=\"color: rgb(112, 112, 112); \" rel=\"noopener\">Agrolink<\/a>&#13;<br \/>\n&#13;<br \/>\n                                                    &#8211; Leonardo Gottems&#13;<br \/>\n&#13;<br \/>\n                                            <\/strong><br \/>\n                                        <\/p>\n<p>                                            <abbr><time datetime=\"2025 - 11 - 14T06:36\" itemprop=\"datePublished dateModified\"> Publicado em 14\/11\/2025 \u00e0s 06:36h.<\/time><\/abbr>\n                                    <\/div>\n<\/p><\/div>\n<\/p><\/div>\n<div class=\"col-lg p-0 text-lg-end\">\n<div>\n<div id=\"mdEnviarPagina\" class=\"modal fade\" role=\"dialog\">\n<div class=\"modal-dialog\">\n<div class=\"modal-content\">\n<div class=\"modal-body\">\n<p><strong>Estimado usu\u00e1rio.<\/strong><br \/>Preencha o formul\u00e1rio abaixo para remeter a p\u00e1gina.<\/p>\n<\/p><\/div>\n<\/p><\/div>\n<\/p><\/div>\n<\/div><\/div>\n<\/p><\/div>\n<\/p><\/div>\n<\/p><\/div>\n<\/p><\/div>\n<\/p><\/div>\n<div class=\"row justify-content-md-center mt-3\">\n<div class=\"col-lg-auto col-image block-news-main-image\">\n<p>                                <img decoding=\"async\" src=\"https:\/\/www.agrolink.com.br\/upload\/imagens-resizes\/57b1ae803c0d41fb8eeb36dec2f94124_858x483.jpg\" class=\"lazyload img-fluid\" alt=\"O farelo sustentou ganhos acima de dois por cento no dia\"\/><br \/>\n                                                <span class=\"d-block mt-1\">O farelo sustentou ganhos acima de dois por cento no dia &#8211; Foto: Leonardo Gottems<\/span><\/p><\/div>\n<\/p><\/div>\n<div class=\"section-description section-description-noticias mt-3\">\n<p>A movimenta\u00e7\u00e3o da <a href=\"https:\/\/www.agrolink.com.br\/culturas\/soja?utm_source=agrolink-detalhe-noticia&amp;utm_medium=detalhe-noticia&amp;utm_campaign=links-internos\" target=\"_blank\" rel=\"noopener\">soja<\/a> em Chicago ganhou for\u00e7a ao longo desta quinta-feira em meio \u00e0 expectativa pelos pr\u00f3ximos dados oficiais do setor. Segundo a TF Agroecon\u00f4mica, o mercado reagiu \u00e0 retomada das atividades do governo dos Estados Unidos e ao retorno das publica\u00e7\u00f5es que estavam suspensas durante a paralisa\u00e7\u00e3o federal. As cota\u00e7\u00f5es avan\u00e7aram nos contratos de novembro e janeiro, acompanhadas pela firmeza do farelo e por ajustes no \u00f3leo, que voltou a oscilar ap\u00f3s as altas recentes observadas na bolsa.&#13;\n<\/p>\n<p>O impulso para o gr\u00e3o veio da possibilidade de que o USDA reduza sua estimativa de safra americana para 116,10 milh\u00f5es de toneladas. A reabertura do governo tamb\u00e9m permitiu a volta do relat\u00f3rio WASDE nesta sexta e das vendas rel\u00e2mpago, que podem indicar o ritmo das exporta\u00e7\u00f5es no curto prazo. As atualiza\u00e7\u00f5es completas, no entanto, s\u00f3 estar\u00e3o totalmente alinhadas em 2 de janeiro, quando o fluxo de informa\u00e7\u00f5es dever\u00e1 retornar ao padr\u00e3o usual.<\/p>\n<p>O farelo sustentou ganhos acima de dois por cento no dia e segue acumulando valoriza\u00e7\u00e3o no m\u00eas, enquanto o \u00f3leo apresentou leve baixa, mas ainda mant\u00e9m movimento positivo no per\u00edodo recente. Esse desempenho dos subprodutos ofereceu suporte adicional ao gr\u00e3o, refor\u00e7ando o sentimento de recupera\u00e7\u00e3o ap\u00f3s semanas marcadas por incertezas administrativas nos Estados Unidos.&#13;\n<\/p>\n<p>Uma decis\u00e3o incomum marcou o retorno das publica\u00e7\u00f5es oficiais. O USDA informou que os relat\u00f3rios semanais de exporta\u00e7\u00e3o, represados por mais de um m\u00eas, n\u00e3o ser\u00e3o divulgados de uma \u00fanica vez. O calend\u00e1rio prev\u00ea apenas os dados das vendas semanais na pr\u00f3xima sexta-feira. Ainda n\u00e3o h\u00e1 explica\u00e7\u00e3o clara para a aus\u00eancia do volume total acumulado, e o setor levanta d\u00favidas sobre a possibilidade de haver poucos neg\u00f3cios com a China nesse intervalo. Hoje foram publicados apenas os n\u00fameros de 19 a 25 de setembro, com 871 mil toneladas de soja negociadas.<br \/>&#13;<br \/>\n\u00a0<\/p>\n<\/p><\/div>\n<\/p><\/div>\n<p><script data-cfasync=\"false\">\n    !function (f, b, e, v, n, t, s) {\n        if (f.fbq) return; n = f.fbq = function () {\n            n.callMethod ?\n                n.callMethod.apply(n, arguments) : n.queue.push(arguments)\n        };\n        if (!f._fbq) f._fbq = n; n.push = n; n.loaded = !0; n.version = '2.0';\n        n.queue = []; t = b.createElement(e); t.async = !0;\n        t.src = v; s = b.getElementsByTagName(e)[0];\n        s.parentNode.insertBefore(t, s)\n    }(window, document, 'script',\n        'https:\/\/connect.facebook.net\/en_US\/fbevents.js');\n    fbq('init', '522546078623747');\n    fbq('track', 'PageView');\n<\/script><br \/>\n<br \/><br \/>\n<br \/><a href=\"https:\/\/www.agrolink.com.br\/noticias\/consultoria-ve-soja-firme-antes-de-atualizacoes-oficiais_508032.html\">Source link <\/a><\/p>\n","protected":false},"excerpt":{"rendered":"<p>&#13; O farelo sustentou ganhos acima de dois por cento no dia&#13; &#13; Agrolink&#13; &#13; &#8211; Leonardo Gottems&#13; &#13; Publicado<\/p>\n","protected":false},"author":1,"featured_media":2790,"comment_status":"open","ping_status":"open","sticky":false,"template":"","format":"standard","meta":{"_monsterinsights_skip_tracking":false,"_monsterinsights_sitenote_active":false,"_monsterinsights_sitenote_note":"","_monsterinsights_sitenote_category":0,"_uf_show_specific_survey":0,"_uf_disable_surveys":false,"footnotes":""},"categories":[8,1,14],"tags":[],"class_list":["post-24091","post","type-post","status-publish","format-standard","has-post-thumbnail","hentry","category-agro","category-news","category-politica-agro"],"_links":{"self":[{"href":"https:\/\/agromt.news\/index.php?rest_route=\/wp\/v2\/posts\/24091"}],"collection":[{"href":"https:\/\/agromt.news\/index.php?rest_route=\/wp\/v2\/posts"}],"about":[{"href":"https:\/\/agromt.news\/index.php?rest_route=\/wp\/v2\/types\/post"}],"author":[{"embeddable":true,"href":"https:\/\/agromt.news\/index.php?rest_route=\/wp\/v2\/users\/1"}],"replies":[{"embeddable":true,"href":"https:\/\/agromt.news\/index.php?rest_route=%2Fwp%2Fv2%2Fcomments&post=24091"}],"version-history":[{"count":0,"href":"https:\/\/agromt.news\/index.php?rest_route=\/wp\/v2\/posts\/24091\/revisions"}],"wp:featuredmedia":[{"embeddable":true,"href":"https:\/\/agromt.news\/index.php?rest_route=\/wp\/v2\/media\/2790"}],"wp:attachment":[{"href":"https:\/\/agromt.news\/index.php?rest_route=%2Fwp%2Fv2%2Fmedia&parent=24091"}],"wp:term":[{"taxonomy":"category","embeddable":true,"href":"https:\/\/agromt.news\/index.php?rest_route=%2Fwp%2Fv2%2Fcategories&post=24091"},{"taxonomy":"post_tag","embeddable":true,"href":"https:\/\/agromt.news\/index.php?rest_route=%2Fwp%2Fv2%2Ftags&post=24091"}],"curies":[{"name":"wp","href":"https:\/\/api.w.org\/{rel}","templated":true}]}}