{"id":24087,"date":"2025-11-15T15:01:00","date_gmt":"2025-11-15T19:01:00","guid":{"rendered":"https:\/\/agromt.news\/?p=24087"},"modified":"2025-11-15T15:01:00","modified_gmt":"2025-11-15T19:01:00","slug":"corte-tarifario-dos-eua-e-positivo-mas-distorcoes-persistem-diz-alckmin","status":"publish","type":"post","link":"https:\/\/agromt.news\/?p=24087","title":{"rendered":"Corte tarif\u00e1rio dos EUA \u00e9 positivo, mas distor\u00e7\u00f5es persistem, diz Alckmin"},"content":{"rendered":"<p> <br \/>\n<br \/><img decoding=\"async\" src=\"https:\/\/agromt.news\/wp-content\/uploads\/2024\/10\/Trabalhamos-para-mostrar-ao-produtor-que-e-possivel-exportar.jpg\" \/><\/p>\n<div>\n<p>A decis\u00e3o dos Estados Unidos de reduzir tarifas de importa\u00e7\u00e3o sobre cerca de 200 produtos aliment\u00edcios \u00e9 \u201cpositiva\u201d e representa \u201cum passo na dire\u00e7\u00e3o correta\u201d, disse neste s\u00e1bado (15) o vice-presidente e ministro do Desenvolvimento, Ind\u00fastria, Com\u00e9rcio e Servi\u00e7os, Geraldo Alckmin. <\/p>\n<p>No entanto, ele destacou que a perman\u00eancia da sobretaxa de 40%, aplicada exclusivamente ao Brasil, cria distor\u00e7\u00f5es e continua um obst\u00e1culo relevante para as exporta\u00e7\u00f5es nacionais.<\/p>\n<p>\u201cH\u00e1 uma distor\u00e7\u00e3o que precisa ser corrigida. Todo mundo teve 10% [pontos percentuais] a menos. S\u00f3 que, no caso do Brasil, que tinha 50%, ficou com 40%, que \u00e9 muito alto. Voc\u00ea teve um setor muito atendido que foi o suco de laranja. Era 10% e zerou. Isso \u00e9 US$ 1,2 bilh\u00e3o [a mais nas exporta\u00e7\u00f5es]. Ent\u00e3o zerou, ficou sem nenhum imposto\u201d, declarou Alckmin.<\/p>\n<p>Ele destacou, entretanto, que alguns produtos de pa\u00edses concorrentes, como o caf\u00e9 do Vietn\u00e3, obtiveram redu\u00e7\u00f5es mais amplas. \u201cO caf\u00e9 tamb\u00e9m reduziu 10% [pontos percentuais], mas tem concorrente que reduziu 20% [pontos percentuais]. Ent\u00e3o esse \u00e9 o empenho que tem que ser feito agora para melhorar a competitividade\u201d, acrescentou o vice-presidente.<\/p>\n<p>A declara\u00e7\u00e3o, no Pal\u00e1cio do Planalto, ocorreu ap\u00f3s o governo norte-americano anunciar, na noite de sexta-feira (14), a retirada da tarifa global, conhecida como \u201ctaxa de reciprocidade\u201d, criada em abril deste ano. <\/p>\n<p>Para os pa\u00edses latino-americanos, essa tarifa estava em 10%. No entanto, como a al\u00edquota adicional de 40% aplicada em julho aos produtos brasileiros continua em vigor, tarifas sobre itens como caf\u00e9, carne bovina, frutas e castanhas ca\u00edram de 50% para 40%.<\/p>\n<h2 class=\"wp-block-heading\" id=\"h-avancos-diplomaticos\">Avan\u00e7os diplom\u00e1ticos<\/h2>\n<p>Segundo Alckmin, a medida reflete avan\u00e7os diplom\u00e1ticos recentes, incluindo conversas do presidente Luiz In\u00e1cio Lula da Silva com o presidente Donald Trump, em outubro, e reuni\u00f5es entre o ministro das Rela\u00e7\u00f5es Exteriores, Mauro Vieira, e o secret\u00e1rio de Estado norte-americano, Marco Rubio.<\/p>\n<p>\u201cA \u00faltima ordem executiva do presidente Trump foi positiva e na dire\u00e7\u00e3o correta. Foi positiva. Vamos continuar trabalhando. A conversa do presidente Lula com Trump foi importante no sentido da negocia\u00e7\u00e3o e, tamb\u00e9m, a conversa do chanceler Mauro Vieira com o secret\u00e1rio Marco Rubio\u201d, comentou.<\/p>\n<p>O vice-presidente tamb\u00e9m ressaltou que os Estados Unidos mant\u00eam super\u00e1vit na balan\u00e7a comercial bilateral, exportando mais do que compra do Brasil. \u201cO Brasil n\u00e3o \u00e9 problema, \u00e9 solu\u00e7\u00e3o\u201d, declarou.<\/p>\n<h2 class=\"wp-block-heading\" id=\"h-impacto-nas-exportacoes\">Impacto nas exporta\u00e7\u00f5es<\/h2>\n<p>Com a retirada da tarifa global, informou Alckmin, aumentou de 23% para 26% o volume das exporta\u00e7\u00f5es brasileiras para os Estados Unidos isentas de sobretaxas, o equivalente a aproximadamente US$ 10 bilh\u00f5es. <\/p>\n<p>A mudan\u00e7a ocorre ap\u00f3s os meses seguintes ao chamado \u201ctarifa\u00e7o\u201d, per\u00edodo em que o d\u00e9ficit brasileiro na balan\u00e7a comercial com os EUA cresceu <strong>341%<\/strong> entre agosto e outubro.<\/p>\n<p>Os efeitos variam por setor:<\/p>\n<ul class=\"wp-block-list\">\n<li><strong>Suco de laranja:<\/strong> teve a tarifa de 10% zerada, beneficiando um setor de US$ 1,2 bilh\u00e3o;<\/li>\n<li><strong>Caf\u00e9:<\/strong> al\u00edquota caiu de 50% para 40%. O Brasil exportou US$ 1,9 bilh\u00e3o em 2024, mas as vendas recuaram 54% em outubro na compara\u00e7\u00e3o anual;<\/li>\n<li><strong>Carne bovina e frutas:<\/strong> tarifas reduziram de 50% para 40%; ganho considerado limitado devido \u00e0 sobretaxa remanescente.<\/li>\n<\/ul>\n<h2 class=\"wp-block-heading\" id=\"h-posicao-dos-estados-unidos\">Posi\u00e7\u00e3o dos Estados Unidos<\/h2>\n<p>O governo norte-americano justifica a redu\u00e7\u00e3o tarif\u00e1ria como parte de um esfor\u00e7o para conter a infla\u00e7\u00e3o de alimentos e equilibrar a oferta interna. Em pronunciamento, Trump disse que o ajuste foi \u201cum pequeno recuo\u201d e afirmou n\u00e3o considerar necess\u00e1rias novas redu\u00e7\u00f5es de tarifas no curto prazo. Ele declarou ainda esperar queda nos pre\u00e7os de produtos como o caf\u00e9.<\/p>\n<p>Alckmin tamb\u00e9m lembrou progressos recentes nas negocia\u00e7\u00f5es comerciais. O vice-presidente citou a retirada da tarifa global de 10% e da sobretaxa de 40% sobre o ferro-n\u00edquel e a celulose, em setembro. Tamb\u00e9m destacou a redu\u00e7\u00e3o de 50% para 40% em madeira macia e serrada e de 50% para 25% para arm\u00e1rio, m\u00f3veis e sof\u00e1, decidida no in\u00edcio de outubro.<\/p>\n<p>No caso da madeira e dos m\u00f3veis, os Estados Unidos decidiram reduzir a al\u00edquota com base na Se\u00e7\u00e3o 232 da Lei de Com\u00e9rcio local, sob o argumento de que pretendem proteger a seguran\u00e7a comercial do pa\u00eds. Nesse caso, as redu\u00e7\u00f5es abrangeram todo o planeta, n\u00e3o alterando a competitividade entre os pa\u00edses.<\/p>\n<\/p><\/div>\n<p><br \/>\n<br \/><a href=\"https:\/\/www.canalrural.com.br\/economia\/corte-tarifario-dos-eua-e-positivo-mas-distorcoes-persistem-diz-alckmin\/\">Source link <\/a><\/p>\n","protected":false},"excerpt":{"rendered":"<p>A decis\u00e3o dos Estados Unidos de reduzir tarifas de importa\u00e7\u00e3o sobre cerca de 200 produtos aliment\u00edcios \u00e9 \u201cpositiva\u201d e representa<\/p>\n","protected":false},"author":1,"featured_media":2826,"comment_status":"open","ping_status":"open","sticky":false,"template":"","format":"standard","meta":{"_monsterinsights_skip_tracking":false,"_monsterinsights_sitenote_active":false,"_monsterinsights_sitenote_note":"","_monsterinsights_sitenote_category":0,"_uf_show_specific_survey":0,"_uf_disable_surveys":false,"footnotes":""},"categories":[1],"tags":[],"class_list":["post-24087","post","type-post","status-publish","format-standard","has-post-thumbnail","hentry","category-news"],"_links":{"self":[{"href":"https:\/\/agromt.news\/index.php?rest_route=\/wp\/v2\/posts\/24087"}],"collection":[{"href":"https:\/\/agromt.news\/index.php?rest_route=\/wp\/v2\/posts"}],"about":[{"href":"https:\/\/agromt.news\/index.php?rest_route=\/wp\/v2\/types\/post"}],"author":[{"embeddable":true,"href":"https:\/\/agromt.news\/index.php?rest_route=\/wp\/v2\/users\/1"}],"replies":[{"embeddable":true,"href":"https:\/\/agromt.news\/index.php?rest_route=%2Fwp%2Fv2%2Fcomments&post=24087"}],"version-history":[{"count":0,"href":"https:\/\/agromt.news\/index.php?rest_route=\/wp\/v2\/posts\/24087\/revisions"}],"wp:featuredmedia":[{"embeddable":true,"href":"https:\/\/agromt.news\/index.php?rest_route=\/wp\/v2\/media\/2826"}],"wp:attachment":[{"href":"https:\/\/agromt.news\/index.php?rest_route=%2Fwp%2Fv2%2Fmedia&parent=24087"}],"wp:term":[{"taxonomy":"category","embeddable":true,"href":"https:\/\/agromt.news\/index.php?rest_route=%2Fwp%2Fv2%2Fcategories&post=24087"},{"taxonomy":"post_tag","embeddable":true,"href":"https:\/\/agromt.news\/index.php?rest_route=%2Fwp%2Fv2%2Ftags&post=24087"}],"curies":[{"name":"wp","href":"https:\/\/api.w.org\/{rel}","templated":true}]}}