{"id":24081,"date":"2025-11-15T12:39:19","date_gmt":"2025-11-15T16:39:19","guid":{"rendered":"https:\/\/agromt.news\/?p=24081"},"modified":"2025-11-15T12:39:19","modified_gmt":"2025-11-15T16:39:19","slug":"exportacao-lenta-impacta-a-compra-de-laranja-pela-industria","status":"publish","type":"post","link":"https:\/\/agromt.news\/?p=24081","title":{"rendered":"Exporta\u00e7\u00e3o lenta impacta a compra de laranja pela ind\u00fastria"},"content":{"rendered":"<p> <br \/>\n<\/p>\n<div>\n<div class=\"row\">\n<div class=\"col-lg col-infos mt-0 mt-lg-0\">\n<div class=\"section-sub-title\">\n<p itemprop=\"description\">&#13;<br \/>\n                                Exporta\u00e7\u00e3o de suco de laranja lenta mant\u00e9m ind\u00fastria cautelosa nas compras&#13;\n                            <\/p>\n<\/p><\/div>\n<div class=\"container\">\n<div class=\"row\">\n<div class=\"col-lg p-0 text-lg-end\">\n<div>\n<div id=\"mdEnviarPagina\" class=\"modal fade\" role=\"dialog\">\n<div class=\"modal-dialog\">\n<div class=\"modal-content\">\n<div class=\"modal-body\">\n<p><strong>Estimado usu\u00e1rio.<\/strong><br \/>Preencha o formul\u00e1rio abaixo para remeter a p\u00e1gina.<\/p>\n<\/p><\/div>\n<\/p><\/div>\n<\/p><\/div>\n<\/div><\/div>\n<\/p><\/div>\n<\/p><\/div>\n<\/p><\/div>\n<\/p><\/div>\n<\/p><\/div>\n<div class=\"row justify-content-md-center mt-3\">\n<div class=\"col-lg-auto col-image block-news-main-image\">\n<p>                                <img decoding=\"async\" src=\"https:\/\/www.agrolink.com.br\/upload\/imagens-resizes\/ff907f81d0c441ddaee850a9d76f1e61_858x483.jpg\" class=\"lazyload img-fluid\"\/><br \/>\n                                                <span class=\"publicity-photo d-block mt-1\">Foto: Divulga\u00e7\u00e3o<\/span><\/p><\/div>\n<\/p><\/div>\n<div class=\"section-description section-description-noticias mt-3\">\n<p style=\"text-align:justify\">As perspectivas iniciais de exportadores para a temporada de embarques 2025\/26 de suco de <a href=\"https:\/\/www.agrolink.com.br\/culturas\/laranja?utm_source=agrolink-detalhe-noticia&amp;utm_medium=detalhe-noticia&amp;utm_campaign=links-internos\" target=\"_blank\" rel=\"noopener\">laranja<\/a> eram positivas, especialmente diante da isen\u00e7\u00e3o da sobretaxa dos Estados Unidos sobre as importa\u00e7\u00f5es da commodity do Brasil e da rea\u00e7\u00e3o na produ\u00e7\u00e3o de <a href=\"https:\/\/www.agrolink.com.br\/culturas\/laranja?utm_source=agrolink-detalhe-noticia&amp;utm_medium=detalhe-noticia&amp;utm_campaign=links-internos\" target=\"_blank\" rel=\"noopener\">laranja<\/a> no estado de S\u00e3o Paulo. Pesquisadores do Cepea indicam que, no entanto, a limitada demanda por parte da Europa tem mantido as vendas externas de suco aqu\u00e9m do esperado neste come\u00e7o de safra (de julho\/25 a outubro\/25).\u00a0&#13;\n<\/p>\n<p style=\"text-align:justify\">Diante desse cen\u00e1rio, agentes de ind\u00fastrias processadoras do estado de S\u00e3o Paulo consultados pelo Cepea v\u00eam adotando uma postura de extrema cautela em termos de compra de novas frutas. A estrat\u00e9gia tem sido a de cessar, por ora, o fechamento de novos contratos, mantendo somente contratos firmados anteriormente, e com novas aquisi\u00e7\u00f5es exclusivamente no mercado spot, onde compradores prop\u00f5em valores mais baixos.\u00a0&#13;\n<\/p>\n<p style=\"text-align:justify\">Do lado do citricultor, o cen\u00e1rio \u00e9 de apreens\u00e3o. De acordo com pesquisadores do Cepea, os menores pre\u00e7os ofertados podem comprometer a viabilidade financeira de muitos pomares, sobretudo se esse patamar continuar at\u00e9 o final da temporada.\u00a0<\/p>\n<\/p><\/div>\n<\/p><\/div>\n<p><script data-cfasync=\"false\">\n    !function (f, b, e, v, n, t, s) {\n        if (f.fbq) return; n = f.fbq = function () {\n            n.callMethod ?\n                n.callMethod.apply(n, arguments) : n.queue.push(arguments)\n        };\n        if (!f._fbq) f._fbq = n; n.push = n; n.loaded = !0; n.version = '2.0';\n        n.queue = []; t = b.createElement(e); t.async = !0;\n        t.src = v; s = b.getElementsByTagName(e)[0];\n        s.parentNode.insertBefore(t, s)\n    }(window, document, 'script',\n        'https:\/\/connect.facebook.net\/en_US\/fbevents.js');\n    fbq('init', '522546078623747');\n    fbq('track', 'PageView');\n<\/script><br \/>\n<br \/><br \/>\n<br \/><a href=\"https:\/\/www.agrolink.com.br\/noticias\/citros-cepea--exportacao-em-ritmo-lento-deixa-industria-cautelosa-na-compra-de-fruta_508035.html\">Source link <\/a><\/p>\n","protected":false},"excerpt":{"rendered":"<p>&#13; Exporta\u00e7\u00e3o de suco de laranja lenta mant\u00e9m ind\u00fastria cautelosa nas compras&#13; Estimado usu\u00e1rio.Preencha o formul\u00e1rio abaixo para remeter a<\/p>\n","protected":false},"author":1,"featured_media":24082,"comment_status":"open","ping_status":"open","sticky":false,"template":"","format":"standard","meta":{"_monsterinsights_skip_tracking":false,"_monsterinsights_sitenote_active":false,"_monsterinsights_sitenote_note":"","_monsterinsights_sitenote_category":0,"_uf_show_specific_survey":0,"_uf_disable_surveys":false,"footnotes":""},"categories":[8,1,14],"tags":[],"class_list":["post-24081","post","type-post","status-publish","format-standard","has-post-thumbnail","hentry","category-agro","category-news","category-politica-agro"],"_links":{"self":[{"href":"https:\/\/agromt.news\/index.php?rest_route=\/wp\/v2\/posts\/24081"}],"collection":[{"href":"https:\/\/agromt.news\/index.php?rest_route=\/wp\/v2\/posts"}],"about":[{"href":"https:\/\/agromt.news\/index.php?rest_route=\/wp\/v2\/types\/post"}],"author":[{"embeddable":true,"href":"https:\/\/agromt.news\/index.php?rest_route=\/wp\/v2\/users\/1"}],"replies":[{"embeddable":true,"href":"https:\/\/agromt.news\/index.php?rest_route=%2Fwp%2Fv2%2Fcomments&post=24081"}],"version-history":[{"count":0,"href":"https:\/\/agromt.news\/index.php?rest_route=\/wp\/v2\/posts\/24081\/revisions"}],"wp:featuredmedia":[{"embeddable":true,"href":"https:\/\/agromt.news\/index.php?rest_route=\/wp\/v2\/media\/24082"}],"wp:attachment":[{"href":"https:\/\/agromt.news\/index.php?rest_route=%2Fwp%2Fv2%2Fmedia&parent=24081"}],"wp:term":[{"taxonomy":"category","embeddable":true,"href":"https:\/\/agromt.news\/index.php?rest_route=%2Fwp%2Fv2%2Fcategories&post=24081"},{"taxonomy":"post_tag","embeddable":true,"href":"https:\/\/agromt.news\/index.php?rest_route=%2Fwp%2Fv2%2Ftags&post=24081"}],"curies":[{"name":"wp","href":"https:\/\/api.w.org\/{rel}","templated":true}]}}