{"id":24064,"date":"2025-11-15T06:10:12","date_gmt":"2025-11-15T10:10:12","guid":{"rendered":"https:\/\/agromt.news\/?p=24064"},"modified":"2025-11-15T06:10:12","modified_gmt":"2025-11-15T10:10:12","slug":"inmet-preve-semana-com-acumulados-de-chuva-acima-de-100-mm-em-areas-do","status":"publish","type":"post","link":"https:\/\/agromt.news\/?p=24064","title":{"rendered":"Inmet prev\u00ea semana com acumulados de chuva acima de 100 mm em \u00e1reas do&#8230;"},"content":{"rendered":"<p> <br \/>\n<\/p>\n<div>\n<p><img decoding=\"async\" alt=\"Logotipo Not&#xED;cias Agr&#xED;colas\" height=\"21\" src=\"https:\/\/cdn.noticiasagricolas.com.br\/dbimagens\/e12363a00741f9cc7caf23469101a4aa.png\" width=\"106\"\/><\/p>\n<p>O Instituto Nacional de Meteorologia (Inmet) prev\u00ea uma semana com chuvas intensas e bem distribu\u00eddas sobre o Sudeste e o Centro-Oeste, com acumulados que podem ultrapassar 100 mil\u00edmetros em v\u00e1rios pontos, e em alguns casos chegar a 200 mm, segundo o Informativo Meteorol\u00f3gico n\u00ba 42\/2025, v\u00e1lido at\u00e9 o dia 7 de novembro.<\/p>\n<p class=\"image-center\"><img decoding=\"async\" alt=\"imagem-1_2025-11-04-115818_pceb\" src=\"https:\/\/cdn.noticiasagricolas.com.br\/dbimagens\/thumbs\/800x2000\/imagem-1-2025-11-04-115818-pceb-G6Pwc.png\"\/><\/p>\n<p>Na Regi\u00e3o Sudeste, a atua\u00e7\u00e3o de sistemas frontais deve favorecer volumes expressivos em S\u00e3o Paulo, Rio de Janeiro e no sul e Tri\u00e2ngulo Mineiro. Em \u00e1reas desses estados, o Inmet indica acumulados entre 150 e 200 mm ao longo da semana. A umidade relativa do ar deve permanecer elevada, com \u00edndices superiores a 70% em boa parte da regi\u00e3o, exceto no norte e interior mineiro, onde os valores podem cair para 30% a 40%.<\/p>\n<p>No Centro-Oeste, as chuvas tamb\u00e9m devem ser generalizadas, com volumes acima de 100 mm em praticamente todos os estados. Em Goi\u00e1s, os acumulados podem ultrapassar 150 mm, enquanto em Mato Grosso, Mato Grosso do Sul e no Distrito Federal h\u00e1 previs\u00e3o de pancadas frequentes e aumento da umidade, que deve permanecer em torno de 50% ou mais durante a semana.<\/p>\n<p>Na Regi\u00e3o Norte, \u00e1reas de instabilidade permanecem ativas em boa parte dos estados. Os maiores volumes devem se concentrar no centro e oeste do Amazonas, podendo superar 150 mm. J\u00e1 no Amap\u00e1, no norte do Tocantins e nas por\u00e7\u00f5es norte e leste do Par\u00e1, o tempo deve ser mais seco, com acumulados abaixo de 10 mm e umidade do ar entre 25% e 30%.<\/p>\n<p>No Nordeste, a previs\u00e3o \u00e9 de predom\u00ednio de tempo seco, com chuvas restritas ao sul e oeste da Bahia, sul do Piau\u00ed e Maranh\u00e3o, onde podem ocorrer pancadas isoladas e acumulados pr\u00f3ximos de 80 mm. Em grande parte da regi\u00e3o, especialmente Bahia, Piau\u00ed e Cear\u00e1, a umidade do ar deve ficar abaixo de 30%, podendo cair para menos de 20% no oeste baiano e piauiense.<\/p>\n<p>J\u00e1 na Regi\u00e3o Sul, a semana come\u00e7a com chuvas fracas e isoladas at\u00e9 o dia 4, mais concentradas no litoral e norte da regi\u00e3o. A partir da noite de quinta-feira (6), um novo sistema frontal avan\u00e7a, provocando precipita\u00e7\u00f5es mais intensas entre os dias 6 e 7, com acumulados de 100 a 150 mm principalmente no Rio Grande do Sul e em Santa Catarina. As temperaturas devem subir at\u00e9 o dia 6 e cair novamente com a chegada do novo sistema, que tamb\u00e9m eleva os n\u00edveis de umidade.<\/p>\n<\/p><\/div>\n<p><script async defer src=\"https:\/\/connect.facebook.net\/en_US\/sdk.js\"><\/script><script>\n  !function(f,b,e,v,n,t,s)\n  {if(f.fbq)return;n=f.fbq=function(){n.callMethod?\n    n.callMethod.apply(n,arguments):n.queue.push(arguments)};\n    if(!f._fbq)f._fbq=n;n.push=n;n.loaded=!0;n.version='2.0';\n    n.queue=[];t=b.createElement(e);t.async=!0;\n    t.src=v;s=b.getElementsByTagName(e)[0];\n    s.parentNode.insertBefore(t,s)}(window, document,'script',\n    'https:\/\/connect.facebook.net\/en_US\/fbevents.js');\n  fbq('init', '153495679422335');\n  fbq('track', 'PageView');\n<\/script><br \/>\n<br \/><br \/>\n<br \/><a href=\"https:\/\/www.noticiasagricolas.com.br\/noticias\/clima\/410393-inmet-preve-semana-com-acumulados-de-chuva-acima-de-100-mm-em-areas-do-sudeste-e-do-centro-oeste.html\">Source link <\/a><\/p>\n","protected":false},"excerpt":{"rendered":"<p>O Instituto Nacional de Meteorologia (Inmet) prev\u00ea uma semana com chuvas intensas e bem distribu\u00eddas sobre o Sudeste e o<\/p>\n","protected":false},"author":1,"featured_media":24065,"comment_status":"open","ping_status":"open","sticky":false,"template":"","format":"standard","meta":{"_monsterinsights_skip_tracking":false,"_monsterinsights_sitenote_active":false,"_monsterinsights_sitenote_note":"","_monsterinsights_sitenote_category":0,"_uf_show_specific_survey":0,"_uf_disable_surveys":false,"footnotes":""},"categories":[8,1,14,16],"tags":[],"class_list":["post-24064","post","type-post","status-publish","format-standard","has-post-thumbnail","hentry","category-agro","category-news","category-politica-agro","category-safra"],"_links":{"self":[{"href":"https:\/\/agromt.news\/index.php?rest_route=\/wp\/v2\/posts\/24064"}],"collection":[{"href":"https:\/\/agromt.news\/index.php?rest_route=\/wp\/v2\/posts"}],"about":[{"href":"https:\/\/agromt.news\/index.php?rest_route=\/wp\/v2\/types\/post"}],"author":[{"embeddable":true,"href":"https:\/\/agromt.news\/index.php?rest_route=\/wp\/v2\/users\/1"}],"replies":[{"embeddable":true,"href":"https:\/\/agromt.news\/index.php?rest_route=%2Fwp%2Fv2%2Fcomments&post=24064"}],"version-history":[{"count":0,"href":"https:\/\/agromt.news\/index.php?rest_route=\/wp\/v2\/posts\/24064\/revisions"}],"wp:featuredmedia":[{"embeddable":true,"href":"https:\/\/agromt.news\/index.php?rest_route=\/wp\/v2\/media\/24065"}],"wp:attachment":[{"href":"https:\/\/agromt.news\/index.php?rest_route=%2Fwp%2Fv2%2Fmedia&parent=24064"}],"wp:term":[{"taxonomy":"category","embeddable":true,"href":"https:\/\/agromt.news\/index.php?rest_route=%2Fwp%2Fv2%2Fcategories&post=24064"},{"taxonomy":"post_tag","embeddable":true,"href":"https:\/\/agromt.news\/index.php?rest_route=%2Fwp%2Fv2%2Ftags&post=24064"}],"curies":[{"name":"wp","href":"https:\/\/api.w.org\/{rel}","templated":true}]}}