{"id":24059,"date":"2025-11-14T22:41:23","date_gmt":"2025-11-15T02:41:23","guid":{"rendered":"https:\/\/agromt.news\/?p=24059"},"modified":"2025-11-14T22:41:23","modified_gmt":"2025-11-15T02:41:23","slug":"mesmo-sem-acesso-comitiva-vai-a-genebra-para-cop-11","status":"publish","type":"post","link":"https:\/\/agromt.news\/?p=24059","title":{"rendered":"Mesmo sem acesso, comitiva vai \u00e0 Genebra para COP 11"},"content":{"rendered":"<p> <br \/>\n<\/p>\n<div>\n<p style=\"text-align:justify\">Uma comitiva de parlamentares e representantes do executivo de munic\u00edpios produtores de tabaco, bem como de entidades da cadeia produtiva da Regi\u00e3o Sul, partem rumo \u00e0 Su\u00ed\u00e7a no s\u00e1bado, 15 de novembro, para acompanharem a 11\u00aa Confer\u00eancia das Partes (COP 11) da Conven\u00e7\u00e3o-Quadro para o Controle do Tabaco (CQCT), que acontece de 17 a 22 de novembro, em Genebra.&#13;\n<\/p>\n<p style=\"text-align:justify\">Mesmo sem acesso aos debates, o grupo estar\u00e1 no local para garantir que a delega\u00e7\u00e3o oficial brasileira n\u00e3o crie empecilhos \u00e0 produ\u00e7\u00e3o de tabaco j\u00e1 estabelecida no Pa\u00eds e cumpra a declara\u00e7\u00e3o interpretativa assinada pelo governo federal quando o Brasil aderiu \u00e0 Conven\u00e7\u00e3o-Quadro para o Controle do Tabaco (CQCT).<\/p>\n<p style=\"text-align:justify\">\u201cEstamos levando conosco a voz de 533 mil pessoas envolvidas com essa atividade no meio rural e outras 44 mil nas ind\u00fastrias. \u00c9 o meio de sustento destes cidad\u00e3os brasileiros que estaremos defendendo, mesmo que nos bastidores\u201d, comenta o presidente do SindiTabaco, Valmor Thesing.<\/p>\n<p style=\"text-align:justify\">Assim como em outras COPs, tanto os representantes eleitos, quanto entidades representativas dos produtores e a pr\u00f3pria imprensa tiveram acesso negado \u00e0s sess\u00f5es. \u201cA falta de transpar\u00eancia e di\u00e1logo s\u00e3o marcas de um tratado que n\u00e3o tem mais se preocupado apenas com a sa\u00fade p\u00fablica, mas que avan\u00e7a para erradicar a produ\u00e7\u00e3o de tabaco, com medidas que podem impactar diretamente a renda e os empregos gerados pela produ\u00e7\u00e3o no Brasil\u201d, refor\u00e7a Thesing.&#13;\n<\/p>\n<p style=\"text-align:justify\"><strong>PRODU\u00c7\u00c3O DE TABACO NO BRASIL \u2013 Safra 2024\/25<\/strong><\/p>\n<p style=\"text-align:justify\">O Brasil ocupa a 2\u00aa posi\u00e7\u00e3o no ranking mundial de produ\u00e7\u00e3o de tabaco, atr\u00e1s apenas da China, seguido por \u00cdndia, Zimb\u00e1bue e Estados Unidos. A Regi\u00e3o Sul do Brasil \u00e9 o principal polo produtor, concentrando os principais indicadores do setor:<\/p>\n<p style=\"text-align:justify\">525 munic\u00edpios produtores<br \/>&#13;<br \/>\n138 mil produtores rurais<br \/>&#13;<br \/>\n44 mil empregos diretos nas ind\u00fastrias de tabaco<br \/>&#13;<br \/>\n533 mil pessoas envolvidas na cadeia produtiva no meio rural<br \/>&#13;<br \/>\n310 mil hectares plantados<br \/>&#13;<br \/>\n720 mil toneladas produzidas<br \/>&#13;<br \/>\nR$ 14,6 bilh\u00f5es em receita para os produtores<br \/>&#13;<br \/>\n447 mil toneladas exportadas (2024)<br \/>&#13;<br \/>\nR$ 18,8 bilh\u00f5es em impostos arrecadados anualmente (2024)<br \/>&#13;<br \/>\nUS$ 2,89 bilh\u00f5es em divisas geradas com exporta\u00e7\u00f5es (2024)<\/p>\n<p style=\"text-align:justify\">\u201cEsses n\u00fameros destacam a import\u00e2ncia estrat\u00e9gica do tabaco para a economia do Sul do Brasil, tanto pelo seu impacto social quanto pela gera\u00e7\u00e3o de receita e divisas, especialmente para as comunidades rurais, onde a cultura representa uma das principais fontes de renda e desenvolvimento\u201d, refor\u00e7a Thesing.<\/p>\n<p style=\"text-align:justify\"><strong>QUEM COMP\u00d5E A DELEGA\u00c7\u00c3O<\/strong><\/p>\n<p style=\"text-align:justify\"><strong>Entidades representativas<\/strong><\/p>\n<p style=\"text-align:justify\">\u00c9der Rodrigues, presidente do Sindicato dos Trabalhadores da Ind\u00fastria (Stifa)<br \/>&#13;<br \/>\nEdimilson Alves, diretor-executivo da Abifumo<br \/>&#13;<br \/>\nGilson Becker, presidente da Amprotabaco e prefeito de Vera Cruz<br \/>&#13;<br \/>\nMarco Dornelles, secret\u00e1rio da Afubra<br \/>&#13;<br \/>\nMarcos Augusto Souza, diretor executivo do Sinditabaco Bahia<br \/>&#13;<br \/>\nRangel Marcon, presidente da Federa\u00e7\u00e3o Nacional dos Trabalhadores nas Ind\u00fastrias do Tabaco e Afins (Fentitabaco)<br \/>&#13;<br \/>\nRomeu Schneider, vice-presidente da Afubra e presidente da C\u00e2mara Setorial da Cadeia Produtiva do Tabaco<br \/>&#13;<br \/>\nValmor Thesing, presidente do SindiTabaco&#13;\n<\/p>\n<p style=\"text-align:justify\"><strong>Representantes Governos RS\/SC<\/strong><\/p>\n<p style=\"text-align:justify\">Celles Regina de Matos, presidente da Companhia Integrada de Desenvolvimento Agr\u00edcola de Santa Catarina (Cidasc)<br \/>&#13;<br \/>\nEdivilson Brum, secret\u00e1rio estadual da Agricultura, Pecu\u00e1ria, Produ\u00e7\u00e3o Sustent\u00e1vel e Irriga\u00e7\u00e3o (Seapi)<br \/>&#13;<br \/>\nJoel Maraschin, chefe de Gabinete da Seapi<br \/>&#13;<br \/>\nRomano Scapin, diretor geral SDR<br \/>&#13;<br \/>\nVilson Covatti, secret\u00e1rio estadual de Desenvolvimento Rural (SDR)<\/p>\n<p style=\"text-align:justify\"><strong>Deputados federais<\/strong><\/p>\n<p style=\"text-align:justify\">Afonso Hamm (RS)<br \/>&#13;<br \/>\nDilceu Sperafico (PR)<br \/>&#13;<br \/>\nHeitor Schuch (RS)<br \/>&#13;<br \/>\nMarcelo Moraes (RS)<br \/>&#13;<br \/>\nRafael Pezenti (SC)<br \/>&#13;<br \/>\nZ\u00e9 Neto (BA)<br \/>&#13;<br \/>\nZ\u00e9 Rocha (BA)<\/p>\n<p style=\"text-align:justify\"><strong>Deputados estaduais RS<\/strong><\/p>\n<p style=\"text-align:justify\">Airton Artus<br \/>&#13;<br \/>\nDimas Costa<br \/>&#13;<br \/>\nMarcus Vin\u00edcius<br \/>&#13;<br \/>\nPedro Pereira<br \/>&#13;<br \/>\nSilvana Covatti<br \/>&#13;<br \/>\nZ\u00e9 Nunes<\/p>\n<p style=\"text-align:justify\"><strong>Prefeitos\/secret\u00e1rios<\/strong><\/p>\n<p style=\"text-align:justify\">Emerson Maas, prefeito de Mafra (SC)<br \/>&#13;<br \/>\nJarbas da Rosa, prefeito de Ven\u00e2ncio Aires (RS)<br \/>&#13;<br \/>\nRicardo Landim, secret\u00e1rio de Desenvolvimento Rural de Ven\u00e2ncio Aires (RS)<\/p>\n<p style=\"text-align:justify\"><strong>\u00a0A produ\u00e7\u00e3o no Brasil<\/strong><\/p>\n<p style=\"text-align:justify\">O setor tem destaque especialmente na Regi\u00e3o Sul, com o Rio Grande do Sul respondendo por cerca de 50% da produ\u00e7\u00e3o nacional. Segundo a Associa\u00e7\u00e3o dos Fumicultores do Brasil (Afubra), a cadeia produtiva envolveu, na safra 2024\/25, mais de 138 mil fam\u00edlias produtoras nos tr\u00eas estados do Sul. As quase 720 mil toneladas produzidas, renderam cerca de R$ 14,58 bilh\u00f5es, montante que movimenta outros segmentos nos 525 munic\u00edpios produtores da Regi\u00e3o Sul do Brasil.<\/p>\n<\/p><\/div>\n<p><script data-cfasync=\"false\">\n    !function (f, b, e, v, n, t, s) {\n        if (f.fbq) return; n = f.fbq = function () {\n            n.callMethod ?\n                n.callMethod.apply(n, arguments) : n.queue.push(arguments)\n        };\n        if (!f._fbq) f._fbq = n; n.push = n; n.loaded = !0; n.version = '2.0';\n        n.queue = []; t = b.createElement(e); t.async = !0;\n        t.src = v; s = b.getElementsByTagName(e)[0];\n        s.parentNode.insertBefore(t, s)\n    }(window, document, 'script',\n        'https:\/\/connect.facebook.net\/en_US\/fbevents.js');\n    fbq('init', '522546078623747');\n    fbq('track', 'PageView');\n<\/script><br \/>\n<br \/><br \/>\n<br \/><a href=\"https:\/\/www.agrolink.com.br\/noticias\/mesmo-sem-acesso--comitiva-vai-a-genebra-para-cop-11_508042.html\">Source link <\/a><\/p>\n","protected":false},"excerpt":{"rendered":"<p>Uma comitiva de parlamentares e representantes do executivo de munic\u00edpios produtores de tabaco, bem como de entidades da cadeia produtiva<\/p>\n","protected":false},"author":1,"featured_media":11533,"comment_status":"open","ping_status":"open","sticky":false,"template":"","format":"standard","meta":{"_monsterinsights_skip_tracking":false,"_monsterinsights_sitenote_active":false,"_monsterinsights_sitenote_note":"","_monsterinsights_sitenote_category":0,"_uf_show_specific_survey":0,"_uf_disable_surveys":false,"footnotes":""},"categories":[8,1,14],"tags":[],"class_list":["post-24059","post","type-post","status-publish","format-standard","has-post-thumbnail","hentry","category-agro","category-news","category-politica-agro"],"_links":{"self":[{"href":"https:\/\/agromt.news\/index.php?rest_route=\/wp\/v2\/posts\/24059"}],"collection":[{"href":"https:\/\/agromt.news\/index.php?rest_route=\/wp\/v2\/posts"}],"about":[{"href":"https:\/\/agromt.news\/index.php?rest_route=\/wp\/v2\/types\/post"}],"author":[{"embeddable":true,"href":"https:\/\/agromt.news\/index.php?rest_route=\/wp\/v2\/users\/1"}],"replies":[{"embeddable":true,"href":"https:\/\/agromt.news\/index.php?rest_route=%2Fwp%2Fv2%2Fcomments&post=24059"}],"version-history":[{"count":0,"href":"https:\/\/agromt.news\/index.php?rest_route=\/wp\/v2\/posts\/24059\/revisions"}],"wp:featuredmedia":[{"embeddable":true,"href":"https:\/\/agromt.news\/index.php?rest_route=\/wp\/v2\/media\/11533"}],"wp:attachment":[{"href":"https:\/\/agromt.news\/index.php?rest_route=%2Fwp%2Fv2%2Fmedia&parent=24059"}],"wp:term":[{"taxonomy":"category","embeddable":true,"href":"https:\/\/agromt.news\/index.php?rest_route=%2Fwp%2Fv2%2Fcategories&post=24059"},{"taxonomy":"post_tag","embeddable":true,"href":"https:\/\/agromt.news\/index.php?rest_route=%2Fwp%2Fv2%2Ftags&post=24059"}],"curies":[{"name":"wp","href":"https:\/\/api.w.org\/{rel}","templated":true}]}}