{"id":24056,"date":"2025-11-14T19:29:25","date_gmt":"2025-11-14T23:29:25","guid":{"rendered":"https:\/\/agromt.news\/?p=24056"},"modified":"2025-11-14T19:29:25","modified_gmt":"2025-11-14T23:29:25","slug":"sinalizacao-positiva-produtores-de-carne-e-cafe-reagem-ao-anuncio-da-reducao-de-tarifas-pelos-eua","status":"publish","type":"post","link":"https:\/\/agromt.news\/?p=24056","title":{"rendered":"&#8216;Sinaliza\u00e7\u00e3o positiva&#8217;, produtores de carne e caf\u00e9 reagem ao an\u00fancio da redu\u00e7\u00e3o de tarifas pelos EUA"},"content":{"rendered":"<p> <br \/>\n<br \/><img decoding=\"async\" src=\"https:\/\/agromt.news\/wp-content\/uploads\/2025\/11\/Sinalizacao-positiva-produtores-de-carne-e-cafe-reagem-ao-anuncio.jpg\" \/><\/p>\n<div>\n<p>A ordem executiva assinada nesta sexta-feira (14) pelo <a href=\"https:\/\/www.canalrural.com.br\/nacional\/eua-diminuem-tarifas-sobre-cafe-carne-frutas-e-acai-do-brasil\/\">presidente dos Estados Unidos, Donald Trump, determinando a redu\u00e7\u00e3o de tarifas sobre caf\u00e9, carne, frutas e a\u00e7a\u00ed<\/a>, repercutiu imediatamente entre entidades do agroneg\u00f3cio brasileiro. A medida \u00e9 vista como um primeiro passo para destravar barreiras comerciais que restringem o acesso de produtos do Brasil ao mercado norte-americano.<\/p>\n<p>Entre os setores diretamente beneficiados est\u00e1 o caf\u00e9, pois os EUA s\u00e3o o principal destino das exporta\u00e7\u00f5es do produto brasileiro. Em nota divulgada na noite desta sexta-feira (14), o Conselho dos Exportadores de Caf\u00e9 do Brasil (Cecaf\u00e9) informou que est\u00e1 avaliando os efeitos da ordem executiva.<\/p>\n<p>O presidente do Cecaf\u00e9, M\u00e1rcio Ferreira, lembrou que hoje existem duas tarifas aplicadas pelos EUA ao caf\u00e9 brasileiro: a tarifa base, de 10%, e a tarifa adicional, de 40%, vinculada ao Artigo 301. Ele destacou que ainda \u00e9 necess\u00e1rio analisar se o novo ato assinado por Trump se aplica apenas \u00e0 tarifa de 10%, \u00e0 de 40% ou a ambas.<\/p>\n<p>\u201cO Cecaf\u00e9 est\u00e1 em contato com seus pares americanos, neste momento, para analisar cuidadosamente a situa\u00e7\u00e3o e entender o cen\u00e1rio que se apresenta. Voltaremos a nos pronunciar t\u00e3o logo tenhamos os devidos esclarecimentos\u201d, afirmou Ferreira.<\/p>\n<h2 class=\"wp-block-heading\" id=\"h-sinalizacao-positiva\">Sinaliza\u00e7\u00e3o positiva<\/h2>\n<p>Para o setor de prote\u00edna animal, a not\u00edcia tamb\u00e9m foi recebida como um avan\u00e7o. O presidente da Associa\u00e7\u00e3o Brasileira das Ind\u00fastrias Exportadoras de Carne (Abiec), Roberto Perosa, em entrevista a CNN, nesta sexta-feira, afirmou que a decis\u00e3o norte-americana \u00e9 uma sinaliza\u00e7\u00e3o clara de abertura para negocia\u00e7\u00e3o, sobretudo diante dos impactos que as tarifas atuais t\u00eam sobre a competitividade da carne brasileira no mercado dos EUA.<\/p>\n<p>Segundo Perosa, a ordem executiva mostra que Washington reconhece a necessidade de reavaliar medidas adotadas no passado, especialmente aquelas relacionadas ao Artigo 301, que ampliou barreiras sobre produtos que n\u00e3o atendiam exig\u00eancias internas dos EUA. \u201cVejo como uma medida positiva do governo americano, que indica disposi\u00e7\u00e3o de avan\u00e7ar nas conversas. Agora \u00e9 aguardar os desdobramentos t\u00e9cnicos e diplom\u00e1ticos\u201d, afirmou.<\/p>\n<p>Ele destacou que ainda n\u00e3o h\u00e1 clareza sobre qual tarifa ser\u00e1 reduzida: a base de 10%, a adicional de 40% ou ambas. Mesmo assim, considera que a decis\u00e3o representa um marco importante para retomar o fluxo comercial direto entre Brasil e Estados Unidos, especialmente para produtos bovinos.<\/p>\n<p>Perosa ressaltou que as negocia\u00e7\u00f5es tiveram forte componente diplom\u00e1tico e foram influenciadas por recentes encontros de alto n\u00edvel entre os dois pa\u00edses, incluindo conversas entre os presidentes Lula e Trump e di\u00e1logos entre as chancelarias. \u201c\u00c9 ineg\u00e1vel que, depois do encontro presidencial, as conversas destravaram. Houve um momento em que ach\u00e1vamos que poderia demorar mais, mas a diplomacia avan\u00e7ou e a medida veio\u201d, explicou.<\/p>\n<h2 class=\"wp-block-heading\" id=\"h-carne-brasileira-volta-ao-radar-dos-eua\">Carne brasileira volta ao radar dos EUA<\/h2>\n<p>O presidente da Abiec refor\u00e7ou que uma eventual redu\u00e7\u00e3o tarif\u00e1ria pode recolocar imediatamente a carne bovina brasileira em condi\u00e7\u00f5es de competir nas prateleiras norte-americanas. Ele lembrou que os EUA s\u00e3o grandes consumidores de cortes usados pela ind\u00fastria, como dianteiro, e que uma tarifa menor abre espa\u00e7o para produtos como carne mo\u00edda, hamb\u00farguer, processados e outros itens da ind\u00fastria frigor\u00edfica nacional.<\/p>\n<p>\u201c\u00c9 a primeira sinaliza\u00e7\u00e3o concreta de que o fluxo comercial pode ser retomado em condi\u00e7\u00f5es justas. O Brasil tem oferta, qualidade e competitividade para disputar esse mercado novamente\u201d, afirmou Perosa.<\/p>\n<h2 class=\"wp-block-heading\" id=\"h-setor-aguarda-detalhes-tecnicos\">Setor aguarda detalhes t\u00e9cnicos<\/h2>\n<p>Tanto Cecaf\u00e9 quanto Abiec refor\u00e7am que o momento \u00e9 de cautela. As entidades aguardam a publica\u00e7\u00e3o completa da ordem executiva e o detalhamento dos percentuais que ser\u00e3o efetivamente reduzidos. At\u00e9 l\u00e1, t\u00e9cnicos mant\u00eam di\u00e1logo com autoridades americanas e com o governo brasileiro para entender os pr\u00f3ximos passos.<\/p>\n<p>Apesar das incertezas, o clima no agro \u00e9 de otimismo. A redu\u00e7\u00e3o tarif\u00e1ria sobre caf\u00e9, carne e outros produtos pode representar um reimpulso importante nas exporta\u00e7\u00f5es brasileiras, especialmente diante de um mercado americano com forte demanda e grande capacidade de absor\u00e7\u00e3o de alimentos.<\/p>\n<\/p><\/div>\n<p><br \/>\n<br \/><a href=\"https:\/\/www.canalrural.com.br\/agricultura\/cafe\/sinalizacao-positiva-produtores-de-carne-e-cafe-reagem-ao-anuncio-da-reducao-de-tarifas-pelos-eua\/\">Source link <\/a><\/p>\n","protected":false},"excerpt":{"rendered":"<p>A ordem executiva assinada nesta sexta-feira (14) pelo presidente dos Estados Unidos, Donald Trump, determinando a redu\u00e7\u00e3o de tarifas sobre<\/p>\n","protected":false},"author":1,"featured_media":24057,"comment_status":"open","ping_status":"open","sticky":false,"template":"","format":"standard","meta":{"_monsterinsights_skip_tracking":false,"_monsterinsights_sitenote_active":false,"_monsterinsights_sitenote_note":"","_monsterinsights_sitenote_category":0,"_uf_show_specific_survey":0,"_uf_disable_surveys":false,"footnotes":""},"categories":[1],"tags":[],"class_list":["post-24056","post","type-post","status-publish","format-standard","has-post-thumbnail","hentry","category-news"],"_links":{"self":[{"href":"https:\/\/agromt.news\/index.php?rest_route=\/wp\/v2\/posts\/24056"}],"collection":[{"href":"https:\/\/agromt.news\/index.php?rest_route=\/wp\/v2\/posts"}],"about":[{"href":"https:\/\/agromt.news\/index.php?rest_route=\/wp\/v2\/types\/post"}],"author":[{"embeddable":true,"href":"https:\/\/agromt.news\/index.php?rest_route=\/wp\/v2\/users\/1"}],"replies":[{"embeddable":true,"href":"https:\/\/agromt.news\/index.php?rest_route=%2Fwp%2Fv2%2Fcomments&post=24056"}],"version-history":[{"count":0,"href":"https:\/\/agromt.news\/index.php?rest_route=\/wp\/v2\/posts\/24056\/revisions"}],"wp:featuredmedia":[{"embeddable":true,"href":"https:\/\/agromt.news\/index.php?rest_route=\/wp\/v2\/media\/24057"}],"wp:attachment":[{"href":"https:\/\/agromt.news\/index.php?rest_route=%2Fwp%2Fv2%2Fmedia&parent=24056"}],"wp:term":[{"taxonomy":"category","embeddable":true,"href":"https:\/\/agromt.news\/index.php?rest_route=%2Fwp%2Fv2%2Fcategories&post=24056"},{"taxonomy":"post_tag","embeddable":true,"href":"https:\/\/agromt.news\/index.php?rest_route=%2Fwp%2Fv2%2Ftags&post=24056"}],"curies":[{"name":"wp","href":"https:\/\/api.w.org\/{rel}","templated":true}]}}