{"id":24053,"date":"2025-11-14T18:45:20","date_gmt":"2025-11-14T22:45:20","guid":{"rendered":"https:\/\/agromt.news\/?p=24053"},"modified":"2025-11-14T18:45:20","modified_gmt":"2025-11-14T22:45:20","slug":"eua-e-china-mantem-impacto-limitado-no-mercado-de-soja","status":"publish","type":"post","link":"https:\/\/agromt.news\/?p=24053","title":{"rendered":"EUA e China mant\u00eam impacto limitado no mercado de soja"},"content":{"rendered":"<p> <br \/>\n<\/p>\n<div>\n<div class=\"row\">\n<div class=\"col-lg col-infos mt-0 mt-lg-0\">\n<div class=\"section-sub-title\">\n<p itemprop=\"description\">&#13;<br \/>\n                                As estimativas indicam ainda que a janela de competitividade americana segue curta&#13;\n                            <\/p>\n<\/p><\/div>\n<div class=\"container\">\n<div class=\"row\">\n<div class=\"col-lg p-0\">\n<div>\n<div class=\"block-news-main-infos mt-3 text-start\">\n<p>                                            <strong class=\"fn\" itemprop=\"author\" style=\"color: rgb(112, 112, 112); \">&#13;<br \/>\n                                                <a href=\"https:\/\/www.agrolink.com.br\/noticias\/javascript:;\" class=\"text-uppercase\" target=\"_blank\" style=\"color: rgb(112, 112, 112); \" rel=\"noopener\">Agrolink<\/a>&#13;<br \/>\n&#13;<br \/>\n                                                    &#8211; Leonardo Gottems&#13;<br \/>\n&#13;<br \/>\n                                            <\/strong><br \/>\n                                        <\/p>\n<p>                                            <abbr><time datetime=\"2025 - 11 - 14T10:21\" itemprop=\"datePublished dateModified\"> Publicado em 14\/11\/2025 \u00e0s 10:21h.<\/time><\/abbr>\n                                    <\/div>\n<\/p><\/div>\n<\/p><\/div>\n<div class=\"col-lg p-0 text-lg-end\">\n<div>\n<div id=\"mdEnviarPagina\" class=\"modal fade\" role=\"dialog\">\n<div class=\"modal-dialog\">\n<div class=\"modal-content\">\n<div class=\"modal-body\">\n<p><strong>Estimado usu\u00e1rio.<\/strong><br \/>Preencha o formul\u00e1rio abaixo para remeter a p\u00e1gina.<\/p>\n<\/p><\/div>\n<\/p><\/div>\n<\/p><\/div>\n<\/div><\/div>\n<\/p><\/div>\n<\/p><\/div>\n<\/p><\/div>\n<\/p><\/div>\n<\/p><\/div>\n<div class=\"row justify-content-md-center mt-3\">\n<div class=\"col-lg-auto col-image block-news-main-image\">\n<p>                                <img decoding=\"async\" src=\"https:\/\/www.agrolink.com.br\/upload\/imagens-resizes\/580dcced2ef0425d83bb78766fe4d9a6_858x483.jpg\" class=\"lazyload img-fluid\" alt=\"As estimativas indicam ainda que a janela de competitividade americana segue curta\"\/><br \/>\n                                                <span class=\"d-block mt-1\">As estimativas indicam ainda que a janela de competitividade americana segue curta &#8211; Foto: Pixabay<\/span><\/p><\/div>\n<\/p><\/div>\n<div class=\"section-description section-description-noticias mt-3\">\n<p>O novo entendimento entre as duas maiores economias do mundo reacendeu o debate sobre os rumos do com\u00e9rcio agr\u00edcola. A sinaliza\u00e7\u00e3o de retomada parcial das compras chinesas trouxe algum f\u00f4lego \u00e0s cota\u00e7\u00f5es, mas an\u00e1lises do setor apontam que o efeito do acordo tende a ser mais diplom\u00e1tico que comercial, sem alterar o excesso de oferta que pressiona a <a href=\"https:\/\/www.agrolink.com.br\/culturas\/soja?utm_source=agrolink-detalhe-noticia&amp;utm_medium=detalhe-noticia&amp;utm_campaign=links-internos\" target=\"_blank\" rel=\"noopener\">soja<\/a> no mercado internacional.&#13;\n<\/p>\n<p>Consultorias destacam que a China deve importar cerca de 12 milh\u00f5es de toneladas de soja americana em 2025, volume bem abaixo do registrado em 2020\/21. O cen\u00e1rio mant\u00e9m o foco nos embarques da Am\u00e9rica do Sul, considerados mais competitivos e seguros para o abastecimento. \u201cO acordo demonstra mais um gesto de aproxima\u00e7\u00e3o entre as pot\u00eancias do que uma mudan\u00e7a efetiva no fluxo comercial. A China segue priorizando a soja da Am\u00e9rica do Sul, especialmente a brasileira, por quest\u00f5es de competitividade e seguran\u00e7a de abastecimento\u201d, explica Felipe Jordy, gerente de intelig\u00eancia e estrat\u00e9gia da Biond Agro.<\/p>\n<p>Nos Estados Unidos, a previs\u00e3o de safra cheia convive com ritmo lento de exporta\u00e7\u00f5es. No Brasil, a proje\u00e7\u00e3o de nova colheita recorde refor\u00e7a a manuten\u00e7\u00e3o de estoques elevados e pr\u00eamios mais baixos nos portos, limitando novas altas. A leitura de analistas \u00e9 que a tr\u00e9gua comercial apenas suaviza, por pouco tempo, o descompasso entre pre\u00e7os e fundamentos.&#13;\n<\/p>\n<p>As estimativas indicam ainda que a janela de competitividade americana segue curta, restrita ao per\u00edodo anterior \u00e0 entrada da safra brasileira. No mercado interno, o c\u00e2mbio est\u00e1vel n\u00e3o compensa pr\u00eamios enfraquecidos nem a volatilidade externa, mantendo a comercializa\u00e7\u00e3o perto de 25% da safra e abaixo da m\u00e9dia hist\u00f3rica. \u201cO momento exige uma cobertura m\u00ednima de 40% da produ\u00e7\u00e3o, garantindo a prote\u00e7\u00e3o de custos e evitando exposi\u00e7\u00e3o a eventuais quedas de pre\u00e7o ou gargalos log\u00edsticos. A estrat\u00e9gia deve priorizar margens e liquidez, combinando contratos futuros e barter de forma equilibrada\u201d, finaliza.<br \/>&#13;<br \/>\n\u00a0<\/p>\n<\/p><\/div>\n<\/p><\/div>\n<p><script data-cfasync=\"false\">\n    !function (f, b, e, v, n, t, s) {\n        if (f.fbq) return; n = f.fbq = function () {\n            n.callMethod ?\n                n.callMethod.apply(n, arguments) : n.queue.push(arguments)\n        };\n        if (!f._fbq) f._fbq = n; n.push = n; n.loaded = !0; n.version = '2.0';\n        n.queue = []; t = b.createElement(e); t.async = !0;\n        t.src = v; s = b.getElementsByTagName(e)[0];\n        s.parentNode.insertBefore(t, s)\n    }(window, document, 'script',\n        'https:\/\/connect.facebook.net\/en_US\/fbevents.js');\n    fbq('init', '522546078623747');\n    fbq('track', 'PageView');\n<\/script><br \/>\n<br \/><br \/>\n<br \/><a href=\"https:\/\/www.agrolink.com.br\/noticias\/eua-e-china-mantem-impacto-limitado-no-mercado-de-soja_508044.html\">Source link <\/a><\/p>\n","protected":false},"excerpt":{"rendered":"<p>&#13; As estimativas indicam ainda que a janela de competitividade americana segue curta&#13; &#13; Agrolink&#13; &#13; &#8211; Leonardo Gottems&#13; &#13;<\/p>\n","protected":false},"author":1,"featured_media":6555,"comment_status":"open","ping_status":"open","sticky":false,"template":"","format":"standard","meta":{"_monsterinsights_skip_tracking":false,"_monsterinsights_sitenote_active":false,"_monsterinsights_sitenote_note":"","_monsterinsights_sitenote_category":0,"_uf_show_specific_survey":0,"_uf_disable_surveys":false,"footnotes":""},"categories":[8,1,14],"tags":[],"class_list":["post-24053","post","type-post","status-publish","format-standard","has-post-thumbnail","hentry","category-agro","category-news","category-politica-agro"],"_links":{"self":[{"href":"https:\/\/agromt.news\/index.php?rest_route=\/wp\/v2\/posts\/24053"}],"collection":[{"href":"https:\/\/agromt.news\/index.php?rest_route=\/wp\/v2\/posts"}],"about":[{"href":"https:\/\/agromt.news\/index.php?rest_route=\/wp\/v2\/types\/post"}],"author":[{"embeddable":true,"href":"https:\/\/agromt.news\/index.php?rest_route=\/wp\/v2\/users\/1"}],"replies":[{"embeddable":true,"href":"https:\/\/agromt.news\/index.php?rest_route=%2Fwp%2Fv2%2Fcomments&post=24053"}],"version-history":[{"count":0,"href":"https:\/\/agromt.news\/index.php?rest_route=\/wp\/v2\/posts\/24053\/revisions"}],"wp:featuredmedia":[{"embeddable":true,"href":"https:\/\/agromt.news\/index.php?rest_route=\/wp\/v2\/media\/6555"}],"wp:attachment":[{"href":"https:\/\/agromt.news\/index.php?rest_route=%2Fwp%2Fv2%2Fmedia&parent=24053"}],"wp:term":[{"taxonomy":"category","embeddable":true,"href":"https:\/\/agromt.news\/index.php?rest_route=%2Fwp%2Fv2%2Fcategories&post=24053"},{"taxonomy":"post_tag","embeddable":true,"href":"https:\/\/agromt.news\/index.php?rest_route=%2Fwp%2Fv2%2Ftags&post=24053"}],"curies":[{"name":"wp","href":"https:\/\/api.w.org\/{rel}","templated":true}]}}