{"id":24043,"date":"2025-11-14T17:24:57","date_gmt":"2025-11-14T21:24:57","guid":{"rendered":"https:\/\/agromt.news\/?p=24043"},"modified":"2025-11-14T17:24:57","modified_gmt":"2025-11-14T21:24:57","slug":"e-preciso-gerar-valor-diz-superintendente-da-fapcen","status":"publish","type":"post","link":"https:\/\/agromt.news\/?p=24043","title":{"rendered":"\u00e9 preciso gerar valor\u2019, diz superintendente da Fapcen"},"content":{"rendered":"<p> <br \/>\n<br \/><img decoding=\"async\" src=\"https:\/\/agromt.news\/wp-content\/uploads\/2025\/11\/e-preciso-gerar-valor-diz-superintendente-da-Fapcen.jpg\" \/><\/p>\n<div>\n<p>A agricultura vive uma virada hist\u00f3rica \u2014 e o Brasil tem potencial para liderar esse movimento. A avalia\u00e7\u00e3o \u00e9 de <strong>Gisela Introvini<\/strong>, superintendente da Funda\u00e7\u00e3o de Apoio ao Corredor de Exporta\u00e7\u00e3o Norte (Fapcen), que participa da <strong><a href=\"https:\/\/www.canalrural.com.br\/cop30\/\">COP30<\/a><\/strong>, em Bel\u00e9m (PA).<\/p>\n<p>Em entrevista ao <em>Canal Rural<\/em>, ela destacou que a atividade rural passou por fases marcantes at\u00e9 chegar ao atual conceito de <strong>agricultura regenerativa<\/strong>, hoje tratada no mundo como uma das pr\u00e1ticas de maior valor agregado.<\/p>\n<p>Segundo ela, essa transforma\u00e7\u00e3o foi constru\u00edda ao longo de d\u00e9cadas. A agricultura sustent\u00e1vel abriu caminho para a produ\u00e7\u00e3o em regi\u00f5es tropicais. Depois vieram a agricultura de precis\u00e3o, o avan\u00e7o da biotecnologia e uma s\u00e9rie de pr\u00e1ticas que melhoraram efici\u00eancia, produtividade e manejo.<\/p>\n<p>Essas etapas, afirma, prepararam o setor para o momento atual, no qual o papel da agricultura vai al\u00e9m de produzir alimentos.<\/p>\n<h3 class=\"wp-block-heading\" id=\"h-regenerar-solo-pessoas-e-mentalidades\"><strong>Regenerar solo, pessoas e mentalidades<\/strong><\/h3>\n<p>Para ela, o grande diferencial da agricultura regenerativa \u00e9 a capacidade de integrar <strong>preserva\u00e7\u00e3o ambiental, inclus\u00e3o social e mudan\u00e7a de mentalidades<\/strong>.<\/p>\n<p>\u201cFalamos de regenera\u00e7\u00e3o do solo, das pessoas e de uma nova forma de pensar a produ\u00e7\u00e3o\u201d, destacou.<\/p>\n<p>Gisela aponta que agricultores brasileiros j\u00e1 aplicam, na pr\u00e1tica, m\u00e9todos reconhecidos globalmente, como <strong>rota\u00e7\u00e3o de culturas<\/strong>, <strong>uso de palhada<\/strong>, <strong>manejo integrado<\/strong> e <strong>sequestro de carbono<\/strong> \u2014 a\u00e7\u00f5es que fortalecem a agenda ESG e ampliam o valor dos alimentos produzidos.<\/p>\n<h3 class=\"wp-block-heading\" id=\"h-nao-basta-produzir-e-preciso-gerar-impacto-positivo\"><strong>N\u00e3o basta produzir: \u00e9 preciso gerar impacto positivo<\/strong><\/h3>\n<p>De acordo com a superintendente da Fapcen, a agricultura moderna exige mais do que produtividade.<\/p>\n<p>\u201cN\u00e3o basta produzir gr\u00e3os ou frutas. \u00c9 preciso entregar <strong>valor<\/strong>, seguir crit\u00e9rios ESG e mostrar ao mundo que existe responsabilidade social e ambiental no alimento que chega \u00e0 mesa\u201d, afirmou.<\/p>\n<p>Ela ressalta que esse modelo reconhece e premia agricultores que investem em sustentabilidade, bem-estar e preserva\u00e7\u00e3o dos biomas.<\/p>\n<p>\u201cO Brasil \u00e9, sim, um grande celeiro de seguran\u00e7a alimentar. Temos condi\u00e7\u00f5es de preservar nossos biomas, incluir pessoas e produzir com responsabilidade\u201d, concluiu.<\/p>\n<\/p><\/div>\n<p><br \/>\n<br \/><a href=\"https:\/\/www.canalrural.com.br\/cop30\/nao-basta-produzir-e-preciso-gerar-valor-diz-superintendente-da-fapcen\/\">Source link <\/a><\/p>\n","protected":false},"excerpt":{"rendered":"<p>A agricultura vive uma virada hist\u00f3rica \u2014 e o Brasil tem potencial para liderar esse movimento. A avalia\u00e7\u00e3o \u00e9 de<\/p>\n","protected":false},"author":1,"featured_media":24044,"comment_status":"open","ping_status":"open","sticky":false,"template":"","format":"standard","meta":{"_monsterinsights_skip_tracking":false,"_monsterinsights_sitenote_active":false,"_monsterinsights_sitenote_note":"","_monsterinsights_sitenote_category":0,"_uf_show_specific_survey":0,"_uf_disable_surveys":false,"footnotes":""},"categories":[1],"tags":[],"class_list":["post-24043","post","type-post","status-publish","format-standard","has-post-thumbnail","hentry","category-news"],"_links":{"self":[{"href":"https:\/\/agromt.news\/index.php?rest_route=\/wp\/v2\/posts\/24043"}],"collection":[{"href":"https:\/\/agromt.news\/index.php?rest_route=\/wp\/v2\/posts"}],"about":[{"href":"https:\/\/agromt.news\/index.php?rest_route=\/wp\/v2\/types\/post"}],"author":[{"embeddable":true,"href":"https:\/\/agromt.news\/index.php?rest_route=\/wp\/v2\/users\/1"}],"replies":[{"embeddable":true,"href":"https:\/\/agromt.news\/index.php?rest_route=%2Fwp%2Fv2%2Fcomments&post=24043"}],"version-history":[{"count":0,"href":"https:\/\/agromt.news\/index.php?rest_route=\/wp\/v2\/posts\/24043\/revisions"}],"wp:featuredmedia":[{"embeddable":true,"href":"https:\/\/agromt.news\/index.php?rest_route=\/wp\/v2\/media\/24044"}],"wp:attachment":[{"href":"https:\/\/agromt.news\/index.php?rest_route=%2Fwp%2Fv2%2Fmedia&parent=24043"}],"wp:term":[{"taxonomy":"category","embeddable":true,"href":"https:\/\/agromt.news\/index.php?rest_route=%2Fwp%2Fv2%2Fcategories&post=24043"},{"taxonomy":"post_tag","embeddable":true,"href":"https:\/\/agromt.news\/index.php?rest_route=%2Fwp%2Fv2%2Ftags&post=24043"}],"curies":[{"name":"wp","href":"https:\/\/api.w.org\/{rel}","templated":true}]}}