{"id":24040,"date":"2025-11-14T16:35:01","date_gmt":"2025-11-14T20:35:01","guid":{"rendered":"https:\/\/agromt.news\/?p=24040"},"modified":"2025-11-14T16:35:01","modified_gmt":"2025-11-14T20:35:01","slug":"protesto-bloqueia-entrada-oficial-da-cop30-e-causa-atrasos-no-acesso","status":"publish","type":"post","link":"https:\/\/agromt.news\/?p=24040","title":{"rendered":"Protesto bloqueia entrada oficial da COP30 e causa atrasos no acesso"},"content":{"rendered":"<p> <br \/>\n<br \/><img decoding=\"async\" src=\"https:\/\/agromt.news\/wp-content\/uploads\/2025\/11\/Protesto-bloqueia-entrada-oficial-da-COP30-e-causa-atrasos-no.png\" \/><\/p>\n<div>\n<p>A manh\u00e3 desta sexta-feira (14) foi marcada por protestos na entrada oficial da <a href=\"https:\/\/www.canalrural.com.br\/tag\/cop30\/\">COP30<\/a>, ap\u00f3s lideran\u00e7as ind\u00edgenas bloquearem o acesso de delega\u00e7\u00f5es, volunt\u00e1rios, funcion\u00e1rios e tamb\u00e9m da imprensa. Apesar de pac\u00edfica, a manifesta\u00e7\u00e3o impediu a entrada de credenciados e provocou atrasos na programa\u00e7\u00e3o do evento.<\/p>\n<p>A diretora de conte\u00fado do Canal Rural, Jaqueline Silva, que tentava acessar o espa\u00e7o no momento do bloqueio, relatou as dificuldades. Ela e o diretor do Canal Rural Sul, Giovani Ferreira, precisaram utilizar uma segunda entrada aberta emergencialmente pela organiza\u00e7\u00e3o, j\u00e1 que o acesso principal s\u00f3 foi liberado por volta das 9h50, ap\u00f3s o presidente da COP30, Andr\u00e9 Corr\u00eaa do Lago, sair para conversar diretamente com os manifestantes.<\/p>\n<p><iframe title=\"Protesto bloqueia a entrada oficial da COP30 nesta sexta-feira (14)\" width=\"800\" height=\"450\" src=\"https:\/\/www.youtube.com\/embed\/Yyx_8xq1ByE?feature=oembed\" frameborder=\"0\" allow=\"accelerometer; autoplay; clipboard-write; encrypted-media; gyroscope; picture-in-picture; web-share\" referrerpolicy=\"strict-origin-when-cross-origin\" allowfullscreen><\/iframe><\/p>\n<p>Segundo Jaqueline, a alternativa criada para a entrada das equipes foi montada com seguran\u00e7a refor\u00e7ada. \u201cTinha muito ex\u00e9rcito e policiamento no entorno. Todos foram revistados e precisaram mostrar bolsas e credenciais\u201d, afirmou. <\/p>\n<h2 class=\"wp-block-heading\" id=\"h-desafios-operacionais\">Desafios operacionais<\/h2>\n<p>De acordo com Ferreira, manifesta\u00e7\u00f5es desse tipo s\u00e3o comuns e se repetem em praticamente todas as edi\u00e7\u00f5es da COP.  \u201cEm todas as COPs, o ativismo est\u00e1 presente. Isso acaba, de certa forma atrapalhando, atrasando, limitando e dificultando o acesso da sociedade civil, assim como dos negociadores aos locais da COP\u201d, conta.<\/p>\n<p>O diretor tamb\u00e9m destaca que desafios operacionais costumam marcar grandes confer\u00eancias clim\u00e1ticas. Ele citou exemplos de edi\u00e7\u00f5es anteriores, como Glasgow (2021), quando mais de 40 mil participantes precisavam realizar testes di\u00e1rios de Covid-19, e Sharm el-Sheikh (2022), que enfrentou falta d\u2019\u00e1gua nas instala\u00e7\u00f5es.<\/p>\n<p>\u201cOs problemas existem em todas as COPs. O segredo est\u00e1 em agir r\u00e1pido, identificar e se preparar para resolv\u00ea-los para que a confer\u00eancia ocorra dentro da normalidade\u201d, concluiu.<\/p>\n<p>O acesso foi normalizado ao longo da manh\u00e3, e a programa\u00e7\u00e3o da COP30 seguiu com ajustes pontuais.<\/p>\n<\/p><\/div>\n<p><br \/>\n<br \/><a href=\"https:\/\/www.canalrural.com.br\/cop30\/protesto-bloqueia-entrada-oficial-da-cop30-e-causa-atrasos-no-acesso\/\">Source link <\/a><\/p>\n","protected":false},"excerpt":{"rendered":"<p>A manh\u00e3 desta sexta-feira (14) foi marcada por protestos na entrada oficial da COP30, ap\u00f3s lideran\u00e7as ind\u00edgenas bloquearem o acesso<\/p>\n","protected":false},"author":1,"featured_media":24041,"comment_status":"open","ping_status":"open","sticky":false,"template":"","format":"standard","meta":{"_monsterinsights_skip_tracking":false,"_monsterinsights_sitenote_active":false,"_monsterinsights_sitenote_note":"","_monsterinsights_sitenote_category":0,"_uf_show_specific_survey":0,"_uf_disable_surveys":false,"footnotes":""},"categories":[1],"tags":[],"class_list":["post-24040","post","type-post","status-publish","format-standard","has-post-thumbnail","hentry","category-news"],"_links":{"self":[{"href":"https:\/\/agromt.news\/index.php?rest_route=\/wp\/v2\/posts\/24040"}],"collection":[{"href":"https:\/\/agromt.news\/index.php?rest_route=\/wp\/v2\/posts"}],"about":[{"href":"https:\/\/agromt.news\/index.php?rest_route=\/wp\/v2\/types\/post"}],"author":[{"embeddable":true,"href":"https:\/\/agromt.news\/index.php?rest_route=\/wp\/v2\/users\/1"}],"replies":[{"embeddable":true,"href":"https:\/\/agromt.news\/index.php?rest_route=%2Fwp%2Fv2%2Fcomments&post=24040"}],"version-history":[{"count":0,"href":"https:\/\/agromt.news\/index.php?rest_route=\/wp\/v2\/posts\/24040\/revisions"}],"wp:featuredmedia":[{"embeddable":true,"href":"https:\/\/agromt.news\/index.php?rest_route=\/wp\/v2\/media\/24041"}],"wp:attachment":[{"href":"https:\/\/agromt.news\/index.php?rest_route=%2Fwp%2Fv2%2Fmedia&parent=24040"}],"wp:term":[{"taxonomy":"category","embeddable":true,"href":"https:\/\/agromt.news\/index.php?rest_route=%2Fwp%2Fv2%2Fcategories&post=24040"},{"taxonomy":"post_tag","embeddable":true,"href":"https:\/\/agromt.news\/index.php?rest_route=%2Fwp%2Fv2%2Ftags&post=24040"}],"curies":[{"name":"wp","href":"https:\/\/api.w.org\/{rel}","templated":true}]}}