{"id":24036,"date":"2025-11-14T15:49:15","date_gmt":"2025-11-14T19:49:15","guid":{"rendered":"https:\/\/agromt.news\/?p=24036"},"modified":"2025-11-14T15:49:15","modified_gmt":"2025-11-14T19:49:15","slug":"frente-fria-avanca-e-provoca-temporais-com-chuva-intensa-e-ventos-fortes","status":"publish","type":"post","link":"https:\/\/agromt.news\/?p=24036","title":{"rendered":"Frente fria avan\u00e7a e provoca temporais com chuva intensa e ventos fortes"},"content":{"rendered":"<p> <br \/>\n<\/p>\n<div>\n<p>A <a href=\"https:\/\/www.canalrural.com.br\/tag\/defesa-civil\/\">Defesa Civil<\/a> de <a href=\"https:\/\/www.canalrural.com.br\/tag\/santa-catarina\/\">Santa Catarina<\/a> emitiu alerta de temporais acompanhados por raios, rajadas de vento, chuva intensa e queda de granizo, entre domingo (16) e segunda-feira (17).\u00a0As condi\u00e7\u00f5es previstas resultam da chegada de uma frente fria, que est\u00e1 a\u00a0associada a um ciclone que atua sobre o Oceano Atl\u00e2ntico, entre o Uruguai e o centro da Argentina.\u00a0<img decoding=\"async\" src=\"https:\/\/agromt.news\/wp-content\/uploads\/2025\/11\/Frente-fria-avanca-e-provoca-temporais-com-chuva-intensa-e.png\"\/><img decoding=\"async\" src=\"https:\/\/agromt.news\/wp-content\/uploads\/2025\/11\/Frente-fria-avanca-e-provoca-temporais-com-chuva-intensa-e.png\"\/><img decoding=\"async\" src=\"https:\/\/agromt.news\/wp-content\/uploads\/2025\/11\/Frente-fria-avanca-e-provoca-temporais-com-chuva-intensa-e.gif\"\/><img decoding=\"async\" src=\"https:\/\/agromt.news\/wp-content\/uploads\/2025\/11\/Frente-fria-avanca-e-provoca-temporais-com-chuva-intensa-e.gif\"\/><\/p>\n<p>A Defesa Civil destaca que, apesar de ser influ\u00eancia de um ciclone, as condi\u00e7\u00f5es meteorol\u00f3gicas\u00a0s\u00e3o bem diferentes do tempo severo registrado na \u00faltima sexta-feira (7), em que o processo de forma\u00e7\u00e3o do ciclone ocorreu sobre a regi\u00e3o Sul do Brasil.\u00a0Na \u00faltima semana, sete\u00a0mortes foram registradas no Paran\u00e1 e no Rio Grande do Sul ap\u00f3s a passagem de tr\u00eas ciclones. \u00a0<\/p>\n<p>De acordo com a Defesa Civil, os temporais previstos para este final de semana oferecem risco moderado a alto para destelhamentos, danos na rede el\u00e9trica, queda \u00e1rvores, alagamentos e enxurradas.\u00a0<\/p>\n<p>O \u00f3rg\u00e3o informa que eles\u00a0devem ter in\u00edcio na tarde de domingo (16) em \u00e1reas do grande oeste e planaltos\u00a0de Santa Catarina,\u00a0devido ao calor e \u00e0 umidade, antes de a frente fria se aproximar. \u00a0<\/p>\n<p>\u201cEntre o final da tarde e a\u00a0noite, com a aproxima\u00e7\u00e3o da frente fria, os temporais ganham for\u00e7a no oeste e sul catarinense, na divisa com o Rio Grande do Sul. Entre a noite de domingo e a madrugada de\u00a0segunda-feira (17), os temporais se espalham para as demais regi\u00f5es do estado\u201d, informa a Defesa Civil\u00a0em nota. \u00a0<\/p>\n<div data-icp-cta=\"1\" id=\"icp-cta-unique\">Voc\u00ea quer entender como usar o clima a seu favor?<b> <\/b><a href=\"https:\/\/climacampo.canalrural.com.br\/climacampo_-01\">Preparamos um e-book exclusivo<\/a> para ajudar produtores rurais a se antecipar \u00e0s mudan\u00e7as do tempo e planejar melhor suas a\u00e7\u00f5es. Com base em previs\u00f5es meteorol\u00f3gicas confi\u00e1veis, ele oferece orienta\u00e7\u00f5es pr\u00e1ticas para proteger sua lavoura e otimizar seus resultados.<\/div>\n<\/div>\n<p><br \/>\n<br \/><a href=\"https:\/\/www.canalrural.com.br\/tempo\/frente-fria-avanca-e-provoca-temporais-com-chuva-intensa-e-ventos-fortes\/\">Source link <\/a><\/p>\n","protected":false},"excerpt":{"rendered":"<p>A Defesa Civil de Santa Catarina emitiu alerta de temporais acompanhados por raios, rajadas de vento, chuva intensa e queda<\/p>\n","protected":false},"author":1,"featured_media":24037,"comment_status":"open","ping_status":"open","sticky":false,"template":"","format":"standard","meta":{"_monsterinsights_skip_tracking":false,"_monsterinsights_sitenote_active":false,"_monsterinsights_sitenote_note":"","_monsterinsights_sitenote_category":0,"_uf_show_specific_survey":0,"_uf_disable_surveys":false,"footnotes":""},"categories":[1],"tags":[],"class_list":["post-24036","post","type-post","status-publish","format-standard","has-post-thumbnail","hentry","category-news"],"_links":{"self":[{"href":"https:\/\/agromt.news\/index.php?rest_route=\/wp\/v2\/posts\/24036"}],"collection":[{"href":"https:\/\/agromt.news\/index.php?rest_route=\/wp\/v2\/posts"}],"about":[{"href":"https:\/\/agromt.news\/index.php?rest_route=\/wp\/v2\/types\/post"}],"author":[{"embeddable":true,"href":"https:\/\/agromt.news\/index.php?rest_route=\/wp\/v2\/users\/1"}],"replies":[{"embeddable":true,"href":"https:\/\/agromt.news\/index.php?rest_route=%2Fwp%2Fv2%2Fcomments&post=24036"}],"version-history":[{"count":0,"href":"https:\/\/agromt.news\/index.php?rest_route=\/wp\/v2\/posts\/24036\/revisions"}],"wp:featuredmedia":[{"embeddable":true,"href":"https:\/\/agromt.news\/index.php?rest_route=\/wp\/v2\/media\/24037"}],"wp:attachment":[{"href":"https:\/\/agromt.news\/index.php?rest_route=%2Fwp%2Fv2%2Fmedia&parent=24036"}],"wp:term":[{"taxonomy":"category","embeddable":true,"href":"https:\/\/agromt.news\/index.php?rest_route=%2Fwp%2Fv2%2Fcategories&post=24036"},{"taxonomy":"post_tag","embeddable":true,"href":"https:\/\/agromt.news\/index.php?rest_route=%2Fwp%2Fv2%2Ftags&post=24036"}],"curies":[{"name":"wp","href":"https:\/\/api.w.org\/{rel}","templated":true}]}}