{"id":24035,"date":"2025-11-14T15:31:11","date_gmt":"2025-11-14T19:31:11","guid":{"rendered":"https:\/\/agromt.news\/?p=24035"},"modified":"2025-11-14T15:31:11","modified_gmt":"2025-11-14T19:31:11","slug":"boletim-climatico-traz-novas-previsoes-para-o-tempo","status":"publish","type":"post","link":"https:\/\/agromt.news\/?p=24035","title":{"rendered":"boletim clim\u00e1tico traz novas previs\u00f5es para o tempo"},"content":{"rendered":"<p> <br \/>\n<br \/><img decoding=\"async\" src=\"https:\/\/agromt.news\/wp-content\/uploads\/2024\/09\/frente-fria-estrada-nebulosidade-tempo-carregado-nuvens.jpg\" \/><\/p>\n<div>\n<p>O boletim clim\u00e1tico divulgado pela NOAA divulgado nesta semana aponta a continuidade do fen\u00f4meno <a href=\"https:\/\/www.canalrural.com.br\/?s=La+Ni%C3%B1a+\">La Ni\u00f1a <\/a>at\u00e9 o final do ano, por\u00e9m em fraca intensidade. Esse cen\u00e1rio tende a favorecer o aumento das chuvas principalmente em \u00e1reas produtoras de soja do Sudeste, Centro-Oeste e Matopiba, com destaque para a segunda quinzena de novembro, per\u00edodo crucial para o plantio da soja.<\/p>\n<p><iframe title=\"Retorno do El Ni\u00f1o, frente fria e chuvas: boletim clim\u00e1tico traz novas previs\u00f5es para o tempo\" width=\"800\" height=\"450\" src=\"https:\/\/www.youtube.com\/embed\/OtmWwClCmTY?feature=oembed\" frameborder=\"0\" allow=\"accelerometer; autoplay; clipboard-write; encrypted-media; gyroscope; picture-in-picture; web-share\" referrerpolicy=\"strict-origin-when-cross-origin\" allowfullscreen><\/iframe><noscript><iframe title=\"Retorno do El Ni\u00f1o, frente fria e chuvas: boletim clim\u00e1tico traz novas previs\u00f5es para o tempo\" width=\"800\" height=\"450\" src=\"https:\/\/www.youtube.com\/embed\/OtmWwClCmTY?feature=oembed\" frameborder=\"0\" allow=\"accelerometer; autoplay; clipboard-write; encrypted-media; gyroscope; picture-in-picture; web-share\" referrerpolicy=\"strict-origin-when-cross-origin\" allowfullscreen><\/iframe><\/noscript><\/p>\n<h3 class=\"wp-block-heading\" id=\"h-sem-risco-de-geada-tardia-no-sul\"><strong>Sem risco de geada tardia no Sul<\/strong><\/h3>\n<p>Para o Sul do Brasil, n\u00e3o h\u00e1 indicativos de geadas tardias. A previs\u00e3o, no entanto, mostra que as temperaturas devem ficar um pouco mais baixas em estados como Rio Grande do Sul, Santa Catarina, Paran\u00e1, al\u00e9m de S\u00e3o Paulo e Mato Grosso do Sul.<\/p>\n<p>Ao contr\u00e1rio de outros anos marcados pela La Ni\u00f1a, n\u00e3o h\u00e1 proje\u00e7\u00e3o de seca ou estiagem severa no Sul durante o pr\u00f3ximo ciclo. As tend\u00eancias apontam para uma condi\u00e7\u00e3o de neutralidade clim\u00e1tica entre o fim do ver\u00e3o e o in\u00edcio do outono. J\u00e1 para a safra 2026\/27, o boletim indica possibilidade de retorno do El Ni\u00f1o.<\/p>\n<h3 class=\"wp-block-heading\" id=\"h-chuva-ganha-forca-nos-proximos-dias\"><strong>Chuva ganha for\u00e7a nos pr\u00f3ximos dias<\/strong><\/h3>\n<p>Nos pr\u00f3ximos 5 dias, a chuva deve se concentrar no sul de Mato Grosso do Sul e sul de Minas Gerais. A partir de domingo, uma nova frente fria avan\u00e7a pelo pa\u00eds, provocando temporais no Sul, em S\u00e3o Paulo e no Mato Grosso do Sul, com risco de rajadas de vento forte e queda de granizo.<\/p>\n<p>O sistema tamb\u00e9m deve impulsionar volumes expressivos de precipita\u00e7\u00e3o, podendo chegar a 100 mm, sobre Minas Gerais, Goi\u00e1s, Mato Grosso e \u00e1reas do Matopiba.<\/p>\n<h3 class=\"wp-block-heading\" id=\"h-corredor-de-umidade-e-possivel-zcas\"><strong>Corredor de umidade e poss\u00edvel ZCAS<\/strong><\/h3>\n<p>Entre os dias 25 e 29 de novembro, os modelos indicam a forma\u00e7\u00e3o de um corredor de umidade, mantendo acumulados entre 80 e 90 mm em \u00e1reas centrais e sudeste do pa\u00eds. H\u00e1 tamb\u00e9m sinais da forma\u00e7\u00e3o de uma Zona de Converg\u00eancia do Atl\u00e2ntico Sul (ZCAS), fen\u00f4meno associado a per\u00edodos prolongados de chuva.<\/p>\n<p>Para o produtor rural, a presen\u00e7a da ZCAS costuma ser favor\u00e1vel, mantendo os solos bem abastecidos tanto no Centro-Oeste quanto no Sudeste.<\/p>\n<\/p><\/div>\n<p><br \/>\n<br \/><a href=\"https:\/\/www.canalrural.com.br\/agricultura\/projeto-soja-brasil\/nova-frente-fria-avanca-e-empurra-chuva-no-brasil-boletim-climatico-aponta-volumes-de-ate-90-mm\/\">Source link <\/a><\/p>\n","protected":false},"excerpt":{"rendered":"<p>O boletim clim\u00e1tico divulgado pela NOAA divulgado nesta semana aponta a continuidade do fen\u00f4meno La Ni\u00f1a at\u00e9 o final do<\/p>\n","protected":false},"author":1,"featured_media":1556,"comment_status":"open","ping_status":"open","sticky":false,"template":"","format":"standard","meta":{"_monsterinsights_skip_tracking":false,"_monsterinsights_sitenote_active":false,"_monsterinsights_sitenote_note":"","_monsterinsights_sitenote_category":0,"_uf_show_specific_survey":0,"_uf_disable_surveys":false,"footnotes":""},"categories":[1],"tags":[],"class_list":["post-24035","post","type-post","status-publish","format-standard","has-post-thumbnail","hentry","category-news"],"_links":{"self":[{"href":"https:\/\/agromt.news\/index.php?rest_route=\/wp\/v2\/posts\/24035"}],"collection":[{"href":"https:\/\/agromt.news\/index.php?rest_route=\/wp\/v2\/posts"}],"about":[{"href":"https:\/\/agromt.news\/index.php?rest_route=\/wp\/v2\/types\/post"}],"author":[{"embeddable":true,"href":"https:\/\/agromt.news\/index.php?rest_route=\/wp\/v2\/users\/1"}],"replies":[{"embeddable":true,"href":"https:\/\/agromt.news\/index.php?rest_route=%2Fwp%2Fv2%2Fcomments&post=24035"}],"version-history":[{"count":0,"href":"https:\/\/agromt.news\/index.php?rest_route=\/wp\/v2\/posts\/24035\/revisions"}],"wp:featuredmedia":[{"embeddable":true,"href":"https:\/\/agromt.news\/index.php?rest_route=\/wp\/v2\/media\/1556"}],"wp:attachment":[{"href":"https:\/\/agromt.news\/index.php?rest_route=%2Fwp%2Fv2%2Fmedia&parent=24035"}],"wp:term":[{"taxonomy":"category","embeddable":true,"href":"https:\/\/agromt.news\/index.php?rest_route=%2Fwp%2Fv2%2Fcategories&post=24035"},{"taxonomy":"post_tag","embeddable":true,"href":"https:\/\/agromt.news\/index.php?rest_route=%2Fwp%2Fv2%2Ftags&post=24035"}],"curies":[{"name":"wp","href":"https:\/\/api.w.org\/{rel}","templated":true}]}}