{"id":24033,"date":"2025-11-14T14:39:33","date_gmt":"2025-11-14T18:39:33","guid":{"rendered":"https:\/\/agromt.news\/?p=24033"},"modified":"2025-11-14T14:39:33","modified_gmt":"2025-11-14T18:39:33","slug":"chamada-para-fundos-inovacao-descarbonizacao-atraiu-r-737-bilhoes","status":"publish","type":"post","link":"https:\/\/agromt.news\/?p=24033","title":{"rendered":"chamada para fundos inova\u00e7\u00e3o\/descarboniza\u00e7\u00e3o atraiu R$ 73,7 bilh\u00f5es"},"content":{"rendered":"<p> <br \/>\n<br \/><img decoding=\"async\" src=\"https:\/\/agromt.news\/wp-content\/uploads\/2025\/10\/BNDES-lanca-plataforma-para-acompanhar-projetos-do-Fundo-Clima-durante.jpg\" \/><\/p>\n<div>\n<p>O presidente do Banco Nacional do Desenvolvimento Econ\u00f4mico e Social (BNDES), <strong><a href=\"http:\/\/www.canalrural.com.br\/tag\/aloizio-mercadante\/\">Aloizio Mercadante<\/a><\/strong>, informou nesta sexta-feira (14) que houve uma grande demanda pela chamada feita pelo banco para a cria\u00e7\u00e3o de fundos de investimento voltados \u00e0 inova\u00e7\u00e3o e descarboniza\u00e7\u00e3o. \u201cTodos os grandes fundos internacionais demonstraram muito interesse\u201d, afirmou.<\/p>\n<p>Segundo ele, foram recebidas 45 propostas, no total de R$ 73,7 bilh\u00f5es, mas que o BNDES vai destinar R$ 5 bilh\u00f5es para esses fundos, al\u00e9m de fiscalizar e acompanhar. \u201cSa\u00edmos de setores tradicionais consolidados, como a agropecu\u00e1ria, ent\u00e3o a perspectiva \u00e9 de grandes fundos de descarboniza\u00e7\u00e3o e economia verde, de energia limpa e inova\u00e7\u00e3o\u201d, explicou Mercadante.<\/p>\n<p>\u201cNossa disposi\u00e7\u00e3o \u00e9 ter no m\u00e1ximo 25% dentro de cada fundo e o mercado, 75%. Esse \u00e9 o modelo que queremos escalar no mercado de capitais\u201d, acrescentou, estimando que devem ser formados entre cinco a seis fundos.<\/p>\n<\/p><\/div>\n<p><br \/>\n<br \/><a href=\"https:\/\/www.canalrural.com.br\/economia\/bndes-mercadante-chamada-para-fundos-inovacao-descarbonizacao-atraiu-r-737-bi\/\">Source link <\/a><\/p>\n","protected":false},"excerpt":{"rendered":"<p>O presidente do Banco Nacional do Desenvolvimento Econ\u00f4mico e Social (BNDES), Aloizio Mercadante, informou nesta sexta-feira (14) que houve uma<\/p>\n","protected":false},"author":1,"featured_media":22172,"comment_status":"open","ping_status":"open","sticky":false,"template":"","format":"standard","meta":{"_monsterinsights_skip_tracking":false,"_monsterinsights_sitenote_active":false,"_monsterinsights_sitenote_note":"","_monsterinsights_sitenote_category":0,"_uf_show_specific_survey":0,"_uf_disable_surveys":false,"footnotes":""},"categories":[1],"tags":[],"class_list":["post-24033","post","type-post","status-publish","format-standard","has-post-thumbnail","hentry","category-news"],"_links":{"self":[{"href":"https:\/\/agromt.news\/index.php?rest_route=\/wp\/v2\/posts\/24033"}],"collection":[{"href":"https:\/\/agromt.news\/index.php?rest_route=\/wp\/v2\/posts"}],"about":[{"href":"https:\/\/agromt.news\/index.php?rest_route=\/wp\/v2\/types\/post"}],"author":[{"embeddable":true,"href":"https:\/\/agromt.news\/index.php?rest_route=\/wp\/v2\/users\/1"}],"replies":[{"embeddable":true,"href":"https:\/\/agromt.news\/index.php?rest_route=%2Fwp%2Fv2%2Fcomments&post=24033"}],"version-history":[{"count":0,"href":"https:\/\/agromt.news\/index.php?rest_route=\/wp\/v2\/posts\/24033\/revisions"}],"wp:featuredmedia":[{"embeddable":true,"href":"https:\/\/agromt.news\/index.php?rest_route=\/wp\/v2\/media\/22172"}],"wp:attachment":[{"href":"https:\/\/agromt.news\/index.php?rest_route=%2Fwp%2Fv2%2Fmedia&parent=24033"}],"wp:term":[{"taxonomy":"category","embeddable":true,"href":"https:\/\/agromt.news\/index.php?rest_route=%2Fwp%2Fv2%2Fcategories&post=24033"},{"taxonomy":"post_tag","embeddable":true,"href":"https:\/\/agromt.news\/index.php?rest_route=%2Fwp%2Fv2%2Ftags&post=24033"}],"curies":[{"name":"wp","href":"https:\/\/api.w.org\/{rel}","templated":true}]}}