{"id":24019,"date":"2025-11-14T09:19:54","date_gmt":"2025-11-14T13:19:54","guid":{"rendered":"https:\/\/agromt.news\/?p=24019"},"modified":"2025-11-14T09:19:54","modified_gmt":"2025-11-14T13:19:54","slug":"onu-pede-reforco-na-seguranca-da-cop30-apos-protesto-na-blue-zone","status":"publish","type":"post","link":"https:\/\/agromt.news\/?p=24019","title":{"rendered":"ONU pede refor\u00e7o na seguran\u00e7a da COP30 ap\u00f3s protesto na Blue Zone"},"content":{"rendered":"<p> <br \/>\n<br \/><img decoding=\"async\" src=\"https:\/\/agromt.news\/wp-content\/uploads\/2025\/11\/ONU-pede-reforco-na-seguranca-da-COP30-apos-protesto-na.jpg\" \/><\/p>\n<div>\n<p>A Organiza\u00e7\u00e3o das Na\u00e7\u00f5es Unidas <a href=\"https:\/\/www.canalrural.com.br\/tag\/onu\/\">(ONU)<\/a> solicitou ao governo federal o refor\u00e7o da seguran\u00e7a na COP30 ap\u00f3s o protesto registrado na ter\u00e7a-feira (11), quando um grupo tentou avan\u00e7ar para a Blue Zone, \u00e1rea reservada \u00e0s negocia\u00e7\u00f5es oficiais da confer\u00eancia em Bel\u00e9m.<\/p>\n<p>A carta foi enviada \u00e0 Casa Civil, respons\u00e1vel pela interlocu\u00e7\u00e3o com a coordena\u00e7\u00e3o do evento. O conte\u00fado n\u00e3o foi divulgado, mas a pasta informou que atende integralmente \u00e0s demandas da ONU.<\/p>\n<h2 class=\"wp-block-heading\" id=\"h-revisao-dos-protocolos-e-novas-medidas-de-controle\"><strong>Revis\u00e3o dos protocolos e novas medidas de controle<\/strong><\/h2>\n<p>A seguran\u00e7a interna da Blue Zone \u00e9 conduzida pelo Departamento das Na\u00e7\u00f5es Unidas para Seguran\u00e7a e Prote\u00e7\u00e3o (UNDSS). O \u00f3rg\u00e3o determina os procedimentos adotados no interior da \u00e1rea e coordena a\u00e7\u00f5es com as for\u00e7as brasileiras.<\/p>\n<p>Ap\u00f3s o protesto, representantes do governo federal, do governo do Par\u00e1 e do UNDSS revisaram os controles existentes nas \u00e1reas classificadas como Laranja e Vermelha, que comp\u00f5em o per\u00edmetro de prote\u00e7\u00e3o da confer\u00eancia. Segundo a Casa Civil, houve reposicionamento das equipes policiais e amplia\u00e7\u00e3o das barreiras.<\/p>\n<p>Entre as mudan\u00e7as realizadas, est\u00e1 o aumento da \u00e1rea intermedi\u00e1ria entre a Blue Zone e a Green Zone. A medida busca diminuir riscos de aglomera\u00e7\u00e3o e impedir tentativas de avan\u00e7o n\u00e3o autorizado. A For\u00e7a Nacional e a Pol\u00edcia Federal passaram a atuar de forma conjunta na Green Zone, respons\u00e1vel por atividades abertas ao p\u00fablico credenciado.<\/p>\n<p>Tamb\u00e9m foram instaladas novas estruturas de conten\u00e7\u00e3o, como gradis e barreiras met\u00e1licas, para refor\u00e7ar pontos considerados vulner\u00e1veis pelas equipes de seguran\u00e7a.<\/p>\n<h2 class=\"wp-block-heading\" id=\"h-manutencao-e-ajustes-na-infraestrutura\"><strong>Manuten\u00e7\u00e3o e ajustes na infraestrutura<\/strong><\/h2>\n<p>A organiza\u00e7\u00e3o da <a href=\"https:\/\/www.canalrural.com.br\/tag\/cop30\/\">COP30<\/a> tamb\u00e9m identificou falhas estruturais durante o evento. Para reduzir o desconforto t\u00e9rmico em tendas e salas, foram instalados novos aparelhos de ar-condicionado, incluindo unidades do modelo sprint. Equipes t\u00e9cnicas corrigiram goteiras ap\u00f3s problemas nas calhas do Media Center e do posto m\u00e9dico.<\/p>\n<h2 class=\"wp-block-heading\" id=\"h-entenda-o-protesto\"><strong>Entenda o protesto<\/strong><\/h2>\n<p>O ato que motivou o pedido da ONU ocorreu no in\u00edcio da noite de ter\u00e7a-feira, quando manifestantes e representantes de povos ind\u00edgenas chegaram aos detectores de metal da entrada principal da Blue Zone. Eles carregavam faixas e bandeiras de coletivos estudantis, mensagens contra a explora\u00e7\u00e3o de petr\u00f3leo e manifesta\u00e7\u00f5es de apoio \u00e0 Palestina.<\/p>\n<p>A equipe de seguran\u00e7a formou cord\u00f5es humanos para impedir o avan\u00e7o. Dois agentes ficaram feridos. Como a Blue Zone \u00e9 considerada territ\u00f3rio sob responsabilidade da ONU, a retirada dos manifestantes foi conduzida diretamente pela organiza\u00e7\u00e3o. Ap\u00f3s o bloqueio inicial, pessoas com credenciais puderam deixar normalmente o pavilh\u00e3o.<\/p>\n<\/p><\/div>\n<p><br \/>\n<br \/><a href=\"https:\/\/www.canalrural.com.br\/cop30\/onu-pede-reforco-na-seguranca-da-cop30-apos-protesto-na-blue-zone\/\">Source link <\/a><\/p>\n","protected":false},"excerpt":{"rendered":"<p>A Organiza\u00e7\u00e3o das Na\u00e7\u00f5es Unidas (ONU) solicitou ao governo federal o refor\u00e7o da seguran\u00e7a na COP30 ap\u00f3s o protesto registrado<\/p>\n","protected":false},"author":1,"featured_media":24020,"comment_status":"open","ping_status":"open","sticky":false,"template":"","format":"standard","meta":{"_monsterinsights_skip_tracking":false,"_monsterinsights_sitenote_active":false,"_monsterinsights_sitenote_note":"","_monsterinsights_sitenote_category":0,"_uf_show_specific_survey":0,"_uf_disable_surveys":false,"footnotes":""},"categories":[1],"tags":[],"class_list":["post-24019","post","type-post","status-publish","format-standard","has-post-thumbnail","hentry","category-news"],"_links":{"self":[{"href":"https:\/\/agromt.news\/index.php?rest_route=\/wp\/v2\/posts\/24019"}],"collection":[{"href":"https:\/\/agromt.news\/index.php?rest_route=\/wp\/v2\/posts"}],"about":[{"href":"https:\/\/agromt.news\/index.php?rest_route=\/wp\/v2\/types\/post"}],"author":[{"embeddable":true,"href":"https:\/\/agromt.news\/index.php?rest_route=\/wp\/v2\/users\/1"}],"replies":[{"embeddable":true,"href":"https:\/\/agromt.news\/index.php?rest_route=%2Fwp%2Fv2%2Fcomments&post=24019"}],"version-history":[{"count":0,"href":"https:\/\/agromt.news\/index.php?rest_route=\/wp\/v2\/posts\/24019\/revisions"}],"wp:featuredmedia":[{"embeddable":true,"href":"https:\/\/agromt.news\/index.php?rest_route=\/wp\/v2\/media\/24020"}],"wp:attachment":[{"href":"https:\/\/agromt.news\/index.php?rest_route=%2Fwp%2Fv2%2Fmedia&parent=24019"}],"wp:term":[{"taxonomy":"category","embeddable":true,"href":"https:\/\/agromt.news\/index.php?rest_route=%2Fwp%2Fv2%2Fcategories&post=24019"},{"taxonomy":"post_tag","embeddable":true,"href":"https:\/\/agromt.news\/index.php?rest_route=%2Fwp%2Fv2%2Ftags&post=24019"}],"curies":[{"name":"wp","href":"https:\/\/api.w.org\/{rel}","templated":true}]}}