{"id":24011,"date":"2025-11-14T07:06:41","date_gmt":"2025-11-14T11:06:41","guid":{"rendered":"https:\/\/agromt.news\/?p=24011"},"modified":"2025-11-14T07:06:41","modified_gmt":"2025-11-14T11:06:41","slug":"avancos-tensoes-e-a-nova-doacao-da-ue-ao-fundo-amazonia","status":"publish","type":"post","link":"https:\/\/agromt.news\/?p=24011","title":{"rendered":"Avan\u00e7os, tens\u00f5es e a nova doa\u00e7\u00e3o da UE ao Fundo Amaz\u00f4nia"},"content":{"rendered":"<p> <br \/>\n<\/p>\n<div>\n<p>O terceiro dia da COP30 foi marcado por um equil\u00edbrio delicado entre boas not\u00edcias e frustra\u00e7\u00f5es. Bel\u00e9m amanheceu com um an\u00fancio relevante, a <a href=\"https:\/\/www.canalrural.com.br\/tag\/uniao-europeia\/\">Uni\u00e3o Europeia<\/a> confirmou uma nova doa\u00e7\u00e3o ao <strong>Fundo Amaz\u00f4nia<\/strong>, refor\u00e7ando a parceria com o Brasil e a prioridade internacional da floresta. O gesto tem forte peso simb\u00f3lico e diplom\u00e1tico e d\u00e1 ao pa\u00eds mais margem nas negocia\u00e7\u00f5es, ao mesmo tempo em que aumenta a cobran\u00e7a por resultados concretos.<\/p>\n<p>A confer\u00eancia tamb\u00e9m apresentou a <em>Global Initiative on Jobs &amp; Skills for the New Economy<\/em>, que pretende formar profissionais para a economia verde e projeta at\u00e9 375 milh\u00f5es de novos empregos na pr\u00f3xima d\u00e9cada. \u00c9 a COP tentando deixar de ser um palco de metas abstratas para se tornar um espa\u00e7o de constru\u00e7\u00e3o de capacidades reais.<\/p>\n<p>Mas a realidade rapidamente mostrou seus limites.\u00a0Apesar da boa vontade pol\u00edtica, o financiamento clim\u00e1tico continua travado. Programas essenciais, como os ligados \u00e0 sa\u00fade e adapta\u00e7\u00e3o clim\u00e1tica, seguem sem os recursos necess\u00e1rios, revelando que o mundo ainda hesita em abrir o cofre na escala que o problema exige. <\/p>\n<p>Ao mesmo tempo, um protesto de ind\u00edgenas que romperam barreiras de seguran\u00e7a e entraram na zona azul exp\u00f4s um ponto sens\u00edvel, a sensa\u00e7\u00e3o de exclus\u00e3o das decis\u00f5es que impactam seus territ\u00f3rios. O ato foi pac\u00edfico, mas simb\u00f3lico, e deixou claro que inclus\u00e3o n\u00e3o pode ser apenas ret\u00f3rica.<\/p>\n<p>Para o Brasil, o dia refor\u00e7ou duas mensagens centrais.\u00a0A primeira \u00e9 que a Amaz\u00f4nia se consolida como ativo geopol\u00edtico estrat\u00e9gico. A segunda \u00e9 que a press\u00e3o internacional por resultados, transpar\u00eancia e governan\u00e7a ser\u00e1 cada vez maior.\u00a0Para o setor produtivo, o recado tamb\u00e9m \u00e9 evidente: cadeias agropecu\u00e1rias, industriais e de bioenergia ter\u00e3o de incorporar novas tecnologias, rastreabilidade e pr\u00e1ticas de baixa emiss\u00e3o, porque a economia verde deixou de ser tend\u00eancia e se tornou requisito de mercado.<\/p>\n<p>Mesmo com sinais positivos, o saldo do dia mostra que a COP30 ainda vive entre o mundo das promessas, cheio de an\u00fancios e metas, e o da pr\u00e1tica, limitado por conflitos sociais, disputas territoriais e escassez de recursos.\u00a0A transi\u00e7\u00e3o clim\u00e1tica est\u00e1 avan\u00e7ando, mas ainda n\u00e3o no ritmo que o planeta exige.<\/p>\n<div class=\"wp-block-media-text is-stacked-on-mobile\">\n<figure class=\"wp-block-media-text__media\"><img fetchpriority=\"high\" decoding=\"async\" width=\"683\" height=\"1024\" alt=\"Miguel Daoud\" class=\"wp-image-4095706 size-full\"  data-lazy- src=\"https:\/\/agromt.news\/wp-content\/uploads\/2025\/04\/Como-guerras-e-crises-moldaram-o-preco-das-commodities-nos.jpg\"\/><img decoding=\"async\" width=\"683\" height=\"1024\" src=\"https:\/\/agromt.news\/wp-content\/uploads\/2025\/04\/Como-guerras-e-crises-moldaram-o-preco-das-commodities-nos.jpg\" alt=\"Miguel Daoud\" class=\"wp-image-4095706 size-full\"  \/><\/figure>\n<div class=\"wp-block-media-text__content\">\n<p class=\"has-text-align-center\">*<em><strong>Miguel Daoud<\/strong>\u00a0\u00e9 comentarista de Economia e Pol\u00edtica\u00a0do Canal Rural<\/em><\/p>\n<\/div>\n<\/div>\n<hr class=\"wp-block-separator has-alpha-channel-opacity\"\/>\n<p><em>O\u00a0<strong>Canal Rural<\/strong>\u00a0n\u00e3o se responsabiliza pelas opini\u00f5es e conceitos emitidos nos textos desta sess\u00e3o, sendo os conte\u00fados de inteira responsabilidade de seus autores. A empresa se reserva o direito de fazer ajustes no texto para adequa\u00e7\u00e3o \u00e0s normas de publica\u00e7\u00e3o.<\/em><\/p>\n<\/p><\/div>\n<p><br \/>\n<br \/><a href=\"https:\/\/www.canalrural.com.br\/opiniao-noticias\/cop30-avancos-tensoes-e-a-nova-doacao-da-ue-ao-fundo-amazonia\/\">Source link <\/a><\/p>\n","protected":false},"excerpt":{"rendered":"<p>O terceiro dia da COP30 foi marcado por um equil\u00edbrio delicado entre boas not\u00edcias e frustra\u00e7\u00f5es. Bel\u00e9m amanheceu com um<\/p>\n","protected":false},"author":1,"featured_media":24012,"comment_status":"open","ping_status":"open","sticky":false,"template":"","format":"standard","meta":{"_monsterinsights_skip_tracking":false,"_monsterinsights_sitenote_active":false,"_monsterinsights_sitenote_note":"","_monsterinsights_sitenote_category":0,"_uf_show_specific_survey":0,"_uf_disable_surveys":false,"footnotes":""},"categories":[1],"tags":[],"class_list":["post-24011","post","type-post","status-publish","format-standard","has-post-thumbnail","hentry","category-news"],"_links":{"self":[{"href":"https:\/\/agromt.news\/index.php?rest_route=\/wp\/v2\/posts\/24011"}],"collection":[{"href":"https:\/\/agromt.news\/index.php?rest_route=\/wp\/v2\/posts"}],"about":[{"href":"https:\/\/agromt.news\/index.php?rest_route=\/wp\/v2\/types\/post"}],"author":[{"embeddable":true,"href":"https:\/\/agromt.news\/index.php?rest_route=\/wp\/v2\/users\/1"}],"replies":[{"embeddable":true,"href":"https:\/\/agromt.news\/index.php?rest_route=%2Fwp%2Fv2%2Fcomments&post=24011"}],"version-history":[{"count":0,"href":"https:\/\/agromt.news\/index.php?rest_route=\/wp\/v2\/posts\/24011\/revisions"}],"wp:featuredmedia":[{"embeddable":true,"href":"https:\/\/agromt.news\/index.php?rest_route=\/wp\/v2\/media\/24012"}],"wp:attachment":[{"href":"https:\/\/agromt.news\/index.php?rest_route=%2Fwp%2Fv2%2Fmedia&parent=24011"}],"wp:term":[{"taxonomy":"category","embeddable":true,"href":"https:\/\/agromt.news\/index.php?rest_route=%2Fwp%2Fv2%2Fcategories&post=24011"},{"taxonomy":"post_tag","embeddable":true,"href":"https:\/\/agromt.news\/index.php?rest_route=%2Fwp%2Fv2%2Ftags&post=24011"}],"curies":[{"name":"wp","href":"https:\/\/api.w.org\/{rel}","templated":true}]}}