{"id":24010,"date":"2025-11-14T06:53:50","date_gmt":"2025-11-14T10:53:50","guid":{"rendered":"https:\/\/agromt.news\/?p=24010"},"modified":"2025-11-14T06:53:50","modified_gmt":"2025-11-14T10:53:50","slug":"milho-deve-manter-estabilidade-com-demanda-interna-firme","status":"publish","type":"post","link":"https:\/\/agromt.news\/?p=24010","title":{"rendered":"Milho deve manter estabilidade com demanda interna firme"},"content":{"rendered":"<p> <br \/>\n<\/p>\n<div>\n<div class=\"row\">\n<div class=\"col-lg col-infos mt-0 mt-lg-0\">\n<div class=\"container\">\n<div class=\"row\">\n<div class=\"col-lg p-0\">\n<div>\n<div class=\"block-news-main-infos mt-3 text-start\">\n<p>                                            <strong class=\"fn\" itemprop=\"author\" style=\"color: rgb(112, 112, 112); \">&#13;<br \/>\n                                                <a href=\"https:\/\/www.agrolink.com.br\/noticias\/javascript:;\" class=\"text-uppercase\" target=\"_blank\" style=\"color: rgb(112, 112, 112); \" rel=\"noopener\">Agrolink<\/a>&#13;<br \/>\n&#13;<br \/>\n                                                    &#8211; Seane Lennon&#13;<br \/>\n&#13;<br \/>\n                                            <\/strong><br \/>\n                                        <\/p>\n<p>                                            <abbr><time datetime=\"2025 - 11 - 12T15:19\" itemprop=\"datePublished dateModified\"> Publicado em 12\/11\/2025 \u00e0s 15:19h.<\/time><\/abbr>\n                                    <\/div>\n<\/p><\/div>\n<\/p><\/div>\n<div class=\"col-lg p-0 text-lg-end\">\n<div>\n<div id=\"mdEnviarPagina\" class=\"modal fade\" role=\"dialog\">\n<div class=\"modal-dialog\">\n<div class=\"modal-content\">\n<div class=\"modal-body\">\n<p><strong>Estimado usu\u00e1rio.<\/strong><br \/>Preencha o formul\u00e1rio abaixo para remeter a p\u00e1gina.<\/p>\n<\/p><\/div>\n<\/p><\/div>\n<\/p><\/div>\n<\/div><\/div>\n<\/p><\/div>\n<\/p><\/div>\n<\/p><\/div>\n<\/p><\/div>\n<\/p><\/div>\n<div class=\"row justify-content-md-center mt-3\">\n<div class=\"col-lg-auto col-image block-news-main-image\">\n<p>                                <img decoding=\"async\" src=\"https:\/\/www.agrolink.com.br\/upload\/imagens-resizes\/fcafe5a6d3bc4df389d7a06b00ed6d52_858x483.jpg\" class=\"lazyload img-fluid\"\/><br \/>\n                                                <span class=\"publicity-photo d-block mt-1\">Foto: Agrolink<\/span><\/p><\/div>\n<\/p><\/div>\n<div class=\"section-description section-description-noticias mt-3\">\n<p style=\"text-align:justify\">Segundo an\u00e1lise divulgada pela Gr\u00e3o Direto na segunda-feira (10), o mercado interno de <a href=\"https:\/\/www.agrolink.com.br\/culturas\/milho?utm_source=agrolink-detalhe-noticia&amp;utm_medium=detalhe-noticia&amp;utm_campaign=links-internos&#9;\" target=\"_blank\" rel=\"noopener\">milho<\/a> come\u00e7a a reagir ao atraso no plantio da <a href=\"https:\/\/www.agrolink.com.br\/culturas\/soja?utm_source=agrolink-detalhe-noticia&amp;utm_medium=detalhe-noticia&amp;utm_campaign=links-internos\" target=\"_blank\" rel=\"noopener\">soja<\/a>, considerado um fator de risco relevante para o setor. De acordo com o especialista da plataforma, \u201ca irregularidade das chuvas at\u00e9 a primeira quinzena de novembro tem afetado o calend\u00e1rio da soja e pode reduzir parte da produ\u00e7\u00e3o do milho safrinha na janela ideal de cultivo no Centro-Oeste\u201d. A avalia\u00e7\u00e3o aponta que essa mudan\u00e7a j\u00e1 come\u00e7a a influenciar as expectativas sobre a \u00e1rea plantada da segunda safra, com poss\u00edveis impactos na oferta futura.&#13;\n<\/p>\n<p style=\"text-align:justify\">O levantamento tamb\u00e9m destacou que as exporta\u00e7\u00f5es brasileiras de milho continuam abaixo do esperado, uma vez que grande parte da produ\u00e7\u00e3o tem sido destinada ao mercado interno. \u201cA forte demanda das ind\u00fastrias de etanol e de prote\u00edna animal tem sustentado os pre\u00e7os, garantindo estabilidade nas cota\u00e7\u00f5es\u201d, informou o especialista. Ainda segundo ele, diante desse cen\u00e1rio, os produtores t\u00eam adotado uma postura cautelosa nas vendas, optando por comercializa\u00e7\u00f5es graduais e aproveitando o consumo interno aquecido enquanto aguardam condi\u00e7\u00f5es mais favor\u00e1veis no mercado externo.<\/p>\n<p style=\"text-align:justify\">No cen\u00e1rio internacional, o relat\u00f3rio observou que os Estados Unidos seguem ampliando suas exporta\u00e7\u00f5es de milho, com embarques expressivos para pa\u00edses como M\u00e9xico, Coreia do Sul e Jap\u00e3o. Essa movimenta\u00e7\u00e3o, segundo a Gr\u00e3o Direto, \u201crefor\u00e7a a competitividade do milho norte-americano e mant\u00e9m o mercado global bem abastecido\u201d, o que limita avan\u00e7os mais significativos nas cota\u00e7\u00f5es internacionais no curto prazo. Para o Brasil, isso representa um desafio adicional, considerando o c\u00e2mbio pressionado e os custos internos ainda elevados.&#13;\n<\/p>\n<p style=\"text-align:justify\">A an\u00e1lise concluiu que o mercado de milho deve permanecer est\u00e1vel no curto prazo. \u201cA demanda interna firme ajuda a sustentar os pre\u00e7os, mesmo com exporta\u00e7\u00f5es fracas e press\u00e3o vinda dos embarques norte-americanos\u201d, avaliou o especialista. Para a semana, a expectativa \u00e9 de pre\u00e7os lateralizados, com possibilidade de leve alta em algumas regi\u00f5es caso os produtores mantenham o ritmo lento de vendas.<\/p>\n<\/p><\/div>\n<\/p><\/div>\n<p><script data-cfasync=\"false\">\n    !function (f, b, e, v, n, t, s) {\n        if (f.fbq) return; n = f.fbq = function () {\n            n.callMethod ?\n                n.callMethod.apply(n, arguments) : n.queue.push(arguments)\n        };\n        if (!f._fbq) f._fbq = n; n.push = n; n.loaded = !0; n.version = '2.0';\n        n.queue = []; t = b.createElement(e); t.async = !0;\n        t.src = v; s = b.getElementsByTagName(e)[0];\n        s.parentNode.insertBefore(t, s)\n    }(window, document, 'script',\n        'https:\/\/connect.facebook.net\/en_US\/fbevents.js');\n    fbq('init', '522546078623747');\n    fbq('track', 'PageView');\n<\/script><br \/>\n<br \/><br \/>\n<br \/><a href=\"https:\/\/www.agrolink.com.br\/noticias\/milho-deve-manter-estabilidade-com-demanda-interna-firme_507972.html\">Source link <\/a><\/p>\n","protected":false},"excerpt":{"rendered":"<p>&#13; Agrolink&#13; &#13; &#8211; Seane Lennon&#13; &#13; Publicado em 12\/11\/2025 \u00e0s 15:19h. Estimado usu\u00e1rio.Preencha o formul\u00e1rio abaixo para remeter a<\/p>\n","protected":false},"author":1,"featured_media":2992,"comment_status":"open","ping_status":"open","sticky":false,"template":"","format":"standard","meta":{"_monsterinsights_skip_tracking":false,"_monsterinsights_sitenote_active":false,"_monsterinsights_sitenote_note":"","_monsterinsights_sitenote_category":0,"_uf_show_specific_survey":0,"_uf_disable_surveys":false,"footnotes":""},"categories":[8,1,14],"tags":[],"class_list":["post-24010","post","type-post","status-publish","format-standard","has-post-thumbnail","hentry","category-agro","category-news","category-politica-agro"],"_links":{"self":[{"href":"https:\/\/agromt.news\/index.php?rest_route=\/wp\/v2\/posts\/24010"}],"collection":[{"href":"https:\/\/agromt.news\/index.php?rest_route=\/wp\/v2\/posts"}],"about":[{"href":"https:\/\/agromt.news\/index.php?rest_route=\/wp\/v2\/types\/post"}],"author":[{"embeddable":true,"href":"https:\/\/agromt.news\/index.php?rest_route=\/wp\/v2\/users\/1"}],"replies":[{"embeddable":true,"href":"https:\/\/agromt.news\/index.php?rest_route=%2Fwp%2Fv2%2Fcomments&post=24010"}],"version-history":[{"count":0,"href":"https:\/\/agromt.news\/index.php?rest_route=\/wp\/v2\/posts\/24010\/revisions"}],"wp:featuredmedia":[{"embeddable":true,"href":"https:\/\/agromt.news\/index.php?rest_route=\/wp\/v2\/media\/2992"}],"wp:attachment":[{"href":"https:\/\/agromt.news\/index.php?rest_route=%2Fwp%2Fv2%2Fmedia&parent=24010"}],"wp:term":[{"taxonomy":"category","embeddable":true,"href":"https:\/\/agromt.news\/index.php?rest_route=%2Fwp%2Fv2%2Fcategories&post=24010"},{"taxonomy":"post_tag","embeddable":true,"href":"https:\/\/agromt.news\/index.php?rest_route=%2Fwp%2Fv2%2Ftags&post=24010"}],"curies":[{"name":"wp","href":"https:\/\/api.w.org\/{rel}","templated":true}]}}