{"id":24006,"date":"2025-11-14T02:46:59","date_gmt":"2025-11-14T06:46:59","guid":{"rendered":"https:\/\/agromt.news\/?p=24006"},"modified":"2025-11-14T02:46:59","modified_gmt":"2025-11-14T06:46:59","slug":"preco-do-boi-sobe-em-goias-e-vaca-valoriza-em-sao-paulo","status":"publish","type":"post","link":"https:\/\/agromt.news\/?p=24006","title":{"rendered":"Pre\u00e7o do boi sobe em Goi\u00e1s e vaca valoriza em S\u00e3o Paulo"},"content":{"rendered":"<p> <br \/>\n<\/p>\n<div>\n<div class=\"row\">\n<div class=\"col-lg col-infos mt-0 mt-lg-0\">\n<div class=\"section-sub-title\">\n<p itemprop=\"description\">&#13;<br \/>\n                                Vaca tem alta de R$ 4 em S\u00e3o Paulo&#13;\n                            <\/p>\n<\/p><\/div>\n<div class=\"container\">\n<div class=\"row\">\n<div class=\"col-lg p-0\">\n<div>\n<div class=\"block-news-main-infos mt-3 text-start\">\n<p>                                            <strong class=\"fn\" itemprop=\"author\" style=\"color: rgb(112, 112, 112); \">&#13;<br \/>\n                                                <a href=\"https:\/\/www.agrolink.com.br\/noticias\/javascript:;\" class=\"text-uppercase\" target=\"_blank\" style=\"color: rgb(112, 112, 112); \" rel=\"noopener\">Agrolink<\/a>&#13;<br \/>\n&#13;<br \/>\n                                                    &#8211; Seane Lennon&#13;<br \/>\n&#13;<br \/>\n                                            <\/strong><br \/>\n                                        <\/p>\n<p>                                            <abbr><time datetime=\"2025 - 11 - 12T15:39\" itemprop=\"datePublished dateModified\"> Publicado em 12\/11\/2025 \u00e0s 15:39h.<\/time><\/abbr>\n                                    <\/div>\n<\/p><\/div>\n<\/p><\/div>\n<div class=\"col-lg p-0 text-lg-end\">\n<div>\n<div id=\"mdEnviarPagina\" class=\"modal fade\" role=\"dialog\">\n<div class=\"modal-dialog\">\n<div class=\"modal-content\">\n<div class=\"modal-body\">\n<p><strong>Estimado usu\u00e1rio.<\/strong><br \/>Preencha o formul\u00e1rio abaixo para remeter a p\u00e1gina.<\/p>\n<\/p><\/div>\n<\/p><\/div>\n<\/p><\/div>\n<\/div><\/div>\n<\/p><\/div>\n<\/p><\/div>\n<\/p><\/div>\n<\/p><\/div>\n<\/p><\/div>\n<div class=\"row justify-content-md-center mt-3\">\n<div class=\"col-lg-auto col-image block-news-main-image\">\n<p>                                <img decoding=\"async\" src=\"https:\/\/www.agrolink.com.br\/upload\/imagens-resizes\/c4de97f55a36443793533446276d6dcb_858x483.jpg\" class=\"lazyload img-fluid\"\/><br \/>\n                                                <span class=\"publicity-photo d-block mt-1\">Foto: Sheila Flores<\/span><\/p><\/div>\n<\/p><\/div>\n<div class=\"section-description section-description-noticias mt-3\">\n<p style=\"text-align:justify\">De acordo com an\u00e1lise divulgada nesta quarta-feira (12) no informativo Tem Boi na Linha, da Scot Consultoria, o mercado do boi gordo registrou alta na cota\u00e7\u00e3o da vaca em S\u00e3o Paulo. Segundo o levantamento, \u201cas escalas de abate dos frigor\u00edficos de pequeno porte estavam curtas e, mesmo com alongamento nos grandes frigor\u00edficos nos \u00faltimos dias, tamb\u00e9m permaneciam reduzidas\u201d.&#13;\n<\/p>\n<p style=\"text-align:justify\">A consultoria destacou ainda que a maior parte dos neg\u00f3cios com boi gordo e novilha ocorreu dentro das refer\u00eancias, mas foram observadas negocia\u00e7\u00f5es acima desses valores. Para a vaca, a maioria das opera\u00e7\u00f5es ficou acima da refer\u00eancia, com aumento de R$ 4,00 por arroba. As escalas de abate no estado atendiam, em m\u00e9dia, a oito dias.&#13;\n<\/p>\n<p style=\"text-align:justify\">Em Goi\u00e1s, a Scot Consultoria apontou que as escalas de abate tamb\u00e9m estavam curtas, reflexo de uma oferta limitada. \u201cPara garantir as boiadas, os compradores precisaram pagar mais pela arroba\u201d, informou o boletim. Apesar disso, o ritmo de escoamento da carne diminuiu, o que impediu altas mais expressivas. Ainda assim, as cota\u00e7\u00f5es de todas as categorias tiveram eleva\u00e7\u00e3o de R$ 5,00 por arroba. As escalas de abate no estado atendiam, em m\u00e9dia, a oito dias.&#13;\n<\/p>\n<p style=\"text-align:justify\">Na regi\u00e3o Sul, os pre\u00e7os permaneceram est\u00e1veis em rela\u00e7\u00e3o ao dia anterior, com as escalas de abate m\u00e9dias igualmente estimadas em oito dias.<\/p>\n<p style=\"text-align:justify\">No Maranh\u00e3o, o informativo indicou cen\u00e1rio de baixa oferta de animais, mas sem altera\u00e7\u00f5es nas refer\u00eancias de pre\u00e7os. As escalas de abate no estado tamb\u00e9m estavam, em m\u00e9dia, programadas para oito dias.<\/p>\n<\/p><\/div>\n<\/p><\/div>\n<p><script data-cfasync=\"false\">\n    !function (f, b, e, v, n, t, s) {\n        if (f.fbq) return; n = f.fbq = function () {\n            n.callMethod ?\n                n.callMethod.apply(n, arguments) : n.queue.push(arguments)\n        };\n        if (!f._fbq) f._fbq = n; n.push = n; n.loaded = !0; n.version = '2.0';\n        n.queue = []; t = b.createElement(e); t.async = !0;\n        t.src = v; s = b.getElementsByTagName(e)[0];\n        s.parentNode.insertBefore(t, s)\n    }(window, document, 'script',\n        'https:\/\/connect.facebook.net\/en_US\/fbevents.js');\n    fbq('init', '522546078623747');\n    fbq('track', 'PageView');\n<\/script><br \/>\n<br \/><br \/>\n<br \/><a href=\"https:\/\/www.agrolink.com.br\/noticias\/mercado-do-boi-tem-alta-em-sao-paulo-e-goias_507974.html\">Source link <\/a><\/p>\n","protected":false},"excerpt":{"rendered":"<p>&#13; Vaca tem alta de R$ 4 em S\u00e3o Paulo&#13; &#13; Agrolink&#13; &#13; &#8211; Seane Lennon&#13; &#13; Publicado em 12\/11\/2025<\/p>\n","protected":false},"author":1,"featured_media":3890,"comment_status":"open","ping_status":"open","sticky":false,"template":"","format":"standard","meta":{"_monsterinsights_skip_tracking":false,"_monsterinsights_sitenote_active":false,"_monsterinsights_sitenote_note":"","_monsterinsights_sitenote_category":0,"_uf_show_specific_survey":0,"_uf_disable_surveys":false,"footnotes":""},"categories":[8,1,14],"tags":[],"class_list":["post-24006","post","type-post","status-publish","format-standard","has-post-thumbnail","hentry","category-agro","category-news","category-politica-agro"],"_links":{"self":[{"href":"https:\/\/agromt.news\/index.php?rest_route=\/wp\/v2\/posts\/24006"}],"collection":[{"href":"https:\/\/agromt.news\/index.php?rest_route=\/wp\/v2\/posts"}],"about":[{"href":"https:\/\/agromt.news\/index.php?rest_route=\/wp\/v2\/types\/post"}],"author":[{"embeddable":true,"href":"https:\/\/agromt.news\/index.php?rest_route=\/wp\/v2\/users\/1"}],"replies":[{"embeddable":true,"href":"https:\/\/agromt.news\/index.php?rest_route=%2Fwp%2Fv2%2Fcomments&post=24006"}],"version-history":[{"count":0,"href":"https:\/\/agromt.news\/index.php?rest_route=\/wp\/v2\/posts\/24006\/revisions"}],"wp:featuredmedia":[{"embeddable":true,"href":"https:\/\/agromt.news\/index.php?rest_route=\/wp\/v2\/media\/3890"}],"wp:attachment":[{"href":"https:\/\/agromt.news\/index.php?rest_route=%2Fwp%2Fv2%2Fmedia&parent=24006"}],"wp:term":[{"taxonomy":"category","embeddable":true,"href":"https:\/\/agromt.news\/index.php?rest_route=%2Fwp%2Fv2%2Fcategories&post=24006"},{"taxonomy":"post_tag","embeddable":true,"href":"https:\/\/agromt.news\/index.php?rest_route=%2Fwp%2Fv2%2Ftags&post=24006"}],"curies":[{"name":"wp","href":"https:\/\/api.w.org\/{rel}","templated":true}]}}