{"id":24005,"date":"2025-11-14T00:14:21","date_gmt":"2025-11-14T04:14:21","guid":{"rendered":"https:\/\/agromt.news\/?p=24005"},"modified":"2025-11-14T00:14:21","modified_gmt":"2025-11-14T04:14:21","slug":"cnc-cobra-fim-de-tarifa-e-ve-avanco","status":"publish","type":"post","link":"https:\/\/agromt.news\/?p=24005","title":{"rendered":"CNC cobra fim de tarifa e v\u00ea avan\u00e7o"},"content":{"rendered":"<p> <br \/>\n<\/p>\n<div>\n<div class=\"row\">\n<div class=\"col-lg col-infos mt-0 mt-lg-0\">\n<div class=\"section-sub-title\">\n<p itemprop=\"description\">&#13;<br \/>\n                                CNC evita confronto pol\u00edtico em busca de equil\u00edbrio comercial&#13;\n                            <\/p>\n<\/p><\/div>\n<div class=\"container\">\n<div class=\"row\">\n<div class=\"col-lg p-0\">\n<div>\n<div class=\"block-news-main-infos mt-3 text-start\">\n<p>                                            <strong class=\"fn\" itemprop=\"author\" style=\"color: rgb(112, 112, 112); \">&#13;<br \/>\n                                                <a href=\"https:\/\/www.agrolink.com.br\/noticias\/javascript:;\" class=\"text-uppercase\" target=\"_blank\" style=\"color: rgb(112, 112, 112); \" rel=\"noopener\">Agrolink<\/a>&#13;<br \/>\n&#13;<br \/>\n                                                    &#8211; Aline Merladete&#13;<br \/>\n&#13;<br \/>\n                                            <\/strong><br \/>\n                                        <\/p>\n<p>                                            <abbr><time datetime=\"2025 - 11 - 12T15:56\" itemprop=\"datePublished dateModified\"> Publicado em 12\/11\/2025 \u00e0s 15:56h.<\/time><\/abbr>\n                                    <\/div>\n<\/p><\/div>\n<\/p><\/div>\n<div class=\"col-lg p-0 text-lg-end\">\n<div>\n<div id=\"mdEnviarPagina\" class=\"modal fade\" role=\"dialog\">\n<div class=\"modal-dialog\">\n<div class=\"modal-content\">\n<div class=\"modal-body\">\n<p><strong>Estimado usu\u00e1rio.<\/strong><br \/>Preencha o formul\u00e1rio abaixo para remeter a p\u00e1gina.<\/p>\n<\/p><\/div>\n<\/p><\/div>\n<\/p><\/div>\n<\/div><\/div>\n<\/p><\/div>\n<\/p><\/div>\n<\/p><\/div>\n<\/p><\/div>\n<\/p><\/div>\n<div class=\"row justify-content-md-center mt-3\">\n<div class=\"col-lg-auto col-image block-news-main-image\">\n<p>                                <img decoding=\"async\" src=\"https:\/\/www.agrolink.com.br\/upload\/imagens-resizes\/6f79f7d477234d9e8de03d573829fb9a_858x483.jpg\" class=\"lazyload img-fluid\"\/><br \/>\n                                                <span class=\"publicity-photo d-block mt-1\">Foto: Pixabay<\/span><\/p><\/div>\n<\/p><\/div>\n<div class=\"section-description section-description-noticias mt-3\">\n<p style=\"text-align:justify\">O Conselho Nacional do Caf\u00e9 (CNC) divulgou nota oficial refor\u00e7ando os esfor\u00e7os diplom\u00e1ticos para reverter a tarifa imposta ao caf\u00e9 brasileiro nos Estados Unidos. A entidade, que representa cooperativas e produtores do setor, alertou que a medida afeta tanto a produ\u00e7\u00e3o e as exporta\u00e7\u00f5es do Brasil quanto o abastecimento americano, uma vez que o caf\u00e9 n\u00e3o \u00e9 cultivado naquele pa\u00eds.&#13;\n<\/p>\n<p style=\"text-align:justify\">Ainda segundo a nota, o CNC buscou todos os contatos poss\u00edveis com autoridades norte-americanas, sempre destacando os riscos econ\u00f4micos de se manter a taxa\u00e7\u00e3o sobre uma commodity essencial ao consumidor final.<\/p>\n<p style=\"text-align:justify\">A entidade tamb\u00e9m atuou internamente, ao lado do Governo Federal, orientando que houvesse cautela nas declara\u00e7\u00f5es oficiais \u2014 inclusive nas do pr\u00f3prio Presidente da Rep\u00fablica \u2014 para evitar um confronto pol\u00edtico entre os pa\u00edses. \u201cTodas as partes sairiam prejudicadas\u201d, afirma o presidente do CNC, Silas Brasileiro, na nota.&#13;\n<\/p>\n<p style=\"text-align:justify\">O CNC mencionou como sinal positivo a manifesta\u00e7\u00e3o do Secret\u00e1rio do Tesouro dos Estados Unidos, Scott Bessent, que reconheceu que o governo americano n\u00e3o pode mais adiar a decis\u00e3o sobre a retirada da tarifa. Segundo ele, a penaliza\u00e7\u00e3o afeta diretamente os consumidores americanos, o que n\u00e3o seria o caminho ideal.&#13;\n<\/p>\n<p style=\"text-align:justify\">\u201cContinuamos acreditando que, em breve, teremos o resultado esperado, ou seja, a desonera\u00e7\u00e3o de algumas culturas produzidas no Brasil e amplamente consumidas no mercado americano, dentre elas, o caf\u00e9\u201d, conclui Silas Brasileiro na nota oficial.<\/p>\n<\/p><\/div>\n<\/p><\/div>\n<p><script data-cfasync=\"false\">\n    !function (f, b, e, v, n, t, s) {\n        if (f.fbq) return; n = f.fbq = function () {\n            n.callMethod ?\n                n.callMethod.apply(n, arguments) : n.queue.push(arguments)\n        };\n        if (!f._fbq) f._fbq = n; n.push = n; n.loaded = !0; n.version = '2.0';\n        n.queue = []; t = b.createElement(e); t.async = !0;\n        t.src = v; s = b.getElementsByTagName(e)[0];\n        s.parentNode.insertBefore(t, s)\n    }(window, document, 'script',\n        'https:\/\/connect.facebook.net\/en_US\/fbevents.js');\n    fbq('init', '522546078623747');\n    fbq('track', 'PageView');\n<\/script><br \/>\n<br \/><br \/>\n<br \/><a href=\"https:\/\/www.agrolink.com.br\/noticias\/cafe-brasileiro-pode-ser-desonerado-nos-eua--cnc-cobra-fim-de-tarifa-e-ve-avanco_507975.html\">Source link <\/a><\/p>\n","protected":false},"excerpt":{"rendered":"<p>&#13; CNC evita confronto pol\u00edtico em busca de equil\u00edbrio comercial&#13; &#13; Agrolink&#13; &#13; &#8211; Aline Merladete&#13; &#13; Publicado em 12\/11\/2025<\/p>\n","protected":false},"author":1,"featured_media":2685,"comment_status":"open","ping_status":"open","sticky":false,"template":"","format":"standard","meta":{"_monsterinsights_skip_tracking":false,"_monsterinsights_sitenote_active":false,"_monsterinsights_sitenote_note":"","_monsterinsights_sitenote_category":0,"_uf_show_specific_survey":0,"_uf_disable_surveys":false,"footnotes":""},"categories":[8,1,14],"tags":[],"class_list":["post-24005","post","type-post","status-publish","format-standard","has-post-thumbnail","hentry","category-agro","category-news","category-politica-agro"],"_links":{"self":[{"href":"https:\/\/agromt.news\/index.php?rest_route=\/wp\/v2\/posts\/24005"}],"collection":[{"href":"https:\/\/agromt.news\/index.php?rest_route=\/wp\/v2\/posts"}],"about":[{"href":"https:\/\/agromt.news\/index.php?rest_route=\/wp\/v2\/types\/post"}],"author":[{"embeddable":true,"href":"https:\/\/agromt.news\/index.php?rest_route=\/wp\/v2\/users\/1"}],"replies":[{"embeddable":true,"href":"https:\/\/agromt.news\/index.php?rest_route=%2Fwp%2Fv2%2Fcomments&post=24005"}],"version-history":[{"count":0,"href":"https:\/\/agromt.news\/index.php?rest_route=\/wp\/v2\/posts\/24005\/revisions"}],"wp:featuredmedia":[{"embeddable":true,"href":"https:\/\/agromt.news\/index.php?rest_route=\/wp\/v2\/media\/2685"}],"wp:attachment":[{"href":"https:\/\/agromt.news\/index.php?rest_route=%2Fwp%2Fv2%2Fmedia&parent=24005"}],"wp:term":[{"taxonomy":"category","embeddable":true,"href":"https:\/\/agromt.news\/index.php?rest_route=%2Fwp%2Fv2%2Fcategories&post=24005"},{"taxonomy":"post_tag","embeddable":true,"href":"https:\/\/agromt.news\/index.php?rest_route=%2Fwp%2Fv2%2Ftags&post=24005"}],"curies":[{"name":"wp","href":"https:\/\/api.w.org\/{rel}","templated":true}]}}